{"id":12683,"date":"2019-10-08T18:11:55","date_gmt":"2019-10-08T18:11:55","guid":{"rendered":"https:\/\/redsemlac.com\/semmexico\/?p=12683"},"modified":"2023-07-21T15:12:00","modified_gmt":"2023-07-21T20:12:00","slug":"la-directora-de-orquesta-una-nueva-pelicula-de-la-vida-de-antonia-brico","status":"publish","type":"post","link":"https:\/\/redsemlac.com\/semmexico\/la-directora-de-orquesta-una-nueva-pelicula-de-la-vida-de-antonia-brico\/","title":{"rendered":"\u00abLa directora de orquesta\u00bb: una nueva pel\u00edcula de la vida de Antonia Brico"},"content":{"rendered":"\n<p class=\"wp-block-paragraph\"><strong>Roc\u00edo Cabello Blanes<\/strong><\/p>\n\n\n\n<p class=\"wp-block-paragraph\">SemM\u00e9xico\/ AmecoPress. Madrid, 08 oct. 19. El 4 de octubre se estren\u00f3 en los cines espa\u00f1oles la pel\u00edcula \u201cLa directora de orquesta\u201d, dirigida por la holandesa Maria Peters y protagonizada por Christanne de Bruijn, Benjamin Wainwraight y Scott Turner Schofield.<\/p>\n\n\n\n<p class=\"wp-block-paragraph\">El largometraje cuenta la historia real de Antonia Brico, la primera mujer directora de orquesta con reconocimiento, y la primera en dirigir la Orquesta Sinf\u00f3nica de Berl\u00edn, adem\u00e1s de crear la Orquesta de Mujeres de Nueva York. La joven descubre que su vocaci\u00f3n en la vida es ser directora y no para hasta lograrlo. Peters describe este viaje personal como la \u201ctransformaci\u00f3n de la autonegaci\u00f3n al autoreconocimiento. De imposible a posible\u201d.<\/p>\n\n\n\n<p class=\"wp-block-paragraph\">La pel\u00edcula muestra tambi\u00e9n los dramas vitales de Antonia, una joven de origen holand\u00e9s que emigra con su familia a EEUU, al descubrir que es adoptada y que el nombre que siempre hab\u00eda usado, Willy Wolters, no era su nombre real. Adem\u00e1s, sus padres la separaron de su madre biol\u00f3gica. Saber todo esto le crea un inmenso dolor que le acompa\u00f1ar\u00e1 toda su vida. Tambi\u00e9n, se deja ver el enorme drama amoroso que sufre la artista al tener que elegir entre su amor o su carrera musical, debida al tipo de relaciones de la \u00e9poca en los que las mujeres deb\u00edan dejar de trabajar al casarse.<\/p>\n\n\n\n<p class=\"wp-block-paragraph\">Uno de los temas principales que est\u00e1 presente a lo largo del filme, es la discriminaci\u00f3n y la rotura de estereotipos constante que tiene que hacer para poder ir consiguiendo sus objetivos de estudiar m\u00fasica, estudiar direcci\u00f3n y convertirse en directora. Y es que en un mundo tan machista abrirse hueco como mujer (sin recursos, ya que proven\u00eda de una familia de emigrantes) es toda una Odisea en la que tiene que enfrentarse a todo tipo de vejaciones y trabas en el camino.<\/p>\n\n\n\n<p class=\"wp-block-paragraph\">El largometraje saca a la luz esta inspiradora historia olvidada para que el nombre de Antonia Brico vuelva a ser conocido y recordado por la importancia que tiene, al abrir paso al resto de mujeres que sue\u00f1an y luchan por sus metas en la vida. Y es que esta no es la primera pel\u00edcula que se hace de la vida de la directora, ya sirvi\u00f3 en 1974 a Judy Collins y Jill Godmilow para ganar un \u00d3scar con su documental sobre ella, a\u00fan en vida en esos momentos.<\/p>\n","protected":false},"excerpt":{"rendered":"<p>Maria Peters estrena su nuevo largometraje sobre la primera mujer directora de la Sinf\u00f3nica de Berl\u00edn<\/p>\n","protected":false},"author":3,"featured_media":12684,"comment_status":"open","ping_status":"open","sticky":false,"template":"","format":"standard","meta":{"_monsterinsights_skip_tracking":false,"footnotes":""},"categories":[690,45,46],"tags":[],"class_list":["post-12683","post","type-post","status-publish","format-standard","has-post-thumbnail","category-690","category-cultura","category-cultura-cultura"],"_links":{"self":[{"href":"https:\/\/redsemlac.com\/semmexico\/wp-json\/wp\/v2\/posts\/12683","targetHints":{"allow":["GET"]}}],"collection":[{"href":"https:\/\/redsemlac.com\/semmexico\/wp-json\/wp\/v2\/posts"}],"about":[{"href":"https:\/\/redsemlac.com\/semmexico\/wp-json\/wp\/v2\/types\/post"}],"author":[{"embeddable":true,"href":"https:\/\/redsemlac.com\/semmexico\/wp-json\/wp\/v2\/users\/3"}],"replies":[{"embeddable":true,"href":"https:\/\/redsemlac.com\/semmexico\/wp-json\/wp\/v2\/comments?post=12683"}],"version-history":[{"count":0,"href":"https:\/\/redsemlac.com\/semmexico\/wp-json\/wp\/v2\/posts\/12683\/revisions"}],"wp:featuredmedia":[{"embeddable":true,"href":"https:\/\/redsemlac.com\/semmexico\/wp-json\/wp\/v2\/media\/12684"}],"wp:attachment":[{"href":"https:\/\/redsemlac.com\/semmexico\/wp-json\/wp\/v2\/media?parent=12683"}],"wp:term":[{"taxonomy":"category","embeddable":true,"href":"https:\/\/redsemlac.com\/semmexico\/wp-json\/wp\/v2\/categories?post=12683"},{"taxonomy":"post_tag","embeddable":true,"href":"https:\/\/redsemlac.com\/semmexico\/wp-json\/wp\/v2\/tags?post=12683"}],"curies":[{"name":"wp","href":"https:\/\/api.w.org\/{rel}","templated":true}]}}