{"id":12680,"date":"2019-10-08T18:05:26","date_gmt":"2019-10-08T18:05:26","guid":{"rendered":"https:\/\/redsemlac.com\/semmexico\/?p=12680"},"modified":"2023-07-21T15:12:00","modified_gmt":"2023-07-21T20:12:00","slug":"lgtbi-2","status":"publish","type":"post","link":"https:\/\/redsemlac.com\/semmexico\/lgtbi-2\/","title":{"rendered":"Si \u00ablos titulares nos hacen da\u00f1o\u00bb, vamos a cambiarlos"},"content":{"rendered":"\n<p class=\"wp-block-paragraph\"><strong>Adriana Rocha Pastor<\/strong><\/p>\n\n\n\n<p class=\"wp-block-paragraph\">SemM\u00e9xico\/AmecoPress. Madrid, 8 oct. 2019.- Ni las lesbianas tienen cada una su cami\u00f3n ni los bisexuales est\u00e1n confundidos ni todos los homosexuales son como Cam y Mitch en Modern Family. Tampoco a nadie interesa \u201cni de d\u00f3nde viene ni hacia d\u00f3nde va\u201d una persona trans. \u00abMujeres\u00bb ya incluye a las trans, y tampoco existe \u201cel movimiento feminista\u201d, sino \u201clos movimientos feministas\u201d. El masculino gen\u00e9rico no es lo \u00fanico que merece caer en desuso.<\/p>\n\n\n\n<p class=\"wp-block-paragraph\">Que los titulares duelen lo dice Man\u00e9, vicepresidente de la FELGTB. C\u00f3mo aparece un colectivo en los medios puede ser determinante. Incluso dentro de las minor\u00edas hay minor\u00edas, as\u00ed que la reflexi\u00f3n period\u00edstica puede ser un laberinto cuando debates LGTBI entran en juego. El periodismo incide en el imaginario colectivo y da voz a las minor\u00edas que suman la sociedad. El lenguaje importa: tiene el poder de perpetuar los estigmas o derribar los prejuicios. Respeto y sensibilidad, menos estereotipos y m\u00e1s consciencia period\u00edstica: \u201ctodo suma\u201d, explican.<\/p>\n\n\n\n<p class=\"wp-block-paragraph\">FSC-CCOO (Federaci\u00f3n De Servicios a la Ciudadan\u00eda De CCOO) y FELGTB (Federaci\u00f3n Estatal de Lesbianas, Gais, Transexuales y Bisexuales) se juntan para redactar la segunda edici\u00f3n de la Gu\u00eda de buenas pr\u00e1cticas para el Tratamiento de la Diversidad sexual, de g\u00e9nero y familiar en los medios de comunicaci\u00f3n. Una especie de manual de consulta para cuando aparezca alguna duda al respecto, con glosario de terminolog\u00eda espec\u00edfica incluido y malas praxis habituales a evitar, una \u201cherramienta primordial\u201d para el periodista actual.<\/p>\n\n\n\n<h5 class=\"wp-block-heading\">Importancia del lenguaje<\/h5>\n\n\n\n<p class=\"wp-block-paragraph\">\u201cLa terminolog\u00eda es \u00e1spera y a veces confunde, se entiende otra cosa\u201d. Man\u00e9 Fern\u00e1ndez, vicepresidente de FELGTB, sabe que no es f\u00e1cil. \u00bfTodos, todas, todxs o todes? No hay ninguna letra m\u00e1s importante que otra en las siglas del movimiento. M\u00e1s que un m\u00e9todo fr\u00edo, explican que es mejor adaptarse a la situaci\u00f3n en cada momento. En un foro determinado, tiene sentido la diferenciaci\u00f3n. Si no, se trata del uso de un lenguaje inclusivo desde la buena intenci\u00f3n que es integrar la perspectiva de diversidad.<\/p>\n\n\n\n<p class=\"wp-block-paragraph\">\u201cUn hombre vestido de mujer\u2026\u201d, era el principio de un titular que no les gust\u00f3 en absoluto. Se trataba de un suceso tr\u00e1nsfobo y eso era lo denunciable, el hecho noticioso. \u201cTrans\u201d acaba siendo un t\u00e9rmino paraguas que parece que engloba todo, explica Man\u00e9. Sin embargo, \u201clos hombres T parece que no existen y las mujeres T bajan un pelda\u00f1o\u201d. Dar m\u00e1s importancia a la biolog\u00eda o a la genitalidad que a la identidad les parece mal. \u00bfUn consejo? Todo depende de la causa de la noticia.<\/p>\n\n\n\n<h5 class=\"wp-block-heading\">\u00bfEstereotipos incluso dentro del colectivo LGTBI?<\/h5>\n\n\n\n<p class=\"wp-block-paragraph\">El glosario que incluye la gu\u00eda resolver\u00e1 muchas cuestiones en las redacciones. Pero no solo es el texto, tambi\u00e9n las fotos dicen mucho. M\u00aa Jos\u00e9 Mar\u00edn, secretaria de Pol\u00edticas Sociales e Igualdad de FSC-CCOO, denuncia el \u201ct\u00edpico europeo, de clase media alta, musculado\u201d que parece ser suficiente para ilustrar todo el espectro social del colectivo. Es ella quien compara esta idea con los personajes de Modern Family, que casualmente cumplen con la descripci\u00f3n. Lo mismo ocurre con el feminismo y la t\u00edpica idea de mujer superwoman.<\/p>\n\n\n\n<p class=\"wp-block-paragraph\">Cada vez sale m\u00e1s el colectivo LGTBI en la prensa, la sociedad en general no lo ve raro, pero \u201c\u00bfes un avance real? \u00bfqu\u00e9 pasa con las frases hechas?\u201d. Elena Blasco, secretaria de Mujer e Igualdad de CCOO, cree que la normalizaci\u00f3n se convierte en \u201creducci\u00f3n\u201d cuando los estereotipos vuelven a sesgar la sociedad LGTBI.<\/p>\n\n\n\n<h5 class=\"wp-block-heading\">Necesidad de cambio del discurso<\/h5>\n\n\n\n<p class=\"wp-block-paragraph\">Son conscientes de la precariedad laboral y de la inmediatez que supone el periodismo, pero se necesita un mensaje sano que se plante ante el discurso de odio que promueve la ultraderecha. \u201cUn momento pol\u00edtico duro\u201d que, en su opini\u00f3n, se ve claro en temas como la educaci\u00f3n sexual en Murcia o la bandera del Ayuntamiento de la capital el D\u00eda del Orgullo. El auge de la ultraderecha seguir\u00e1 con \u201cesos titulares, queriendo curarnos, como si estuvi\u00e9ramos enfermos\u201d, a\u00f1ade Man\u00e9.<\/p>\n\n\n\n<p class=\"wp-block-paragraph\">Insisten: antes de escribir, la periodista puede llamar a la entidad y solucionar la duda sin ning\u00fan problema. La soluci\u00f3n es f\u00e1cil: perspectiva de G\u00e9nero para no ser machista en el lenguaje y perspectiva desde Diversidad para no discriminar a nadie del grupo LGTBI. El periodismo democr\u00e1tico mejora la vida de las personas y, a veces, basta con cambiar una palabra, un titular.<br><\/p>\n","protected":false},"excerpt":{"rendered":"<p>El lenguaje importa: tiene el poder de perpetuar los estigmas o derribar los prejuicios.<\/p>\n","protected":false},"author":3,"featured_media":12681,"comment_status":"open","ping_status":"open","sticky":false,"template":"","format":"standard","meta":{"_monsterinsights_skip_tracking":false,"footnotes":""},"categories":[690,53],"tags":[],"class_list":["post-12680","post","type-post","status-publish","format-standard","has-post-thumbnail","category-690","category-internacional"],"_links":{"self":[{"href":"https:\/\/redsemlac.com\/semmexico\/wp-json\/wp\/v2\/posts\/12680","targetHints":{"allow":["GET"]}}],"collection":[{"href":"https:\/\/redsemlac.com\/semmexico\/wp-json\/wp\/v2\/posts"}],"about":[{"href":"https:\/\/redsemlac.com\/semmexico\/wp-json\/wp\/v2\/types\/post"}],"author":[{"embeddable":true,"href":"https:\/\/redsemlac.com\/semmexico\/wp-json\/wp\/v2\/users\/3"}],"replies":[{"embeddable":true,"href":"https:\/\/redsemlac.com\/semmexico\/wp-json\/wp\/v2\/comments?post=12680"}],"version-history":[{"count":0,"href":"https:\/\/redsemlac.com\/semmexico\/wp-json\/wp\/v2\/posts\/12680\/revisions"}],"wp:featuredmedia":[{"embeddable":true,"href":"https:\/\/redsemlac.com\/semmexico\/wp-json\/wp\/v2\/media\/12681"}],"wp:attachment":[{"href":"https:\/\/redsemlac.com\/semmexico\/wp-json\/wp\/v2\/media?parent=12680"}],"wp:term":[{"taxonomy":"category","embeddable":true,"href":"https:\/\/redsemlac.com\/semmexico\/wp-json\/wp\/v2\/categories?post=12680"},{"taxonomy":"post_tag","embeddable":true,"href":"https:\/\/redsemlac.com\/semmexico\/wp-json\/wp\/v2\/tags?post=12680"}],"curies":[{"name":"wp","href":"https:\/\/api.w.org\/{rel}","templated":true}]}}