{"id":12674,"date":"2019-10-08T17:48:12","date_gmt":"2019-10-08T17:48:12","guid":{"rendered":"https:\/\/redsemlac.com\/semmexico\/?p=12674"},"modified":"2023-07-21T15:12:00","modified_gmt":"2023-07-21T20:12:00","slug":"opinion-150","status":"publish","type":"post","link":"https:\/\/redsemlac.com\/semmexico\/opinion-150\/","title":{"rendered":"Ricky Martin y Jwan Yosef"},"content":{"rendered":"\n<p class=\"wp-block-paragraph\"><strong><em>Basar la satisfacci\u00f3n de nuestros deseos en la explotaci\u00f3n reproductiva de mujeres empobrecidas es inhumano<\/em><\/strong><\/p>\n\n\n\n<p class=\"wp-block-paragraph\">T<strong>eresa Moll\u00e1 Castells<\/strong><\/p>\n\n\n\n<p class=\"wp-block-paragraph\">SemM\u00e9xico\/AmecoPress. Ontinyent \u2013 Valencia, 08 oct. 19.- Hace unos d\u00edas el cantante anunci\u00f3 que \u00e9l y su marido van a volver a ser padres. Y l\u00f3gicamente lo volver\u00e1n a ser mediante vientres de alquiles como ya lo fue el cantante con sus hijos mellizos y ya como pareja con su hija. O sea que por cuarta vez acuden a la explotaci\u00f3n reproductiva de entre una y tres mujeres para ver cumplidos sus deseos de paternidad y acabar comprando a sus criaturas.<\/p>\n\n\n\n<p class=\"wp-block-paragraph\">Adem\u00e1s, y en el colmo del cinismo lo anunci\u00f3 en la gala de la cena anual de la organizaci\u00f3n Human Rights Campaign que le entregaba un premio por dar visibilidad y por su defensa del colectivo LGTBI, adem\u00e1s de por su filantrop\u00eda. Habr\u00eda que preguntar a la o las mujeres que gestaron sus hijos si piensan lo mismo de su filantrop\u00eda para con ella o ellas.<\/p>\n\n\n\n<p class=\"wp-block-paragraph\">Basar la satisfacci\u00f3n de nuestros deseos en la explotaci\u00f3n reproductiva de mujeres empobrecidas es, desde mi punto de vista, inhumano y justamente lo contrario del t\u00e9rmino filantrop\u00eda que podr\u00eda ser perfectamente definido como ego\u00edsmo. Ego\u00edsmo por explotar a mujeres para que gesten para m\u00ed con los riesgos que ello lleva para la vida de esas mujeres y las secuelas que les puede generar tanto f\u00edsicas como psicol\u00f3gicas. Ego\u00edsmo por dejar hu\u00e9rfanos de madre y sin genealog\u00eda materna a sus hijos a quienes privan de su derecho b\u00e1sico de conocer su ascendencia y por ser el resultado de una transacci\u00f3n econ\u00f3mica en el mejor de los casos. O, lo que es lo mismo, ser tratados como mercanc\u00eda, como productos resultantes de una operaci\u00f3n comercial.<\/p>\n\n\n\n<p class=\"wp-block-paragraph\">Ante el deseo de ser padre existe un recurso llamado adopci\u00f3n y que puede ayudar e incluso salvar la vida de muchos ni\u00f1os y ni\u00f1as. Pero como dice el poema de Quevedo \u00abPoderoso caballero el Don Dinero\u00bb y hay personajes como estos que utilizan su dinero para, incluso, comprar vidas humanas.<\/p>\n\n\n\n<p class=\"wp-block-paragraph\">Como ya he dicho en otras ocasiones, tanto los vientres de alquiler como la trata con fines de explotaci\u00f3n sexual son pr\u00e1cticas que considero delictivas y las que se hace del todo evidente la gran connivencia entre el patriarcado y el capitalismo. Y se hace evidente porque en ambos casos el fin \u00faltimo la satisfacci\u00f3n del deseo de paternidad o de satisfacci\u00f3n sexual se ceba sobre el cuerpo de las mujeres empobrecidas que son utilizadas como materia prima de ambos lucrativos negocios que generas beneficios cuantiosos a los proxenetas y a las agencias de vientres de alquiler. En ambos casos prevalece el deseo de la gente poderosa frente a los derechos de las mujeres empobrecidas por el propio sistema capitalista que permite su explotaci\u00f3n sexual y reproductiva.<\/p>\n\n\n\n<p class=\"wp-block-paragraph\">Pero estos dos personajes conocidos mundialmente no son los \u00fanicos que han recurrido a esta forma de explotaci\u00f3n de mujeres. Tenemos personajes y personajillos sin salir de casa. Miguel Bos\u00e9 y su expareja, el arquitecto Nacho Palau, compraron tambi\u00e9n cuatro hijos. El actor Javier C\u00e1mara, hizo lo mismo con dos mellizos. El cantante Miguel Poveda con su hijo. El presentador Jaime Cantizano con su hijo. El tambi\u00e9n presentador Kiko Hern\u00e1ndez con sus dos mellizas. Carmen Cervera tambi\u00e9n con sus mellizas o Tamara Gorro con su hija. Como vemos todos ellos y ellas gente pudiente que se puede permitir la compra de sus criaturas.<\/p>\n\n\n\n<p class=\"wp-block-paragraph\">M\u00e1s all\u00e1 de estos nombres reconocibles tanto en el panorama del Estado Espa\u00f1ol o internacionalmente, el hecho de asociar esta pr\u00e1ctica comercial a estos nombres no puede naturalizar esta pr\u00e1ctica aberrante para con la vida de las mujeres que son explotadas reproductivamente para satisfacer el deseo de otras personas.<\/p>\n\n\n\n<p class=\"wp-block-paragraph\">Un deseo nunca puede convertirse en derecho. Y mucho menos cuando la materia prima para llevarlo a cabo sea el cuerpo de una mujer. Y sobre todo cuando implique explotaci\u00f3n de cualquier tipo.<\/p>\n\n\n\n<p class=\"wp-block-paragraph\">No olvidemos que este tipo de pr\u00e1cticas es la consecuencia de muchos tipos de violencias machistas hacia esas mujeres y que, de facto, simboliza el ejercicio del poder y de la posesi\u00f3n de un bien. La violencia estructural que implica es suprema como m\u00e1xima expresi\u00f3n de todas las violencias que se ejercen contra las mujeres tratadas para ser prostituidas o contra las mujeres captadas para gestar para otras personas. No podemos olvidar este aspecto tan importante.<\/p>\n\n\n\n<p class=\"wp-block-paragraph\">Las instituciones p\u00fablicas deber\u00edan velar para que los derechos humanos de estas mujeres fueran respetados y no ultrajados por la ley del m\u00e1s fuerte, econ\u00f3micamente hablando, pero \u00bfQui\u00e9n le pone el cascabel al gato del capitalismo aliado \u00edntimo del patriarcado? Supongo que a las feministas nos tocar\u00e1 seguir denunciando este tipo de pr\u00e1cticas il\u00edcitas de explotaci\u00f3n de mujeres en todo el mundo hasta que seamos escuchadas y sean abolidas en todas partes. S\u00f3lo de ese modo se garantizar\u00e1 la aplicaci\u00f3n de los derechos humanos para ese perfil de mujeres ahora explotadas.<\/p>\n\n\n\n<p class=\"wp-block-paragraph\">Tenemos un largo camino por recorrer y todas las fuerzas y todas las energ\u00edas van a ser necesarias.<\/p>\n","protected":false},"excerpt":{"rendered":"<p>Basar la satisfacci\u00f3n de nuestros deseos en la explotaci\u00f3n reproductiva de mujeres empobrecidas es inhumano<\/p>\n","protected":false},"author":3,"featured_media":12675,"comment_status":"open","ping_status":"open","sticky":false,"template":"","format":"standard","meta":{"_monsterinsights_skip_tracking":false,"footnotes":""},"categories":[690,82,110],"tags":[],"class_list":["post-12674","post","type-post","status-publish","format-standard","has-post-thumbnail","category-690","category-la-opinion","category-la-opinion-columnas"],"_links":{"self":[{"href":"https:\/\/redsemlac.com\/semmexico\/wp-json\/wp\/v2\/posts\/12674","targetHints":{"allow":["GET"]}}],"collection":[{"href":"https:\/\/redsemlac.com\/semmexico\/wp-json\/wp\/v2\/posts"}],"about":[{"href":"https:\/\/redsemlac.com\/semmexico\/wp-json\/wp\/v2\/types\/post"}],"author":[{"embeddable":true,"href":"https:\/\/redsemlac.com\/semmexico\/wp-json\/wp\/v2\/users\/3"}],"replies":[{"embeddable":true,"href":"https:\/\/redsemlac.com\/semmexico\/wp-json\/wp\/v2\/comments?post=12674"}],"version-history":[{"count":0,"href":"https:\/\/redsemlac.com\/semmexico\/wp-json\/wp\/v2\/posts\/12674\/revisions"}],"wp:featuredmedia":[{"embeddable":true,"href":"https:\/\/redsemlac.com\/semmexico\/wp-json\/wp\/v2\/media\/12675"}],"wp:attachment":[{"href":"https:\/\/redsemlac.com\/semmexico\/wp-json\/wp\/v2\/media?parent=12674"}],"wp:term":[{"taxonomy":"category","embeddable":true,"href":"https:\/\/redsemlac.com\/semmexico\/wp-json\/wp\/v2\/categories?post=12674"},{"taxonomy":"post_tag","embeddable":true,"href":"https:\/\/redsemlac.com\/semmexico\/wp-json\/wp\/v2\/tags?post=12674"}],"curies":[{"name":"wp","href":"https:\/\/api.w.org\/{rel}","templated":true}]}}