{"id":12672,"date":"2019-10-08T17:45:56","date_gmt":"2019-10-08T17:45:56","guid":{"rendered":"https:\/\/redsemlac.com\/semmexico\/?p=12672"},"modified":"2023-07-21T15:12:00","modified_gmt":"2023-07-21T20:12:00","slug":"opinion-149","status":"publish","type":"post","link":"https:\/\/redsemlac.com\/semmexico\/opinion-149\/","title":{"rendered":"Entresemana"},"content":{"rendered":"\n<h2 class=\"wp-block-heading\"><strong>\u00bfY qu\u00e9 haremos con Yeidckol?<\/strong><\/h2>\n\n\n\n<p class=\"wp-block-paragraph\"><strong>Mois\u00e9s S\u00e1nchez Lim\u00f3n<\/strong><\/p>\n\n\n\n<p class=\"wp-block-paragraph\">SemM\u00e9xico. Cd. de M\u00e9xico. 8 de octubre de 2019.- Los estancos de la pol\u00edtica y el juego que todos jugamos o el arte de enga\u00f1ar con la verdad y gritar sorprendidos y convencidos: \u00a1democracia!, \u00a1democracia!, como en los mejores tiempos del PRI hegem\u00f3nico hoy es el tiempo de Morena y sus prohombres y mujeres y asociados en la lucha por el poder. Veamos.<\/p>\n\n\n\n<p class=\"wp-block-paragraph\">Ocurri\u00f3 en Villahermosa\u2026<\/p>\n\n\n\n<p class=\"wp-block-paragraph\">El domingo \u00faltimo, en redes y como acompa\u00f1amiento de un comunicado de prensa al lado de la elemental versi\u00f3n estenogr\u00e1fica, como sin querer queriendo de un acto pol\u00edtico ocurrido en la cap\u00edtal tabasque\u00f1a circul\u00f3 una fotograf\u00eda interesante cuanto m\u00e1s sustancial confirmaci\u00f3n de que los designios de Palacio han reca\u00eddo en la unci\u00f3n del itamita Mario Delgado Carrillo, pastor de la mayoritaria diputaci\u00f3n federal de Morena.<\/p>\n\n\n\n<p class=\"wp-block-paragraph\">Ah\u00ed el colimote Delgado Carrillo frente a una multitud que aplaude y sonr\u00ede sin medias tintas, en primera fila juna a un basti\u00f3n del poder econ\u00f3mico y pol\u00edtico tabasque\u00f1o la se\u00f1ora Yeidckol Polevsnky bate t\u00edmidas palmas, acaso obligada por las circunstancias, con la vista en ninguna parte y la que pretende ser sonrisa aunque m\u00e1s parece rictus de incomodidad.<\/p>\n\n\n\n<p class=\"wp-block-paragraph\">Y Mario con los brazos abiertos, extendidos en la plenitud y confianza, certidumbre de quien se sabe ungido por el dedo divino de quien dice que no se involucra en Morena porque pidi\u00f3 licencia para atender las prioridades del Ejecutivo federal porque, no olvidar aquella par\u00e1frasis del teniente coronel Hugo Ch\u00e1vez Fr\u00edas en la cresta del poder absoluto: \u201cya no me pertenezco, soy del pueblo\u2026\u201d<\/p>\n\n\n\n<p class=\"wp-block-paragraph\">Delgado Carrillo y la sonrisa que desborda felicidad y la mirada en todos lados, agradece la singular recepci\u00f3n de tabasque\u00f1os que acud\u00edan a un informe legislativo y se encontraron &#8211;\u00a1vaya casualidad!\u2014con el discurso del \u00fanico aspirante a la dirigencia nacional de Morena, \u00fanico var\u00f3n.<\/p>\n\n\n\n<p class=\"wp-block-paragraph\">Porque sus principales contendientes son dos mujeres: Bertha Luj\u00e1n Uranga, quien por all\u00e1 dela d\u00e9cada de los 70 del siglo pasado fuera dirigente del Frente Aut\u00e9ntico del Trabajo, se\u00f1ora madre de la hoy secretaria del Trabajo y Previsi\u00f3n Social, Luisa Mar\u00eda Alcalde Luj\u00e1n; y la se\u00f1ora Yeidckol Polevnsky empresaria que se vincul\u00f3 a personajes del priismo de finales de los 80, en especial a Manuel Camacho Sol\u00eds y Marcelo Ebrard.<\/p>\n\n\n\n<p class=\"wp-block-paragraph\">\u00bfY Alejandro Rojas D\u00edaz Dur\u00e1n? \u00bfAlguien se ha dado cuenta de que, el suplente en el esca\u00f1o de Ricardo Monreal, no ha atacado ni discutido y menos descalificado a Mario Delgado? Alejandro es de las confianzas de Monreal y de Marcelo Ebrard. Quiere ser presidente de Morena\u2026<\/p>\n\n\n\n<p class=\"wp-block-paragraph\">Pero, bueno, esa imagen del domingo pasado en Tabasco es indicativa de que Bertha Luj\u00e1n no tiene mayores posibilidades de llegar, el pr\u00f3ximo 10 de noviembre, a la presidencia del Movimiento de Regeneraci\u00f3n Nacional, aunque su futuro es mucho m\u00e1s amplio en el equipo de Andr\u00e9s Manuel L\u00f3pez Obrador, o por lo menos podr\u00eda encabezar al voluntariado de la Secretar\u00eda del Trabajo y Previsi\u00f3n Social.<\/p>\n\n\n\n<p class=\"wp-block-paragraph\">Pero, y \u00e9sta es sin duda la pregunta que se har\u00e1 el inquilino de Palacio Nacional, \u00bfqu\u00e9 hacer con Yeidckol? \u00bfUn cargo en el gabinete, pero como de qu\u00e9?<\/p>\n\n\n\n<p class=\"wp-block-paragraph\">Sin duda el esc\u00e1ndalo de los impuestos perdonados ha dado al traste con las aspiraciones de la ex dirigente de la Canacintra, cargo al que lleg\u00f3 sin ser empresaria sino vendedora de pinturas al gobierno federal, vinculada a pol\u00edticos de las ligas mayores como Camacho Sol\u00eds entonces jefe del Departamento del Distrito Federal y fallido aspirante priista a la Presidencia de la Rep\u00fablica.<\/p>\n\n\n\n<p class=\"wp-block-paragraph\">\u00bfQu\u00e9 hacer con Yeidckol? \u00bfAceptar\u00eda una direcci\u00f3n? Porque secretar\u00edas y subsecretar\u00edas ya est\u00e1n ocupadas en todo el equipo presidencial y, de ajustarse a las medidas de austeridad, conformarse con un salario de medio pelo. Porque dif\u00edcilmente le ganar\u00e1, en contienda v\u00eda encuesta, a Mario Delgado.<\/p>\n\n\n\n<p class=\"wp-block-paragraph\">Porque Bertha Luj\u00e1n se fue al tercer sitio en las m\u00e1s recientes encuestas para conocer los momios de los tres principales aspirante a la Presidencia de Morena.<\/p>\n\n\n\n<p class=\"wp-block-paragraph\">Por eso, simple pero esencialmente por eso, es que Mario Delgado se sabe arriba en el top ten para ser ungido en ese cargo, desde donde operar\u00e1 la campa\u00f1a rumbo a la elecci\u00f3n intermedia de 2021, porque conoce palmo a palmo los estancos morenos en el pa\u00eds, porque como hombre de confianza del Presidente contar\u00e1 con todo el apoyo, \u00e9se que no se transparenta porque, vaya cosas, siempre se sabe c\u00f3mo utilizar los recursos para moverse en los terrenos de la lucha por el poder.<\/p>\n\n\n\n<p class=\"wp-block-paragraph\">\u00bfQui\u00e9n ha visto recientemente a Bertha Luj\u00e1n con el Presidente? Yeidckol anda ausente del equipo de Palacio. Entonces, Mario va, va, va\u2026<\/p>\n\n\n\n<p class=\"wp-block-paragraph\">&#8211;Se\u00f1or, diputado, \u00bfusted sigue adelante en su intenci\u00f3n de presidir Morena como partido pol\u00edtico? \u00bfY c\u00f3mo va esa situaci\u00f3n interna all\u00e1 en el Morena?&#8211; le pregunt\u00f3 una colega en entrevista en el Palacio Legislativo de San L\u00e1zaro.<\/p>\n\n\n\n<p class=\"wp-block-paragraph\">Mario se dio tiempo para aludir a los escenarios de elecci\u00f3n, del pr\u00f3ximo 10 de noviembre, pero insisti\u00f3 en que, \u201cfalta que se defina, la sugerencia del Presidente de la Rep\u00fablica de resolver la dirigencia v\u00eda encuesta, yo creo que ser\u00eda muy saludable que a la brevedad se convocara, por parte los \u00f3rganos de direcci\u00f3n de nuestro partido, pues ya el establecimiento de un acuerdo pol\u00edtico para que se fijen las reglas de la encuesta, las fechas, qu\u00e9 tipo de preguntas, las tres instancias que las realicen, para darle ya certidumbre a este proceso y que, sobre todo, se mande este mensaje a toda la militancia antes de este fin de semana, que es cuando empiezan las asambleas distritales.<\/p>\n\n\n\n<p class=\"wp-block-paragraph\">&#8211;\u00bf(\u2026) Si est\u00e1 en lo dicho, usted va por la dirigencia del partido?<\/p>\n\n\n\n<p class=\"wp-block-paragraph\">&#8211;(\u2026) Por supuesto que s\u00ed, vamos por Morena, sobre todo, si representa un esfuerzo por la unidad el partido. Lo m\u00e1s importante ahora es que haya unidad en el partido, que salga este proceso de renovaci\u00f3n interna de manera ordenada, transparente, democr\u00e1tica, sin atropellar a nadie y que se defina, como ha dicho el Presidente de la Rep\u00fablica, la dirigencia a trav\u00e9s de tres encuestas.<\/p>\n\n\n\n<p class=\"wp-block-paragraph\">&#8211;Pero con o sin encuesta \u00bfva?<\/p>\n\n\n\n<p class=\"wp-block-paragraph\">&#8211;Vamos a esperar que defina el partido. Creo que el partido tiene que escuchar al Presidente de la Rep\u00fablica. Si Morena deja de escuchar al Presidente, pues quiere decir que se impondr\u00e1 la visi\u00f3n particular de unos cuantos y no la visi\u00f3n integral de la Cuarta Transformaci\u00f3n, que es lo que propone el Presidente. Es muy importante escuchar al Presidente en estos temas.<\/p>\n\n\n\n<p class=\"wp-block-paragraph\">&#8211;Si no se escucha al presidente, \u00bfMario Delgado no va?<\/p>\n\n\n\n<p class=\"wp-block-paragraph\">&#8211;Pues si no se escucha al Presidente, yo creo que estar\u00edamos en una situaci\u00f3n muy complicada. Yo creo que Morena se empezar\u00eda a desviar del camino, yo creo que nos podr\u00edamos equivocar.&nbsp;<\/p>\n\n\n\n<p class=\"wp-block-paragraph\">\u00bfNo ir\u00eda?<\/p>\n\n\n\n<p class=\"wp-block-paragraph\">&#8211;Ya lo decidir\u00e9, en su momento, pero primero es pedir a los \u00f3rganos directivos que haya un proceso transparente, democr\u00e1tico, sin excluir a nadie, que haya debates, ser\u00eda muy bueno que hubiera debates entre los aspirantes, y que se atienda la recomendaci\u00f3n de que se decida por encuestas.<\/p>\n\n\n\n<p class=\"wp-block-paragraph\">&#8211;\u00bfSe imagina en un debate con Yeidckol?<\/p>\n\n\n\n<p class=\"wp-block-paragraph\">&#8211;S\u00ed, estar\u00eda padr\u00edsimo, \u00bfpor qu\u00e9 no?<\/p>\n\n\n\n<p class=\"wp-block-paragraph\">\u00bfAlguna duda? Por eso Delgado apresura la agenda legislativa, porque estar\u00eda apenas en tiempo de entregar buenas cuentas del paquete econ\u00f3mico 2020 al inquilino de Palacio. Elegido el 10 de noviembre, cinco d\u00edas despu\u00e9s debe aprobarse el Presupuesto de Egresos del a\u00f1o entrante. Y la estrellita en la frente. Pero, \u00bfQu\u00e9 hacer con Yeidckol? Digo.<\/p>\n\n\n\n<p class=\"wp-block-paragraph\"><a href=\"mailto:sanchezlimon@gmail.com\" target=\"_blank\" rel=\"noreferrer noopener\">sanchezlimon@gmail.com<\/a><\/p>\n\n\n\n<p class=\"wp-block-paragraph\"><a href=\"http:\/\/www.entresemana.mx\/\" target=\"_blank\" rel=\"noreferrer noopener\">www.entresemana.mx<\/a><\/p>\n\n\n\n<p class=\"wp-block-paragraph\">@msanchezlimon<br><\/p>\n","protected":false},"excerpt":{"rendered":"<p>\u00bfY qu\u00e9 haremos con Yeidckol?<\/p>\n","protected":false},"author":3,"featured_media":8470,"comment_status":"open","ping_status":"open","sticky":false,"template":"","format":"standard","meta":{"_monsterinsights_skip_tracking":false,"footnotes":""},"categories":[690,105,83],"tags":[],"class_list":["post-12672","post","type-post","status-publish","format-standard","has-post-thumbnail","category-690","category-entresemana","category-moises-sanchez-limon"],"_links":{"self":[{"href":"https:\/\/redsemlac.com\/semmexico\/wp-json\/wp\/v2\/posts\/12672","targetHints":{"allow":["GET"]}}],"collection":[{"href":"https:\/\/redsemlac.com\/semmexico\/wp-json\/wp\/v2\/posts"}],"about":[{"href":"https:\/\/redsemlac.com\/semmexico\/wp-json\/wp\/v2\/types\/post"}],"author":[{"embeddable":true,"href":"https:\/\/redsemlac.com\/semmexico\/wp-json\/wp\/v2\/users\/3"}],"replies":[{"embeddable":true,"href":"https:\/\/redsemlac.com\/semmexico\/wp-json\/wp\/v2\/comments?post=12672"}],"version-history":[{"count":0,"href":"https:\/\/redsemlac.com\/semmexico\/wp-json\/wp\/v2\/posts\/12672\/revisions"}],"wp:featuredmedia":[{"embeddable":true,"href":"https:\/\/redsemlac.com\/semmexico\/wp-json\/wp\/v2\/media\/8470"}],"wp:attachment":[{"href":"https:\/\/redsemlac.com\/semmexico\/wp-json\/wp\/v2\/media?parent=12672"}],"wp:term":[{"taxonomy":"category","embeddable":true,"href":"https:\/\/redsemlac.com\/semmexico\/wp-json\/wp\/v2\/categories?post=12672"},{"taxonomy":"post_tag","embeddable":true,"href":"https:\/\/redsemlac.com\/semmexico\/wp-json\/wp\/v2\/tags?post=12672"}],"curies":[{"name":"wp","href":"https:\/\/api.w.org\/{rel}","templated":true}]}}