{"id":12669,"date":"2019-10-08T01:37:09","date_gmt":"2019-10-08T01:37:09","guid":{"rendered":"https:\/\/redsemlac.com\/semmexico\/?p=12669"},"modified":"2023-07-21T15:12:00","modified_gmt":"2023-07-21T20:12:00","slug":"opinion-148","status":"publish","type":"post","link":"https:\/\/redsemlac.com\/semmexico\/opinion-148\/","title":{"rendered":"Palabra de Ant\u00edgona"},"content":{"rendered":"\n<h2 class=\"wp-block-heading\">Rosario Ibarra de Piedra s\u00edmbolo de la lucha por la justicia en M\u00e9xico<\/h2>\n\n\n\n<p class=\"wp-block-paragraph\"><strong>La medalla Belisario Dom\u00ednguez para quienes hacen de su vida una que piensa en M\u00e9xico<br><\/strong><\/p>\n\n\n\n<p class=\"wp-block-paragraph\"><strong> Sara Lovera<\/strong><\/p>\n\n\n\n<p class=\"wp-block-paragraph\">SemM\u00e9xico, 7 octubre 2019.- \u201cElla, con otras madres de hijos desaparecidos ha luchado siempre, ahora ella est\u00e1 delicada de salud y yo quiero rendirle este homenaje en vida, quiero reconocer todo lo que ha hecho por la defensa de los derechos humanos\u201d, explic\u00f3 el presidente Andr\u00e9s L\u00f3pez Obrador el d\u00eda que vot\u00f3 en 2018, cuando gan\u00f3 las elecciones presidenciales.<\/p>\n\n\n\n<p class=\"wp-block-paragraph\">Se refer\u00eda a do\u00f1a Rosario Ibarra de Piedra, quien sin ser una adherida a su proyecto, efectivamente, es el s\u00edmbolo de la lucha por la justicia en M\u00e9xico, de la lucha contra la represi\u00f3n y persecuci\u00f3n de las personas cuya vulnerabilidad es resultado de quienes en M\u00e9xico detentan el poder absoluto, dependiendo la \u00e9poca y las circunstancias.<\/p>\n\n\n\n<p class=\"wp-block-paragraph\">Me pregunto c\u00f3mo actuar\u00e1 y que decidir\u00e1 el presidente Andr\u00e9s Manuel L\u00f3pez Obrador con el consenso a que lleg\u00f3 la comisi\u00f3n de la C\u00e1mara de Senadores para otorgar la Medalla de Honor Belisario Dom\u00ednguez, un reconocimiento a quienes hacen de su vida una que piensa en M\u00e9xico y en la patria, cuando la conclusi\u00f3n de la Comisi\u00f3n Senatorial, que examin\u00f3 430 postulaciones decidi\u00f3 poner en una terna a tres mujeres que admira L\u00f3pez Obrador, dos de ellas francamente lopezobradoristas. Rosario Ibarra, siempre cr\u00edtica, sabia. <\/p>\n\n\n\n<p class=\"wp-block-paragraph\">Ese domingo de julio, cuando se decidi\u00f3 poner al pa\u00eds en manos de L\u00f3pez Obrador, \u00e9l la coloc\u00f3 ah\u00ed, como madre, con esa postura judeo-cristiana que ha marcado la visi\u00f3n de todas las mujeres. Pero lo hizo reconociendo su lucha. Dijo tambi\u00e9n: \u201cMi madre vot\u00f3 por ella en esa elecci\u00f3n presidencial y ahora yo voy a votar por ella (\u2026) Es una luchadora social, una mujer extraordinaria que encabez\u00f3 un movimiento para que apareciera su hijo, desaparecido junto con otros en la guerra sucia que hubo desde los a\u00f1os 60 en nuestro pa\u00eds.<\/p>\n\n\n\n<p class=\"wp-block-paragraph\">Ahora est\u00e1n en lo que denomin\u00f3 una terna: Rosario Ibarra de Piedra, Ifigenia Mart\u00ednez Hern\u00e1ndez y Elena Poniatowska Amor, tres eminencias, cada una en su tarea. Tres ejemplos, tres destacadas por su trabajo social, pol\u00edtico y cultural. Tres mujeres que se han distinguido por una clara postura democr\u00e1tica y son, tambi\u00e9n, defensoras de los Derechos Humanos. Quienes con su andar han demostrado que en este pa\u00eds tenemos el gran pendiente de la justicia, de la democracia y en ning\u00fan caso son la figura m\u00edtica de la madre nutricia. <\/p>\n\n\n\n<p class=\"wp-block-paragraph\">Y me lo pregunto, porque el presidente L\u00f3pez Obrador ha mostrado c\u00f3mo desde su infinita popularidad -hoy se ratific\u00f3 que el 68 por ciento de la poblaci\u00f3n aprueba su mandato-, dec\u00eda desde su infinita popularidad, \u00e9l manda, por encima de los tres poderes de la Rep\u00fablica, pone y quita, manda, su opini\u00f3n es la ley. Se puede probar, adem\u00e1s, que privilegia a quienes les son esencialmente \u201cfieles\u201d, adheridas a sus ideas y proyectos.<\/p>\n\n\n\n<p class=\"wp-block-paragraph\">Rosario Ibarra de Piedra ha sido candidata a esta medalla, al menos en cuatro ocasiones. Tiene sin lugar a dudas los m\u00e9ritos y la eminencia para que la Rep\u00fablica le haga ese honor, sin embargo, no lo logr\u00f3 antes, se dir\u00eda que, en el fondo y la superficie, quienes deciden temen reconocer el mayor pecado en este sistema patriarcal: la rebeld\u00eda, la transgresi\u00f3n frente al poder, la enorme decisi\u00f3n de exigir justicia.<\/p>\n\n\n\n<p class=\"wp-block-paragraph\">\u00bfUstedes creen que el Senado va a decidir sin tomar la \u201copini\u00f3n\u201d de L\u00f3pez Obrador? En el mejor de los casos podr\u00eda suceder algo extraordinario, que por primera vez en 64 a\u00f1os se decidiera otorgar esta presea a estas tres luchadoras sociales y comprometidas pol\u00edticas. Ser\u00eda tanto como enviar un buen mensaje a la poblaci\u00f3n. Tanto como reconocer la tarea c\u00edvica, pol\u00edtica y fenomenal de las mujeres, much\u00edsimas, que se han puesto al frente de la lucha por acabar con la impunidad, luchando por la democracia y la libre expresi\u00f3n.<\/p>\n\n\n\n<p class=\"wp-block-paragraph\"> Ellas representan esta zaga hist\u00f3rica. Rosario Ibarra, significa eso, la lucha contra la impunidad y la injusticia; Ifigenia Mart\u00ednez Hern\u00e1ndez la pelea por la democracia y Elena Poniatovska Amor el ejercicio y la pr\u00e1ctica de la libre expresi\u00f3n. Sin duda.<\/p>\n\n\n\n<p class=\"wp-block-paragraph\">Adem\u00e1s, en ellas tres tambi\u00e9n est\u00e1 la s\u00edntesis hist\u00f3rica del valor a\u00f1orado, \u00e9l \u00fanico que ha conseguido ser la palanca fundamental para que las mujeres logren su autonom\u00eda. Quiz\u00e1 por eso la primera Medalla Belisario Dom\u00ednguez se otorg\u00f3 a Mar\u00eda Rosaura Zapata Cano, educadora que promovi\u00f3 la educaci\u00f3n preescolar, s\u00ed, pero quien fue piedra angular en la construcci\u00f3n program\u00e1tica de la aspiraci\u00f3n por tener un sistema educativo nacional, laico, cient\u00edfico y universal.<\/p>\n\n\n\n<p class=\"wp-block-paragraph\">El reto para esta decisi\u00f3n, que se har\u00e1 en unos d\u00edas es grande. Adem\u00e1s, las tres pertenecen a la misma generaci\u00f3n, cada una, desde el lugar donde les ha tocado ser testigas y copart\u00edcipes, un largo tramo de la vida de M\u00e9xico en que los gobiernos ha tratado de lograr una naci\u00f3n libre y justa, desarrollada y democr\u00e1tica, que, sin conseguirlo, no habr\u00eda \u201cagenda\u201d de Derechos Humanos exigible, ni habr\u00eda el cat\u00e1logo de luchas y esfuerzo que ha hecho buena parte de la poblaci\u00f3n mexicana.<\/p>\n\n\n\n<p class=\"wp-block-paragraph\">Cada una, desde su quehacer, fundi\u00f3 su vida en unas luchas u otras, algunas francamente riesgosas, valientes, tenaces y continuas, como la b\u00fasqueda de los desaparecidos tan vigente y dolorosa como la que estamos viviendo. <\/p>\n\n\n\n<p class=\"wp-block-paragraph\">Yo, evidentemente voto, si mi voto tuviera alg\u00fan valor, si no sucediera lo extraordinario, voto por Rosario Ibarra de Piedra que nos ense\u00f1\u00f3 a todas que no es v\u00e1lida la pelea individual cuanto m\u00e1s justificada est\u00e9, que son miles las que han sido agredidas por el poder capitalista patriarcal. Veremos.<\/p>\n\n\n\n<p class=\"wp-block-paragraph\"> saraloveralopez@gmail.com<\/p>\n","protected":false},"excerpt":{"rendered":"<p> La medalla Belisario Dom\u00ednguez para quienes hacen de su vida una que piensa en M\u00e9xico<\/p>\n","protected":false},"author":3,"featured_media":9290,"comment_status":"open","ping_status":"open","sticky":false,"template":"","format":"standard","meta":{"_monsterinsights_skip_tracking":false,"footnotes":""},"categories":[690,95,69],"tags":[],"class_list":["post-12669","post","type-post","status-publish","format-standard","has-post-thumbnail","category-690","category-palabra-de-antigona","category-sara-lovera"],"_links":{"self":[{"href":"https:\/\/redsemlac.com\/semmexico\/wp-json\/wp\/v2\/posts\/12669","targetHints":{"allow":["GET"]}}],"collection":[{"href":"https:\/\/redsemlac.com\/semmexico\/wp-json\/wp\/v2\/posts"}],"about":[{"href":"https:\/\/redsemlac.com\/semmexico\/wp-json\/wp\/v2\/types\/post"}],"author":[{"embeddable":true,"href":"https:\/\/redsemlac.com\/semmexico\/wp-json\/wp\/v2\/users\/3"}],"replies":[{"embeddable":true,"href":"https:\/\/redsemlac.com\/semmexico\/wp-json\/wp\/v2\/comments?post=12669"}],"version-history":[{"count":0,"href":"https:\/\/redsemlac.com\/semmexico\/wp-json\/wp\/v2\/posts\/12669\/revisions"}],"wp:featuredmedia":[{"embeddable":true,"href":"https:\/\/redsemlac.com\/semmexico\/wp-json\/wp\/v2\/media\/9290"}],"wp:attachment":[{"href":"https:\/\/redsemlac.com\/semmexico\/wp-json\/wp\/v2\/media?parent=12669"}],"wp:term":[{"taxonomy":"category","embeddable":true,"href":"https:\/\/redsemlac.com\/semmexico\/wp-json\/wp\/v2\/categories?post=12669"},{"taxonomy":"post_tag","embeddable":true,"href":"https:\/\/redsemlac.com\/semmexico\/wp-json\/wp\/v2\/tags?post=12669"}],"curies":[{"name":"wp","href":"https:\/\/api.w.org\/{rel}","templated":true}]}}