{"id":12665,"date":"2019-10-07T23:32:03","date_gmt":"2019-10-07T23:32:03","guid":{"rendered":"https:\/\/redsemlac.com\/semmexico\/?p=12665"},"modified":"2023-07-21T15:12:01","modified_gmt":"2023-07-21T20:12:01","slug":"oaxaca-65","status":"publish","type":"post","link":"https:\/\/redsemlac.com\/semmexico\/oaxaca-65\/","title":{"rendered":"Luisa Pe\u00f1a, con el mundo bajo sus pies"},"content":{"rendered":"\n<p class=\"wp-block-paragraph\"><strong>* La maratonista se prepara para el Campeonato Mundial en Argentina<\/strong><\/p>\n\n\n\n<p class=\"wp-block-paragraph\"><strong>* Disciplina y pasi\u00f3n, las claves para ser las mejores corredoras del\npa\u00eds<\/strong><\/p>\n\n\n\n<p class=\"wp-block-paragraph\"><strong>Redacci\u00f3n<\/strong><\/p>\n\n\n\n<p class=\"wp-block-paragraph\">SemM\u00e9xico, Oaxaca, 7 octubre 2019.-\u00a0El pr\u00f3ximo mes de noviembre, Luisa Pe\u00f1a V\u00e1squez competir\u00e1 en el Campeonato Mundial de Carrera de Monta\u00f1a a celebrarse en Argentina. No es la primera vez que sus pies despegan en el extranjero, la maratonista que forma parte de la Coordinaci\u00f3n de Espacios P\u00fablicos Recreativos de la Secretar\u00eda de Administraci\u00f3n ha trascendido fronteras, midiendo sus capacidades deportivas en escenarios id\u00edlicos como los Alpes Suizos.<\/p>\n\n\n\n<p class=\"wp-block-paragraph\">Luisa Pe\u00f1a cumple con una jornada\nlaboral en el Polideportivo Venustiano Carranza de la capital oaxaque\u00f1a a partir\nde las 9 de la ma\u00f1ana, horas antes la sorprendi\u00f3 el amanecer durante su primera\nsesi\u00f3n de entrenamiento de larga distancia. Su disciplina y pasi\u00f3n por este\ndeporte han sido clave para posicionarla entre las mejores corredoras del pa\u00eds,\ndice un comunicado.<\/p>\n\n\n\n<p class=\"wp-block-paragraph\">\u201cDisfruto mucho mi trabajo en el\nPolideportivo, ofrecer a la comunidad informaci\u00f3n sobre el espacio, apoyar en\nel cuidado de las instalaciones es una labor que me enorgullece, sobre todo\nporque reconozco la importancia de contar con lugares adecuados para hacer\ndeporte\u201d, asegura.<\/p>\n\n\n\n<figure class=\"wp-block-image\"><img decoding=\"async\" src=\"https:\/\/redsemlac.com\/semmexico\/wp-content\/uploads\/2019\/10\/ADMINISTRACIO\u0301N-2-1024x1024.jpeg\" alt=\"\" class=\"wp-image-12667\"\/><\/figure>\n\n\n\n<p class=\"wp-block-paragraph\">Mientras est\u00e1 trabajando, Luisa\nrecorre el parque haciendo recomendaciones a las y los usuarios sobre el\nadecuado uso de la pista de tart\u00e1n, gimnasio al aire libre y dem\u00e1s espacios. En\nocasiones, las y los deportistas la reconocen y le expresan su admiraci\u00f3n.<\/p>\n\n\n\n<p class=\"wp-block-paragraph\">Para ser maratonista, Luisa Pe\u00f1a\ncuenta con todo el apoyo familiar. \u201cLlegar a todo es dif\u00edcil\u201d, confiesa, pero\nsiempre se mantiene enfocada en su objetivo y en darle a su hija el ejemplo de\nser tenaz y superar barreras para lograr lo que quieres.<\/p>\n\n\n\n<p class=\"wp-block-paragraph\">Toda su vida practic\u00f3 el atletismo,\npero desde hace 10 a\u00f1os se ha adue\u00f1ado del asfalto y la monta\u00f1a cosechando\ntriunfos locales y nacionales. Descubri\u00f3 sus capacidades en el 2008, cuando\nserv\u00eda de acompa\u00f1ante-gu\u00eda a corredores con debilidad visual, \u201clo hice con\nmucha facilidad y ah\u00ed supe que esto era lo m\u00edo\u201d.<\/p>\n\n\n\n<p class=\"wp-block-paragraph\">Con gran fortaleza f\u00edsica, Pe\u00f1a\nV\u00e1squez ha corrido ocho maratones y m\u00e1s de una decena de medios maratones. El\n\u00faltimo fue el de la Ciudad de M\u00e9xico, donde alcanz\u00f3 un record personal de tres\nhoras un minuto, coloc\u00e1ndose en segundo lugar nacional y noveno general.&nbsp;<\/p>\n\n\n\n<p class=\"wp-block-paragraph\">Mientras corre, se enfoca en el\nobjetivo, en el trabajo de preparaci\u00f3n detr\u00e1s de cada justa. En el cari\u00f1o de\nsus familiares y amigos que la acompa\u00f1an en cada kil\u00f3metro, a\u00fan en el momento\nm\u00e1s cr\u00edtico y de mayor desgaste. Avanza decidida con fuerza en piernas y\ncoraz\u00f3n, siempre agradecida con quienes le han tendido la mano.<\/p>\n\n\n\n<p class=\"wp-block-paragraph\">\u201cValoro mucho el compa\u00f1erismo y\nrespaldo de la Secretar\u00eda de Administraci\u00f3n, de las autoridades sindicales,\nquienes me han apoyado much\u00edsimo y ya forman parte de cada medalla y cada\nlogro\u201d, refiere.<\/p>\n\n\n\n<p class=\"wp-block-paragraph\">Horas de sue\u00f1o, tiempo con la\nfamilia, momentos de diversi\u00f3n son sacrificios que acompa\u00f1an cada carrera en la\nque Luisa Pe\u00f1a V\u00e1squez se levanta victoriosa.<\/p>\n\n\n\n<p class=\"wp-block-paragraph\">\u201cA veces es duro, tienes que\naprender a aceptar el fracaso y el triunfo, pero siempre mirando al frente,\nvalorando lo que quieres, a donde quieres llegar, disfrutando el camino hacia\nla meta, por m\u00e1s lejano y dif\u00edcil que se vea\u201d, puntualiz\u00f3.<\/p>\n\n\n\n<p class=\"wp-block-paragraph\">SEM\/sj<\/p>\n","protected":false},"excerpt":{"rendered":"<p>Disciplina y pasi\u00f3n, las claves para ser las mejores corredoras del pa\u00eds<\/p>\n","protected":false},"author":3,"featured_media":12666,"comment_status":"open","ping_status":"open","sticky":false,"template":"","format":"standard","meta":{"_monsterinsights_skip_tracking":false,"footnotes":""},"categories":[690,54],"tags":[],"class_list":["post-12665","post","type-post","status-publish","format-standard","has-post-thumbnail","category-690","category-mujeres"],"_links":{"self":[{"href":"https:\/\/redsemlac.com\/semmexico\/wp-json\/wp\/v2\/posts\/12665","targetHints":{"allow":["GET"]}}],"collection":[{"href":"https:\/\/redsemlac.com\/semmexico\/wp-json\/wp\/v2\/posts"}],"about":[{"href":"https:\/\/redsemlac.com\/semmexico\/wp-json\/wp\/v2\/types\/post"}],"author":[{"embeddable":true,"href":"https:\/\/redsemlac.com\/semmexico\/wp-json\/wp\/v2\/users\/3"}],"replies":[{"embeddable":true,"href":"https:\/\/redsemlac.com\/semmexico\/wp-json\/wp\/v2\/comments?post=12665"}],"version-history":[{"count":0,"href":"https:\/\/redsemlac.com\/semmexico\/wp-json\/wp\/v2\/posts\/12665\/revisions"}],"wp:featuredmedia":[{"embeddable":true,"href":"https:\/\/redsemlac.com\/semmexico\/wp-json\/wp\/v2\/media\/12666"}],"wp:attachment":[{"href":"https:\/\/redsemlac.com\/semmexico\/wp-json\/wp\/v2\/media?parent=12665"}],"wp:term":[{"taxonomy":"category","embeddable":true,"href":"https:\/\/redsemlac.com\/semmexico\/wp-json\/wp\/v2\/categories?post=12665"},{"taxonomy":"post_tag","embeddable":true,"href":"https:\/\/redsemlac.com\/semmexico\/wp-json\/wp\/v2\/tags?post=12665"}],"curies":[{"name":"wp","href":"https:\/\/api.w.org\/{rel}","templated":true}]}}