{"id":12662,"date":"2019-10-07T23:22:12","date_gmt":"2019-10-07T23:22:12","guid":{"rendered":"https:\/\/redsemlac.com\/semmexico\/?p=12662"},"modified":"2023-07-21T15:12:01","modified_gmt":"2023-07-21T20:12:01","slug":"opinion-147","status":"publish","type":"post","link":"https:\/\/redsemlac.com\/semmexico\/opinion-147\/","title":{"rendered":"Mujeres y Pol\u00edtica"},"content":{"rendered":"\n<h2 class=\"wp-block-heading\">Los picos de las noticias y el drama de la vida\nreal<\/h2>\n\n\n\n<p class=\"wp-block-paragraph\"><strong>* La triple\nalianza sigue en pie: corrupci\u00f3n-pobreza-violencia<\/strong><\/p>\n\n\n\n<p class=\"wp-block-paragraph\"><strong>Soledad Jarqu\u00edn\nEdgar<\/strong><\/p>\n\n\n\n<p class=\"wp-block-paragraph\">SemM\u00e9xico, 7 octubre 2019.- Los picos de las\nnoticias est\u00e1n como dramas de televisi\u00f3n, entretenidos y preocupantes. Ya no\nsabemos con qu\u00e9 nuevo cap\u00edtulo vamos a despertar cada d\u00eda. En el medio, ocurren\ncosas importantes: m\u00e1s violencia generalizada, que golpea a ni\u00f1as y mujeres y\nuna mayor e inexplicable pobreza.<\/p>\n\n\n\n<p class=\"wp-block-paragraph\">Una realidad que contrasta con quienes viven en la \u00e9lite del poder pol\u00edtico y la corrupci\u00f3n que en ello subyace.<\/p>\n\n\n\n<p class=\"wp-block-paragraph\">Entretenidos entre cinturones de paz <em>sheimbuneana<\/em> o el final inesperado de\nJes\u00fas Orta Mart\u00ednez en la Secretar\u00eda de Seguridad Ciudadana en la Ciudad de\nM\u00e9xico, el villano de las feministas, no sabemos qu\u00e9 fue lo peor de lo m\u00e1s feo\nen el cap\u00edtulo de la Ciudad Innovadora y de Derechos. <\/p>\n\n\n\n<p class=\"wp-block-paragraph\">Como en el caso de Orta Mart\u00ednez, otro final\ninesperado fue el de Eduardo Medina Mora. En ambos casos nos quedamos en ascuas\nporque a ciencia cierta nadie sabe las razones, ni personales o\ninstitucionales, que llevaron al ministro de la Suprema Corte de Justicia de la\nNaci\u00f3n a dejar el cargo abruptamente cuando le quedaban a\u00f1os para vivir bien.<\/p>\n\n\n\n<p class=\"wp-block-paragraph\">Esta serie entre el poder y la gloria, donde los\ns\u00faper poderes, parecieron extinguirse de un momento a otro, el probable\nenriquecimiento il\u00edcito, a base de sus muchos a\u00f1os de trabajo en la burocracia,\npero de la elite mexicana, igual que la ex primera dama de M\u00e9xico, \u00e9sta s\u00ed, amasando\nuna fortuna multimillonaria en la far\u00e1ndula mexicana, aunque esa propuesta\nindecorosa tampoco la compraron quienes han vivido en el medio del espect\u00e1culo.\n<\/p>\n\n\n\n<p class=\"wp-block-paragraph\">Medina Mora ten\u00eda, se supo ahora, m\u00e1s pinta como\nempresario que como hombre en la procuraci\u00f3n de justicia. Por lo pronto, el\ncasi ex ministro, est\u00e1 desaparecido como lo estuvo unos d\u00edas el cuerpo del\ncantante Jos\u00e9 Jos\u00e9, que post mortem escenific\u00f3 un verdadero drama de la vida\nreal en la pantalla chica, comentado y escrito en casi todos los medios de\ncomunicaci\u00f3n, lo que sirvi\u00f3 al p\u00fablico primero para perdonar todos sus malos\nejemplos como se dice los tuvo por sus adicciones, lo importante dir\u00eda la vox\npopuli es que se levant\u00f3, lo super\u00f3 todo, y segundo para preocuparse e\nindignarse ante la incertidumbre de un Triste que vivi\u00f3 una Nave del Olvido, un\nfinal para entretenerse mientras el rumbo del pa\u00eds sigue en la inseguridad que\ncuesta vidas.<\/p>\n\n\n\n<p class=\"wp-block-paragraph\">Tambi\u00e9n la semana pasada, como un cap\u00edtulo de la\nrosa de Guadalupe, en Oaxaca se esperaba que no se consumara el desatino de la\ndeuda, pero el milagro no oper\u00f3 y s\u00ed la deuda, aprobada, inexplicablemente para\nla gran parte de la ciudadan\u00eda de una mayor\u00eda morenista que acept\u00f3 el\nendeudamiento por tres mil 500 millones de pesos que pidi\u00f3 el gobernador\npriista Alejandro Murat, para obras, y 13 mil millones de pesos m\u00e1s para pagar\notra deuda arrastrada por el ex gobernadores Ulises Ruiz y Gabino Cu\u00e9.<\/p>\n\n\n\n<p class=\"wp-block-paragraph\">En los entretelones del teatro de la vida\nlegislativa se quedaron las razones del legislativo, en especial de los\nmorenistas que rechazaron votar por la despenalizaci\u00f3n de la interrupci\u00f3n legal\ndel aborto, y que aceptaron sin tanto cuento la deuda. Eso, especulando, revela\nsus prioridades y c\u00f3mo llegar a la 4T tiene un lejano provenir. Tanto as\u00ed que\nsus m\u00e1s fieles seguidores cuestionaron su decisi\u00f3n. Hasta hoy no hay\nexplicaci\u00f3n de quienes aceptaron el endeudamiento millonario.<\/p>\n\n\n\n<p class=\"wp-block-paragraph\">As\u00ed el pa\u00eds, que vive, dice el secretario de\nHacienda y Cr\u00e9dito P\u00fablico, Arturo Herrera Guti\u00e9rrez, sin recesiones, pero con\nun crecimiento mediocre. \u00a1Hay la llevamos! esa podr\u00eda ser la frase, el drama se\nvive en el cada vez m\u00e1s acotado poder adquisitivo de la poblaci\u00f3n y en el\nrecrudecimiento de la violencia, en espec\u00edfico contra las mujeres, donde s\u00ed\nimpacta la falta de dinero, porque lo primero que se experimenta es una mayor\ndesigualdad y discriminaci\u00f3n.<\/p>\n\n\n\n<p class=\"wp-block-paragraph\">As\u00ed la falta de oportunidades no es otra cosa que\nuna forma de violencia. Es la triple alianza: corrupci\u00f3n-pobreza-violencia lo\nque urge romper, y s\u00f3lo se rompe con educaci\u00f3n-prosperidad-justicia esa s\u00ed\nser\u00eda una transformaci\u00f3n. <\/p>\n","protected":false},"excerpt":{"rendered":"<p>Los picos de las noticias y el drama de la vida real<\/p>\n","protected":false},"author":3,"featured_media":8460,"comment_status":"open","ping_status":"open","sticky":false,"template":"","format":"standard","meta":{"_monsterinsights_skip_tracking":false,"footnotes":""},"categories":[690,96,75],"tags":[],"class_list":["post-12662","post","type-post","status-publish","format-standard","has-post-thumbnail","category-690","category-mujeres-y-politica","category-soledad-jarquin-edgar"],"_links":{"self":[{"href":"https:\/\/redsemlac.com\/semmexico\/wp-json\/wp\/v2\/posts\/12662","targetHints":{"allow":["GET"]}}],"collection":[{"href":"https:\/\/redsemlac.com\/semmexico\/wp-json\/wp\/v2\/posts"}],"about":[{"href":"https:\/\/redsemlac.com\/semmexico\/wp-json\/wp\/v2\/types\/post"}],"author":[{"embeddable":true,"href":"https:\/\/redsemlac.com\/semmexico\/wp-json\/wp\/v2\/users\/3"}],"replies":[{"embeddable":true,"href":"https:\/\/redsemlac.com\/semmexico\/wp-json\/wp\/v2\/comments?post=12662"}],"version-history":[{"count":0,"href":"https:\/\/redsemlac.com\/semmexico\/wp-json\/wp\/v2\/posts\/12662\/revisions"}],"wp:featuredmedia":[{"embeddable":true,"href":"https:\/\/redsemlac.com\/semmexico\/wp-json\/wp\/v2\/media\/8460"}],"wp:attachment":[{"href":"https:\/\/redsemlac.com\/semmexico\/wp-json\/wp\/v2\/media?parent=12662"}],"wp:term":[{"taxonomy":"category","embeddable":true,"href":"https:\/\/redsemlac.com\/semmexico\/wp-json\/wp\/v2\/categories?post=12662"},{"taxonomy":"post_tag","embeddable":true,"href":"https:\/\/redsemlac.com\/semmexico\/wp-json\/wp\/v2\/tags?post=12662"}],"curies":[{"name":"wp","href":"https:\/\/api.w.org\/{rel}","templated":true}]}}