{"id":12659,"date":"2019-10-07T22:49:37","date_gmt":"2019-10-07T22:49:37","guid":{"rendered":"https:\/\/redsemlac.com\/semmexico\/?p=12659"},"modified":"2023-07-21T15:12:01","modified_gmt":"2023-07-21T20:12:01","slug":"fortalecen-cultura-del-buen-trato-a-embarazadas","status":"publish","type":"post","link":"https:\/\/redsemlac.com\/semmexico\/fortalecen-cultura-del-buen-trato-a-embarazadas\/","title":{"rendered":"Fortalecen cultura del buen trato a embarazadas"},"content":{"rendered":"\n<p class=\"wp-block-paragraph\"><strong>* El Centro Nacional de Equidad de G\u00e9nero y Salud\nReproductiva no habla de g\u00e9nero<\/strong><\/p>\n\n\n\n<p class=\"wp-block-paragraph\"><strong>* Garantizar\u00e1\nuna atenci\u00f3n segura, de calidad, respetuosa y sin discriminaci\u00f3n.<\/strong><strong><\/strong><\/p>\n\n\n\n<p class=\"wp-block-paragraph\"><strong>Redacci\u00f3n&nbsp;<\/strong><strong><\/strong><\/p>\n\n\n\n<p class=\"wp-block-paragraph\">SemM\u00e9xico, Cd. de M\u00e9xico,\n7 octubre 2019.- La Secretar\u00eda de Salud trabaja en la sensibilizaci\u00f3n y\ncapacitaci\u00f3n del personal para fortalecer la cultura del buen trato hacia la\nmujer embarazada y habr\u00e1 una coordinaci\u00f3n sectorial e intersectorial para darle\nseguimiento a los casos de violencia obst\u00e9trica, uno de los principales\nproblemas de salud materna, afirm\u00f3 Karla Berdichevsky Feldman, directora\ngeneral del Centro Nacional de Equidad de G\u00e9nero y Salud Reproductiva (CNEGSR)\nde esta instituci\u00f3n.<\/p>\n\n\n\n<p class=\"wp-block-paragraph\">Sin menci\u00f3n a uno de los\nobjetivos del centro, s\u00f3lo habl\u00f3 de atenci\u00f3n a la salud materna y perinatal,\nafirm\u00f3 que ello forma parte de la estrategia que contempla la atenci\u00f3n&nbsp;pregestacional,\ndel embarazo, puerperio, apoyo en la lactancia, anticoncepci\u00f3n post evento\nobst\u00e9trico y planificaci\u00f3n familiar. No mencion\u00f3 la palabra g\u00e9nero.<\/p>\n\n\n\n<p class=\"wp-block-paragraph\">Habl\u00f3&nbsp;en&nbsp;el\nsimposio Salud&nbsp;Sexual y Reproductiva, organizado por la Academia Nacional\nde Medicina (ANM) y la Comisi\u00f3n Nacional de Derechos Humanos (CNDH), la funcionaria\ndetall\u00f3 que este enfoque integral habilita un marco de acci\u00f3n que garantiza una\natenci\u00f3n segura, de calidad, respetuosa y sin discriminaci\u00f3n, orientada a\nprevenir la morbilidad y mortalidad materna y perinatal.<\/p>\n\n\n\n<p class=\"wp-block-paragraph\">Frente a la presidenta de\nla ANM, Teresita Corona V\u00e1zquez, y profesionales m\u00e9dicos del Sector Salud,\nBerdichevsky Feldman explic\u00f3 que se analizaron las \u00e1reas de oportunidad en este\ncampo para atender de&nbsp;&nbsp; forma efectiva los rezagos, principalmente lo\nreferente a calidad de atenci\u00f3n. No mencion\u00f3 acciones de salud sexual, s\u00f3lo de\nla maternidad y el embarazo.<\/p>\n\n\n\n<p class=\"wp-block-paragraph\">Indic\u00f3 que las cifras de\nmortalidad materna para ciertos grupos poblacionales revelan inequidades en el\nacceso a los servicios de salud, deficiencias en calidad de la atenci\u00f3n e\ninfraestructura, as\u00ed como en la capacidad de respuesta del personal de salud.<\/p>\n\n\n\n<p class=\"wp-block-paragraph\">La cifra nacional\npromedio de mortalidad materna es de 30 por cada mil nacidos vivos, pero en\nmujeres ind\u00edgenas este n\u00famero es mayor, como resultado de factores sociales que\ndeterminan la inequidad, entre ellos: escolaridad, ocupaci\u00f3n, lugar de\nresidencia o derechohabiencia. No habl\u00f3 de discriminaci\u00f3n de g\u00e9nero.<\/p>\n\n\n\n<p class=\"wp-block-paragraph\">Mencion\u00f3 que, en el\nperiodo de 1990 a la fecha, si bien se logr\u00f3 la meta de atenci\u00f3n de partos por\npersonal calificado en 98 por ciento de los nacimientos, no se obtuvo una\nreducci\u00f3n de la raz\u00f3n de muerte materna.<\/p>\n\n\n\n<p class=\"wp-block-paragraph\">\u201cEsto pudo deberse a la\nfalta de respaldo de las formas de organizaci\u00f3n de los recursos, por la\nsaturaci\u00f3n de los servicios, que se refleja a en la sobremedicalizaci\u00f3n de la\natenci\u00f3n que se observa a trav\u00e9s de los nacimientos atendidos por ces\u00e1rea, a\ninsuficiencia de recursos o demora en la atenci\u00f3n\u201d, coment\u00f3.<\/p>\n\n\n\n<p class=\"wp-block-paragraph\">La directora general de\nCNEGSR subray\u00f3 que es apremiante atender las demoras en la b\u00fasqueda y acceso a\nla atenci\u00f3n, sobre todo en la poblaci\u00f3n ind\u00edgena, la cual todav\u00eda enfrenta\ngrandes barreras para acceder a servicios con personal calificado,\nprincipalmente cuando hay una emergencia obst\u00e9trica.<\/p>\n\n\n\n<p class=\"wp-block-paragraph\">Finalmente, dijo, se debe\ntrabajar en cuidados pregestacionales y diagn\u00f3stico de las enfermedades cr\u00f3nico\ndegenerativas, a fin de ofrecer a las mujeres una estrategia de embarazo\nplaneado y programado para evitar poner en riesgo su vida y la de su beb\u00e9.<\/p>\n\n\n\n<p class=\"wp-block-paragraph\">SEM\/sj<\/p>\n","protected":false},"excerpt":{"rendered":"<p>La Secretar\u00eda de Salud trabaja en la sensibilizaci\u00f3n y capacitaci\u00f3n del personal para fortalecer la cultura del buen trato hacia la mujer embarazada<\/p>\n","protected":false},"author":3,"featured_media":12660,"comment_status":"open","ping_status":"open","sticky":false,"template":"","format":"standard","meta":{"_monsterinsights_skip_tracking":false,"footnotes":""},"categories":[690,51],"tags":[],"class_list":["post-12659","post","type-post","status-publish","format-standard","has-post-thumbnail","category-690","category-ejecutivo"],"_links":{"self":[{"href":"https:\/\/redsemlac.com\/semmexico\/wp-json\/wp\/v2\/posts\/12659","targetHints":{"allow":["GET"]}}],"collection":[{"href":"https:\/\/redsemlac.com\/semmexico\/wp-json\/wp\/v2\/posts"}],"about":[{"href":"https:\/\/redsemlac.com\/semmexico\/wp-json\/wp\/v2\/types\/post"}],"author":[{"embeddable":true,"href":"https:\/\/redsemlac.com\/semmexico\/wp-json\/wp\/v2\/users\/3"}],"replies":[{"embeddable":true,"href":"https:\/\/redsemlac.com\/semmexico\/wp-json\/wp\/v2\/comments?post=12659"}],"version-history":[{"count":0,"href":"https:\/\/redsemlac.com\/semmexico\/wp-json\/wp\/v2\/posts\/12659\/revisions"}],"wp:featuredmedia":[{"embeddable":true,"href":"https:\/\/redsemlac.com\/semmexico\/wp-json\/wp\/v2\/media\/12660"}],"wp:attachment":[{"href":"https:\/\/redsemlac.com\/semmexico\/wp-json\/wp\/v2\/media?parent=12659"}],"wp:term":[{"taxonomy":"category","embeddable":true,"href":"https:\/\/redsemlac.com\/semmexico\/wp-json\/wp\/v2\/categories?post=12659"},{"taxonomy":"post_tag","embeddable":true,"href":"https:\/\/redsemlac.com\/semmexico\/wp-json\/wp\/v2\/tags?post=12659"}],"curies":[{"name":"wp","href":"https:\/\/api.w.org\/{rel}","templated":true}]}}