{"id":12617,"date":"2019-10-07T20:18:10","date_gmt":"2019-10-07T20:18:10","guid":{"rendered":"https:\/\/redsemlac.com\/semmexico\/?p=12617"},"modified":"2023-07-21T15:12:02","modified_gmt":"2023-07-21T20:12:02","slug":"cuba-16","status":"publish","type":"post","link":"https:\/\/redsemlac.com\/semmexico\/cuba-16\/","title":{"rendered":"Cuba: A primer plano resiliencia de las mujeres"},"content":{"rendered":"\n<p class=\"wp-block-paragraph\"><strong>* Un documental de Lizette Vila e\nIngrid Le\u00f3n muestra testimonios de 22 mujeres<\/strong><\/p>\n\n\n\n<p class=\"wp-block-paragraph\"><strong>* Las cubanas hemos tenido que lidiar\ncon carencias de todo tipo<\/strong><\/p>\n\n\n\n<p class=\"wp-block-paragraph\"><strong>Redacci\u00f3n<\/strong><\/p>\n\n\n\n<p class=\"wp-block-paragraph\">SemM\u00e9xico\/SEMlac,\nLa Habana, 7 octubre 2019.- El poder de resistir y levantarse de las cubanas,\nde sobrevivir cada d\u00eda a las carencias y adversidades con optimismo y fuerza\nvital, es el hilo conductor de&nbsp;<a href=\"http:\/\/www.redsemlac-cuba.net\/sociedad-cultura\/el-bloqueo-hace-diana-en-las-mujeres-cuba.html\" target=\"_blank\" rel=\"noreferrer noopener\">Mujeres Resiliencia, derechos a la\nvida<\/a>,\nun documental de las realizadoras Lizette Vila e Ingrid Le\u00f3n, estrenado el\npasado 5 de octubre, en la capital cubana.<\/p>\n\n\n\n<p class=\"wp-block-paragraph\">\u00abResiliencia\nes m\u00e1s que resistir ante las dif\u00edciles situaciones y dificultades de la\nrealidad cubana impuestas por el bloqueo de los Estados Unidos\u00bb, suscribe\nel texto de presentaci\u00f3n, le\u00eddo ante el p\u00fablico que acudi\u00f3 a la funci\u00f3n de\nestreno en el cine Yara, una de las salas m\u00e1s c\u00e9ntricas de La Habana.<\/p>\n\n\n\n<p class=\"wp-block-paragraph\">Los\ntestimonios de 22 mujeres y cuatro hombres entrevistados para el material\nf\u00edlmico del&nbsp;<a href=\"http:\/\/www.proyectopalomas.cult.cu\/?page_id=8\" target=\"_blank\" rel=\"noreferrer noopener\">Proyecto Palomas<\/a>, Casa Productora Audiovisual para el\nActivismo Social, dan fe de sus vivencias y estrategias personales para avanzar\nen la vida, frente a los rigores de un&nbsp;<a href=\"http:\/\/www.redsemlac-cuba.net\/sociedad-cultura\/incertidumbres-y-hostilidad-en-tiempos-duros.html\" target=\"_blank\" rel=\"noreferrer noopener\">asedio econ\u00f3mico<\/a>&nbsp;y pol\u00edtico que suma\nya casi seis d\u00e9cadas.<\/p>\n\n\n\n<p class=\"wp-block-paragraph\">\u00abLas cubanas hemos tenido que lidiar con carencias de todo tipo\u00bb, se escucha en la voz de una de las narradoras, quien tambi\u00e9n asegura que \u00absostenemos la econom\u00eda grande y la peque\u00f1a, resistimos y sobrevivimos\u00bb.<\/p>\n\n\n\n<p class=\"wp-block-paragraph\">El documental se estrena en La Habana justo cuando el tema se retoma en la sede de la Organizaci\u00f3n de Naciones Unidas, en Nueva York, donde los d\u00edas 6 y 7 de noviembre ser\u00e1 considerado y votado nuevamente el proyecto de resoluci\u00f3n titulado<a rel=\"noreferrer noopener\" href=\"http:\/\/www.minrex.gob.cu\/sites\/default\/files\/2019-09\/Cuba%20vs%20Bloqueo.pdf\" target=\"_blank\">\u00a0\u00abNecesidad de poner fin al bloqueo econ\u00f3mico, comercial y financiero impuesto por los Estados Unidos de Am\u00e9rica contra Cuba\u00bb<\/a>.<\/p>\n\n\n\n<p class=\"wp-block-paragraph\">El audiovisual apunta a ejemplos y vivencias m\u00faltiples de los impactos del bloqueo en diferentes esferas de la vida econ\u00f3mica, social y cultural de la naci\u00f3n caribe\u00f1a.<br> \u00abPodemos tener, en algunos casos, 10 a\u00f1os o 15 a\u00f1os de diferencia en actualizaci\u00f3n tecnol\u00f3gica con el resto de los pa\u00edses desarrollados\u00bb, sostiene al ser entrevistada la doctora Beatriz Marcheco, especialista en Gen\u00e9tica.<\/p>\n\n\n\n<p class=\"wp-block-paragraph\">\u00abNos es vetado adquirir equipos que tengan un 10 por ciento o m\u00e1s en componentes, reactivos ni materiales de laboratorio que utilizamos de origen norteamericano\u00bb, agrega la experta y asegura que no son estos los \u00fanicos problemas generados para la ciencia por las pol\u00edticas estadounidenses hacia Cuba.<\/p>\n\n\n\n<p class=\"wp-block-paragraph\">\u00abPara nosotros se convierte en una odisea ir a un congreso internacional; muchas veces el d\u00f3lar no lo podemos transferir, hoy los cubanos no tenemos tarjetas de cr\u00e9dito y ya todo funciona por internet\u00bb.<\/p>\n\n\n\n<p class=\"wp-block-paragraph\">El\ninforme que Cuba presenta esta semana en la ONU contiene ejemplos de este tipo\ny su repercusi\u00f3n en la ciencia, la educaci\u00f3n, la vida cultural, deportiva, el\nsector bancario y de finanzas y el desarrollo econ\u00f3mico interno y externo del\npa\u00eds caribe\u00f1o.<\/p>\n\n\n\n<p class=\"wp-block-paragraph\">Tal es el caso de las infructuosas gestiones realizadas con la empresa estadounidenses PROMEGA CORPORATION, fabricante de enzimas y otros productos para la biotecnolog\u00eda y la biolog\u00eda molecular, con el objetivo de comprar insumos necesarios en el diagn\u00f3stico de enfermedades gen\u00e9ticas.<\/p>\n\n\n\n<p class=\"wp-block-paragraph\">El informe de Cuba contra el bloqueo consigna que el 16 de enero de este a\u00f1o dicho proveedor comunic\u00f3 la imposibilidad de cumplir con esa demanda, debido a las prohibiciones que establece el Departamento del Tesoro de Estados Unidos para suministrar productos, tecnolog\u00edas y servicios a Cuba desde entidades con sede en la naci\u00f3n norte\u00f1a.<\/p>\n\n\n\n<p class=\"wp-block-paragraph\">Desde las cuerdas que necesitan los violines hasta los insumos que no tiene la agricultura podr\u00edan adquirirse a menor costo y m\u00e1s r\u00e1pidamente si pudieran comprase en Estados Unidos, un mercado mucho m\u00e1s cercano, se induce de los testimonios que recoge el documental.<\/p>\n\n\n\n<p class=\"wp-block-paragraph\">Junto a Marcheco, cuentan sus vivencias la directora de orquesta\u00a0<a rel=\"noreferrer noopener\" href=\"https:\/\/camerataromeu.com\/en\/camerata-romeu\/\" target=\"_blank\">Zenaida Castro Romeu<\/a>, la campeona de atletismo Omara Durand, la maestra Agustina Alonso, la madre Mercedes Rabeiro, la productora agr\u00edcola Dulce Reina Herrera, la transexual y activista por la diversidad sexual<a rel=\"noreferrer noopener\" href=\"http:\/\/www.redsemlac-cuba.net\/diversidad-sexual\/%E2%80%9Cles-duele-que-renuncies-a-los-privilegios-que-tiene-un-hombre%E2%80%9D.html\" target=\"_blank\">\u00a0Nomi Ram\u00edrez<\/a>\u00a0y la educadora Ana Mar\u00eda Siverio, entre otras muchas mujeres que dan voz y rostro a la osad\u00eda cotidiana.<\/p>\n\n\n\n<p class=\"wp-block-paragraph\">Ellas resisten, sobreviven, crean y reconstruyen a diario sus vidas, las de su familia y la de un pa\u00eds que tambi\u00e9n ellas y otras muchas levantan a diario.<br> \u00abHemos desarrollado una resistencia que se confunde con la leyenda. No nos pueden en entender; tuvieran que vivirlo, atravesar todas la circunstancias que pasamos todos los d\u00edas, para poder interpretarnos\u00bb, resume ante la c\u00e1mara la doctora Marcheco.<\/p>\n\n\n\n<p class=\"wp-block-paragraph\">Mujeres Resiliencia, derechos a la vida,\u00a0cont\u00f3 con el apoyo financiero del Centro F\u00e9lix Varela y la Organizaci\u00f3n de las Naciones Unidas para la Educaci\u00f3n, la Ciencia y la Cultura (Unesco), junto a la colaboraci\u00f3n de numerosas instituciones y personas.<\/p>\n\n\n\n<p class=\"wp-block-paragraph\">SEM-SEMlac\/<\/p>\n","protected":false},"excerpt":{"rendered":"<p>Un documental de Lizette Vila e Ingrid Le\u00f3n muestra testimonios de 22 mujeres<\/p>\n","protected":false},"author":3,"featured_media":12618,"comment_status":"open","ping_status":"open","sticky":false,"template":"","format":"standard","meta":{"_monsterinsights_skip_tracking":false,"footnotes":""},"categories":[690,53],"tags":[],"class_list":["post-12617","post","type-post","status-publish","format-standard","has-post-thumbnail","category-690","category-internacional"],"_links":{"self":[{"href":"https:\/\/redsemlac.com\/semmexico\/wp-json\/wp\/v2\/posts\/12617","targetHints":{"allow":["GET"]}}],"collection":[{"href":"https:\/\/redsemlac.com\/semmexico\/wp-json\/wp\/v2\/posts"}],"about":[{"href":"https:\/\/redsemlac.com\/semmexico\/wp-json\/wp\/v2\/types\/post"}],"author":[{"embeddable":true,"href":"https:\/\/redsemlac.com\/semmexico\/wp-json\/wp\/v2\/users\/3"}],"replies":[{"embeddable":true,"href":"https:\/\/redsemlac.com\/semmexico\/wp-json\/wp\/v2\/comments?post=12617"}],"version-history":[{"count":0,"href":"https:\/\/redsemlac.com\/semmexico\/wp-json\/wp\/v2\/posts\/12617\/revisions"}],"wp:featuredmedia":[{"embeddable":true,"href":"https:\/\/redsemlac.com\/semmexico\/wp-json\/wp\/v2\/media\/12618"}],"wp:attachment":[{"href":"https:\/\/redsemlac.com\/semmexico\/wp-json\/wp\/v2\/media?parent=12617"}],"wp:term":[{"taxonomy":"category","embeddable":true,"href":"https:\/\/redsemlac.com\/semmexico\/wp-json\/wp\/v2\/categories?post=12617"},{"taxonomy":"post_tag","embeddable":true,"href":"https:\/\/redsemlac.com\/semmexico\/wp-json\/wp\/v2\/tags?post=12617"}],"curies":[{"name":"wp","href":"https:\/\/api.w.org\/{rel}","templated":true}]}}