{"id":12614,"date":"2019-10-07T20:03:49","date_gmt":"2019-10-07T20:03:49","guid":{"rendered":"https:\/\/redsemlac.com\/semmexico\/?p=12614"},"modified":"2023-07-21T15:12:02","modified_gmt":"2023-07-21T20:12:02","slug":"opinion-146","status":"publish","type":"post","link":"https:\/\/redsemlac.com\/semmexico\/opinion-146\/","title":{"rendered":"Los hechos que llevaron al Congreso de Oaxaca a despenalizar el aborto"},"content":{"rendered":"\n<p class=\"wp-block-paragraph\"><strong>* <\/strong><strong>La despenalizaci\u00f3n es un acto de justicia social<\/strong><\/p>\n\n\n\n<p class=\"wp-block-paragraph\"><strong>C\u00e9sar A. V\u00e1zquez Lince<\/strong><\/p>\n\n\n\n<p class=\"wp-block-paragraph\">SemM\u00e9xico, 7 octubre\n2019.- La sociedad mexicana se vio impactada con la despenalizaci\u00f3n del aborto\nen el estado de Oaxaca. Los reclamos de grupos pro vida, iglesia cat\u00f3lica y\nconservadores no se hizo esperar, inundando las redes de im\u00e1genes manifestando\nlo aborrecible del acto.<\/p>\n\n\n\n<p class=\"wp-block-paragraph\">Lo cierto es que estos\ngrupos s\u00f3lo ven las cosas desde su perspectiva ideol\u00f3gica, incentivada en el\ndesconocimiento de los hechos que llevaron al congreso oaxaque\u00f1o a tomar esta\ndeterminaci\u00f3n.<\/p>\n\n\n\n<p class=\"wp-block-paragraph\">Analicemos los hechos:<\/p>\n\n\n\n<ol class=\"wp-block-list\"><li>Mortalidad Materna: Los abortos mal practicados son la tercera causa de muerte materna en Oaxaca (a nivel  nacional es la cuarta posici\u00f3n).<\/li><\/ol>\n\n\n\n<ol class=\"wp-block-list\"><li>Movilidad Social: El 2.3 % de las  mujeres que abortaron logr\u00f3 estudiar un posgrado mientras que s\u00f3lo 1.1 %  de las que conservaron su embarazo alcanzaron ese nivel acad\u00e9mico.\u00a0<\/li><\/ol>\n\n\n\n<ol class=\"wp-block-list\"><li>Desigualdad: Las mujeres con embarazos  no deseados s\u00f3lo ten\u00edan dos opciones: ser madres involuntariamente o pagar un aborto clandestino. El cual no todas las mujeres pueden pagarlo, al  menos no uno seguro.<\/li><\/ol>\n\n\n\n<p class=\"wp-block-paragraph\">En Oaxaca el 60 % de la\npoblaci\u00f3n femenina ingresa mensualmente de 0 pesos a un salario m\u00ednimo: 3,060\npesos. La mitad de las mujeres no pueden pagar un aborto seguro. S\u00f3lo 2 de cada\n100 podr\u00edan pagarlo sin que su ingreso mensual se agote por completo<\/p>\n\n\n\n<p class=\"wp-block-paragraph\">Y afront\u00e9moslo, si una\nmujer decidi\u00f3 abortar lo va hacer, no importa si est\u00e1 penado o castigado por\ndios. Lo que realmente propone la ley es cerrar esa brecha de desigualdad entre\nlas mujeres que pueden hacerlo de un modo seguro y las que no. Y salvar vidas,\ntratar de evitar que se pierdan dos vidas.<\/p>\n\n\n\n<p class=\"wp-block-paragraph\">Querer imponer dogmas\npersonales a las acciones ajenas es entrar en debate filos\u00f3fico de que vida\nvale m\u00e1s que otra y en lo personal yo no puedo decidir eso y \u00bfusted?<\/p>\n\n\n\n<p class=\"wp-block-paragraph\">Las sociedades est\u00e1n\nconstantemente evolucionando seg\u00fan a sus necesidades, la sociedad de hoy no es\nla misma que la de ayer y ciertamente no lo ser\u00e1 la del ma\u00f1ana.<\/p>\n\n\n\n<p class=\"wp-block-paragraph\">La despenalizaci\u00f3n es un\nacto de justicia social que busca proteger y cuidar la salud de las mujeres m\u00e1s\nmarginadas. Fue un gran acierto de la legislatura oaxaque\u00f1a impulsada por la\nbancada de MORENA.&nbsp;<\/p>\n\n\n\n<p class=\"wp-block-paragraph\">Y ser\u00e1 a\u00fan mayor el\nacierto de la izquierda guinda si lo lleva a nivel nacional.<\/p>\n\n\n\n<p class=\"wp-block-paragraph\"><strong>Salud Jarocha<\/strong><\/p>\n\n\n\n<p class=\"wp-block-paragraph\">Parece que es tiempo de\nque el Gobernador hable con Roc\u00edo Nahle sobre su recomendado, el \u201cDoctor\u201d\nRoberto Ramos Alor a quien el cargo de Secretario de Salud del Estado de\nVeracruz le quedo grande.<\/p>\n\n\n\n<p class=\"wp-block-paragraph\">Veracruz ya alcanz\u00f3 el\nprimer lugar en muertes por caso de Dengue y si a esto le aunamos la serie de\neventos que hicieron que se desencadenara la epidemia, como por ejemplo negar\nlos primeros casos, ocultar la informaci\u00f3n de estos y no tomar medidas\ncorrespondientes.<\/p>\n\n\n\n<p class=\"wp-block-paragraph\">Es comprensible se\u00f1alarlo\ncomo verdadero responsable por su incompetencia ante la crisis.<\/p>\n\n\n\n<p class=\"wp-block-paragraph\">El Gobernador necesita,\nm\u00e1s que limpiar el desastre de su colaborador, hacer ajustes en su gabinete.<\/p>\n","protected":false},"excerpt":{"rendered":"<p> La despenalizaci\u00f3n es un acto de justicia social<\/p>\n","protected":false},"author":3,"featured_media":12232,"comment_status":"open","ping_status":"open","sticky":false,"template":"","format":"standard","meta":{"_monsterinsights_skip_tracking":false,"footnotes":""},"categories":[690,82,110],"tags":[],"class_list":["post-12614","post","type-post","status-publish","format-standard","has-post-thumbnail","category-690","category-la-opinion","category-la-opinion-columnas"],"_links":{"self":[{"href":"https:\/\/redsemlac.com\/semmexico\/wp-json\/wp\/v2\/posts\/12614","targetHints":{"allow":["GET"]}}],"collection":[{"href":"https:\/\/redsemlac.com\/semmexico\/wp-json\/wp\/v2\/posts"}],"about":[{"href":"https:\/\/redsemlac.com\/semmexico\/wp-json\/wp\/v2\/types\/post"}],"author":[{"embeddable":true,"href":"https:\/\/redsemlac.com\/semmexico\/wp-json\/wp\/v2\/users\/3"}],"replies":[{"embeddable":true,"href":"https:\/\/redsemlac.com\/semmexico\/wp-json\/wp\/v2\/comments?post=12614"}],"version-history":[{"count":0,"href":"https:\/\/redsemlac.com\/semmexico\/wp-json\/wp\/v2\/posts\/12614\/revisions"}],"wp:featuredmedia":[{"embeddable":true,"href":"https:\/\/redsemlac.com\/semmexico\/wp-json\/wp\/v2\/media\/12232"}],"wp:attachment":[{"href":"https:\/\/redsemlac.com\/semmexico\/wp-json\/wp\/v2\/media?parent=12614"}],"wp:term":[{"taxonomy":"category","embeddable":true,"href":"https:\/\/redsemlac.com\/semmexico\/wp-json\/wp\/v2\/categories?post=12614"},{"taxonomy":"post_tag","embeddable":true,"href":"https:\/\/redsemlac.com\/semmexico\/wp-json\/wp\/v2\/tags?post=12614"}],"curies":[{"name":"wp","href":"https:\/\/api.w.org\/{rel}","templated":true}]}}