{"id":12611,"date":"2019-10-07T19:58:02","date_gmt":"2019-10-07T19:58:02","guid":{"rendered":"https:\/\/redsemlac.com\/semmexico\/?p=12611"},"modified":"2023-07-21T15:12:02","modified_gmt":"2023-07-21T20:12:02","slug":"guerrero-47","status":"publish","type":"post","link":"https:\/\/redsemlac.com\/semmexico\/guerrero-47\/","title":{"rendered":"Posponen nuevamente presentaci\u00f3n de Spotlight en Chilpancingo"},"content":{"rendered":"\n<p class=\"wp-block-paragraph\"><strong>* Nueva fecha propuesta: 20 y 21 de octubre<\/strong><\/p>\n\n\n\n<p class=\"wp-block-paragraph\"><strong>* Las emergencias climatol\u00f3gicas en Guerrero, prioridad en estos\nmomentos<\/strong><\/p>\n\n\n\n<p class=\"wp-block-paragraph\"><strong>Josefina Aguilar Pastor<\/strong><\/p>\n\n\n\n<p class=\"wp-block-paragraph\">SemM\u00e9xico. Chilpancingo, Gro., 7 octubre 2019.- Por\ntercera ocasi\u00f3n, y debido a las condiciones climatol\u00f3gicas en esta entidad, se\npospuso la presentaci\u00f3n e instalaci\u00f3n del Spotlight en Chilpancingo, propuesta que busca eliminar todas las\nformas de violencia contra las mujeres y las ni\u00f1as y erradicar el feminicidio\nen este municipio.<\/p>\n\n\n\n<p class=\"wp-block-paragraph\">La presentaci\u00f3n oficial\nse habr\u00eda programado para este lunes 7 de los corrientes, luego del acto\noficial, se instalar\u00edan mesas de trabajo que se desarrollar\u00edan a lo largo de\ndos d\u00edas -7 y 8- para capacitar tanto al funcionariado como a las y los\nrepresentantes de la sociedad civil, as\u00ed como para presentar propuestas.<\/p>\n\n\n\n<p class=\"wp-block-paragraph\">Sin embargo, el viernes\npasado, desde el grupo de referencia de ONUMujeres, se notific\u00f3 que \u201cel taller Spotlight programado para los d\u00edas 7 y 8\nde octubre en Chilpancingo, tendr\u00e1 que reprogramarse para finales de mes,\ndebido a emergencias climatol\u00f3gicas en distintas regiones del estado que\nrequieren de atenci\u00f3n prioritaria por parte del gobernador y funcionariado\nestatal\u201d.<\/p>\n\n\n\n<p class=\"wp-block-paragraph\">La iniciativa anunciada desde el mes de mayo, se\nimplementar\u00eda en septiembre, lo cual no pudo ser posible por no coincidir las\nagendas del funcionariado que participar\u00eda, por lo que fue reprogramada para\nhoy y ma\u00f1ana, en esta ocasi\u00f3n, el clima ha sido el factor que oblig\u00f3 a los\nresponsables a posponerla para los d\u00edas 20 y 21 de este mismo mes de octubre.<\/p>\n\n\n\n<p class=\"wp-block-paragraph\">La Iniciativa Spotlight fue anunciada para ser\nimplementada en cinco municipios del pa\u00eds: en los Estado de Estado de M\u00e9xico, Ecatepec y\nNaucalpan; en Chihuahua, Chihuahua\ny Ciudad Ju\u00e1rez, y en Guerrero en la capital Chilpancingo, siendo este \u00faltimo\nel que a\u00fan falta por instalarse.<\/p>\n\n\n\n<p class=\"wp-block-paragraph\">Su objetivo es eliminar todas las formas\nde violencia contra las mujeres y las ni\u00f1as, y es promovida por la Uni\u00f3n\nEuropea y las Naciones Unidas a trav\u00e9s de las agencias, ONUMujeres, el Programa\nde las Naciones Unidas para el Desarrollo (PNUD), la <strong>Oficina de las Naciones Unidas contra la\nDroga y el Delito (<\/strong>UNODC), el Fondo de Poblaci\u00f3n de las Naciones Unidas (UNFPA), la Oficina del Alto Comisionado de las Naciones Unidas para los\nDerechos Humanos (ACNUDH) y el Fondo de las Naciones\nUnidas para la Infancia (UNICEF), con un periodo de implementaci\u00f3n del\na\u00f1o 2019 al 2022.<\/p>\n\n\n\n<p class=\"wp-block-paragraph\">SEM\/ja\/sj<\/p>\n","protected":false},"excerpt":{"rendered":"<p>Nueva fecha propuesta: 20 y 21 de octubre<\/p>\n","protected":false},"author":3,"featured_media":12612,"comment_status":"open","ping_status":"open","sticky":false,"template":"","format":"standard","meta":{"_monsterinsights_skip_tracking":false,"footnotes":""},"categories":[690,51],"tags":[],"class_list":["post-12611","post","type-post","status-publish","format-standard","has-post-thumbnail","category-690","category-ejecutivo"],"_links":{"self":[{"href":"https:\/\/redsemlac.com\/semmexico\/wp-json\/wp\/v2\/posts\/12611","targetHints":{"allow":["GET"]}}],"collection":[{"href":"https:\/\/redsemlac.com\/semmexico\/wp-json\/wp\/v2\/posts"}],"about":[{"href":"https:\/\/redsemlac.com\/semmexico\/wp-json\/wp\/v2\/types\/post"}],"author":[{"embeddable":true,"href":"https:\/\/redsemlac.com\/semmexico\/wp-json\/wp\/v2\/users\/3"}],"replies":[{"embeddable":true,"href":"https:\/\/redsemlac.com\/semmexico\/wp-json\/wp\/v2\/comments?post=12611"}],"version-history":[{"count":0,"href":"https:\/\/redsemlac.com\/semmexico\/wp-json\/wp\/v2\/posts\/12611\/revisions"}],"wp:featuredmedia":[{"embeddable":true,"href":"https:\/\/redsemlac.com\/semmexico\/wp-json\/wp\/v2\/media\/12612"}],"wp:attachment":[{"href":"https:\/\/redsemlac.com\/semmexico\/wp-json\/wp\/v2\/media?parent=12611"}],"wp:term":[{"taxonomy":"category","embeddable":true,"href":"https:\/\/redsemlac.com\/semmexico\/wp-json\/wp\/v2\/categories?post=12611"},{"taxonomy":"post_tag","embeddable":true,"href":"https:\/\/redsemlac.com\/semmexico\/wp-json\/wp\/v2\/tags?post=12611"}],"curies":[{"name":"wp","href":"https:\/\/api.w.org\/{rel}","templated":true}]}}