{"id":12609,"date":"2019-10-07T19:45:01","date_gmt":"2019-10-07T19:45:01","guid":{"rendered":"https:\/\/redsemlac.com\/semmexico\/?p=12609"},"modified":"2023-07-21T15:12:02","modified_gmt":"2023-07-21T20:12:02","slug":"opinion-145","status":"publish","type":"post","link":"https:\/\/redsemlac.com\/semmexico\/opinion-145\/","title":{"rendered":"Botella al Mar"},"content":{"rendered":"\n<h2 class=\"wp-block-heading\"><strong>Jorgito<\/strong><\/h2>\n\n\n\n<p class=\"wp-block-paragraph\"><strong>Martha\nCanseco Gonz\u00e1lez<\/strong><\/p>\n\n\n\n<p class=\"wp-block-paragraph\">SemM\u00e9xico. 07 de octubre 2019.- Menudo\nfavor le hizo al diputado de MORENA Jorge Mayorga Olvera qui\u00e9n le consigui\u00f3 una\nentrevista con el colmilludo Julio Hern\u00e1ndez en su programa Astillero, \u00a1con\nesos amigos, para qu\u00e9 quieres enemigos! Peor a\u00fan si \u00e9l la solicit\u00f3 la\nexhibici\u00f3n de las enormes carencias del legislador por Tepeapulco fue a nivel\nnacional y de pechito como se dice.<\/p>\n\n\n\n<p class=\"wp-block-paragraph\">Para qui\u00e9nes no saben, Jorgito\ncomparo las corridas de toros con el derecho a la suspensi\u00f3n voluntaria del\nembarazo y como sigue de pechito yo aprovecho. Tratando de justificar lo\ninjustificable el legislador cay\u00f3 una y otra vez durante la entrevista con ese\nviejo lobo de mar de nombre Julio.<\/p>\n\n\n\n<p class=\"wp-block-paragraph\">\u00a1Estoy a favor de que se consulte a\nla ciudadan\u00eda\u2026Voy a hacer una consulta, \u00a1voy a poner mi sueldo!, reitero el\ndiputado. Jorgito, los derechos no se consultan, los derechos se garantizan y\nt\u00fa como diputado tienes el deber de garantizar ese derecho a las hidalguenses.\nEl aborto en Hidalgo es legal, bajo ciertas circunstancias, ya se practica, lo\nque se est\u00e1 pidiendo es que se despenalice.<\/p>\n\n\n\n<p class=\"wp-block-paragraph\">\u201cYo fui padre a los 15 a\u00f1os\u201d revel\u00f3\nmuy orondo. Jorgito s\u00ed t\u00fa regaste el tepache por no usar el cond\u00f3n, \u00bfpor qu\u00e9\nquieres obligar a lo mismo a las y los j\u00f3venes de Hidalgo? S\u00ed estuvieras\nenterado sabr\u00edas que a la par de exigir que se despenalice el aborto, tambi\u00e9n\nse est\u00e1n demandando otras cosas. Ah\u00ed te va lo que repetimos como mantra en la\nMarea Verde Hidalgo: \u201c\u00a1Educaci\u00f3n sexual para decidir, m\u00e9todos anticonceptivos\npara no abortar, aborto legal para no morir!\u201d<\/p>\n\n\n\n<p class=\"wp-block-paragraph\">Luego dijiste, \u201cno porque se aprob\u00f3\nen Oaxaca tenemos que aprobarlo en otros estados\u201d. \u00bfAdivina qu\u00e9?, es urgente\nque se apruebe en todo el pa\u00eds, porque mientras m\u00e1s se tarden m\u00e1s mujeres y\nni\u00f1as est\u00e1n muriendo por abortos mal practicados. \u00a1Nadie estamos a favor del\naborto!, pero ocurren, entonces quienes no pueden pagarlo en una cl\u00ednica\nprivada, que son la mayor\u00eda de las mujeres, el estado tiene que garantizarles\nque sea de manera legal, segura y gratuita.<\/p>\n\n\n\n<p class=\"wp-block-paragraph\">Tambi\u00e9n te recuerdo Jorge que las\nmujeres no nos embarazamos solas, que ya hay pastillas anticonceptivas para\nhombres y que siempre tendr\u00e1n ah\u00ed la opci\u00f3n de la vasectom\u00eda, ustedes tambi\u00e9n\nse tienen que hacer responsables, no solo nosotras.<\/p>\n\n\n\n<p class=\"wp-block-paragraph\">En este sentido, tambi\u00e9n muy\ndesafortunadas las declaraciones del gobernador Omar Fayad, de que hay que esperar\npor lo menos a qu\u00e9 se apruebe en otros 15 estados \u00a1por favor muestren un poco\nde respeto por las hidalguenses!<\/p>\n\n\n\n<p class=\"wp-block-paragraph\">\u00a1Muy tierno te o\u00edste diciendo que\nhay que respetar a todos los seres vivos! Por favor av\u00edsale a t\u00fa compa\u00f1ero de\nbancada Rafael Garnica Alonso que vas a votar en contra de su iniciativa para\ndeclarar las peleas de gallos como patrimonio cultural inmaterial y que ni se\nle ocurra hacer lo mismo con la fiesta brava, porque habr\u00e1s de ser congruente\nentre lo que dices y haces.<\/p>\n\n\n\n<p class=\"wp-block-paragraph\">Y aqu\u00ed expongo el verdadero meollo\ndel asunto queridas y queridos lectores: Los diputados del honorable Congreso\nde Hidalgo, amenazaron a sus compa\u00f1eras diputadas qu\u00e9, s\u00ed no aprueban las\npeleas de gallos, ellos no aprobaran la despenalizaci\u00f3n del aborto.<\/p>\n\n\n\n<p class=\"wp-block-paragraph\">Por supuesto, declarar las peleas de\ngallos patrimonio cultural inmaterial, responde a intereses econ\u00f3micos muy\nespec\u00edficos de un grupo de personas que se hacen ricas con los palenques. Los\ndiputados est\u00e1n m\u00e1s interesados en el dinero que en salvar la vida de las\nmujeres y las ni\u00f1as de Hidalgo.<\/p>\n\n\n\n<p class=\"wp-block-paragraph\">\u00a1No nos merecemos ese Congreso!, \u00a1No\nqueremos diputados que vayan a defender intereses de minor\u00edas, necesitamos\nlegisladores que garanticen los derechos humanos y uno de esos es el derecho al\naborto sin que pongan ning\u00fan condicionamiento!<\/p>\n\n\n\n<p class=\"wp-block-paragraph\">Va toda mi sororidad con las\ndiputadas, s\u00e9 que la presi\u00f3n, las burlas y los reclamos abruman, \u00a1necesitan ser\nm\u00e1s fuertes y no rendirse! A todas las diputadas del Congreso les recuerdo que\nest\u00e1n ah\u00ed gracias a la lucha ancestral de otras mujeres hidalguenses. Que s\u00ed en\nesta ocasi\u00f3n se trata de una iniciativa de MORENA, pero nos beneficia a todas,\n\u00bfpor qu\u00e9 no votar a favor?<\/p>\n\n\n\n<p class=\"wp-block-paragraph\">\u00a1No se valen abstenciones ni mucho\nmenos votos en contra!<\/p>\n\n\n\n<p class=\"wp-block-paragraph\">\u00a1No a la mezquindad, s\u00ed a la\nsororidad! <\/p>\n\n\n\n<p class=\"wp-block-paragraph\"><strong>botellalmar2017@gmail.com<\/strong><\/p>\n","protected":false},"excerpt":{"rendered":"<p>Jorgito<\/p>\n","protected":false},"author":3,"featured_media":9095,"comment_status":"open","ping_status":"open","sticky":false,"template":"","format":"standard","meta":{"_monsterinsights_skip_tracking":false,"footnotes":""},"categories":[690,98,84],"tags":[],"class_list":["post-12609","post","type-post","status-publish","format-standard","has-post-thumbnail","category-690","category-botella-al-mar","category-martha-canseco"],"_links":{"self":[{"href":"https:\/\/redsemlac.com\/semmexico\/wp-json\/wp\/v2\/posts\/12609","targetHints":{"allow":["GET"]}}],"collection":[{"href":"https:\/\/redsemlac.com\/semmexico\/wp-json\/wp\/v2\/posts"}],"about":[{"href":"https:\/\/redsemlac.com\/semmexico\/wp-json\/wp\/v2\/types\/post"}],"author":[{"embeddable":true,"href":"https:\/\/redsemlac.com\/semmexico\/wp-json\/wp\/v2\/users\/3"}],"replies":[{"embeddable":true,"href":"https:\/\/redsemlac.com\/semmexico\/wp-json\/wp\/v2\/comments?post=12609"}],"version-history":[{"count":0,"href":"https:\/\/redsemlac.com\/semmexico\/wp-json\/wp\/v2\/posts\/12609\/revisions"}],"wp:featuredmedia":[{"embeddable":true,"href":"https:\/\/redsemlac.com\/semmexico\/wp-json\/wp\/v2\/media\/9095"}],"wp:attachment":[{"href":"https:\/\/redsemlac.com\/semmexico\/wp-json\/wp\/v2\/media?parent=12609"}],"wp:term":[{"taxonomy":"category","embeddable":true,"href":"https:\/\/redsemlac.com\/semmexico\/wp-json\/wp\/v2\/categories?post=12609"},{"taxonomy":"post_tag","embeddable":true,"href":"https:\/\/redsemlac.com\/semmexico\/wp-json\/wp\/v2\/tags?post=12609"}],"curies":[{"name":"wp","href":"https:\/\/api.w.org\/{rel}","templated":true}]}}