{"id":12606,"date":"2019-10-07T19:37:48","date_gmt":"2019-10-07T19:37:48","guid":{"rendered":"https:\/\/redsemlac.com\/semmexico\/?p=12606"},"modified":"2023-07-21T15:12:02","modified_gmt":"2023-07-21T20:12:02","slug":"opinion-144","status":"publish","type":"post","link":"https:\/\/redsemlac.com\/semmexico\/opinion-144\/","title":{"rendered":"Alfa Omega"},"content":{"rendered":"\n<h2 class=\"wp-block-heading\"><strong>De infiernos pasan las prisiones a Centros de cultura y esparcimiento<\/strong><\/h2>\n\n\n\n<p class=\"wp-block-paragraph\"><strong>Jorge Herrera Valenzuela<\/strong><\/p>\n\n\n\n<p class=\"wp-block-paragraph\"><strong><em>Gracias al maestro\nMiguel Le\u00f3n Portilla por su enriquecedor legado<\/em><\/strong><\/p>\n\n\n\n<p class=\"wp-block-paragraph\">SemM\u00e9xico.\n07 de octubre 2019.- Luego de 76 a\u00f1os de ser uno de los penales del Estado de\nNuevo Le\u00f3n, se procedi\u00f3 al cierre de la c\u00e1rcel de Topo Chico, el pasado 30 de\nseptiembre. Muchas son las historias que se pondr\u00e1n al descubierto y de las que\nse hablar\u00e1 durante mucho tiempo. Todos los relatos estar\u00e1n referidos a las\ninjusticias, a los abusos, a los privilegios, cometidos unos y otros\ndisfrutados por los reos encubiertos por las autoridades, \u00e9stas \u00faltimamente\nsometidas a las \u00f3rdenes de los narcotraficantes y de la imbatible delincuencia\norganizada.<\/p>\n\n\n\n<p class=\"wp-block-paragraph\">Topo Chico\nes el segundo \u201cinfierno terrestre\u201d que, en este primer a\u00f1o del sexenio\nlopezobradorista, deja de funcionar como prisi\u00f3n. Ahora ser\u00e1 un parque p\u00fablico\ny se construir\u00e1 el edificio del Archivo General del Estado. El pasado 11 de\nmarzo, al cumplir 100 d\u00edas de presidente, <strong>Andr\u00e9s\nManuel L\u00f3pez Obrador, <\/strong>anunci\u00f3 la transformaci\u00f3n del temido penal de <strong>Las Islas Mar\u00edas <\/strong>(en el Oc\u00e9ano\nPac\u00edfico)en un Centro de Educaci\u00f3n\nAmbiental y Capacitaci\u00f3n de Ni\u00f1os y J\u00f3venes, imponi\u00e9ndole el nombre de <strong>Muro de Agua-Jos\u00e9 Revueltas.<\/strong><\/p>\n\n\n\n<p class=\"wp-block-paragraph\">Bueno, les\ncomento de los sucedidos en los centros penitenciarios de nuestro pa\u00eds en el\nSiglo XIX y uno de los primeros fes el origende la C\u00e1rcel de Bel\u00e9m, cuya\nhistoria se remonta al a\u00f1o 1683 cuando el sacerdote espa\u00f1ol <strong>Domingo P\u00e9rez Barcia <\/strong>fund\u00f3 el Centro\npara Madres Solteras y Viudas en el barrio de Bel\u00e9m, en lo que ahora limitan al\nNorte, Arcos de Bel\u00e9m, al Sur Dr. L. R\u00edo de la Loza, al Oriente, la calle\nGabriel Hern\u00e1ndez y al Poniente, Ni\u00f1os H\u00e9roes, Col. Doctores, exactamente donde\nfue Televicentro y hoy es Televisa, en la Ciudad de M\u00e9xico.<\/p>\n\n\n\n<p class=\"wp-block-paragraph\">Pues bien,\nun siglo despu\u00e9s en ese mismo terreno estuvo el Colegio de Ni\u00f1as de San Miguel\nde las Mochas, mismo que en 1863 clausur\u00f3 el presidente <strong>Benito Ju\u00e1rez<\/strong>, entregando el edificio al Ministerio de Justicia y <strong>&nbsp;<\/strong>las\nni\u00f1as enviadas al Colegio de las Vizca\u00ednas. A\u00f1os m\u00e1s tarde fue la C\u00e1rcel de la\nAcordada, prisi\u00f3n municipal y posteriormente la antihigi\u00e9nica C\u00e1rcel de Bel\u00e9m,\ndonde no hab\u00eda excusados, los reos dorm\u00edan sobre el piso y la comida consist\u00eda\nen atole, pambazos, arroz, dos pedazos de pan, \u201calgo que parec\u00eda carne\u201d y no\nhab\u00eda platos, les serv\u00edan en los sombreros y los que no ten\u00edan, lo recib\u00edan\ntodo en las manos.<\/p>\n\n\n\n<p class=\"wp-block-paragraph\"><strong>EL CENTRO ESCOLAR REVOLUCI\u00d3N<\/strong><\/p>\n\n\n\n<p class=\"wp-block-paragraph\">La C\u00e1rcel de\nBel\u00e9m, hacinados hombres, mujeres y \u201creos menores de edad\u201d, en los d\u00edas de La\nDecena Tr\u00e1gica (febrero de 1913 fue abierta por \u201clos alzados\u201d) qued\u00f3 despoblada\ny por esos tiempos volvi\u00f3 a ser prisi\u00f3n hasta 1933 cuando el presidente <strong>Abelardo L. Rodr\u00edguez <\/strong>orden\u00f3 su\ndemolici\u00f3n y se levant\u00f3 el Centro Escolar Revoluci\u00f3n, inauguradas en 1934 sus\n\u00e1reas de jard\u00edn de ni\u00f1os, primaria y secundaria. Mis hermanos <strong>Arturo y Luis <\/strong>ah\u00ed concluyeron los\nestudios primarios; los tres fuimos alumnos de la Secundaria Diurna No. 14.<\/p>\n\n\n\n<p class=\"wp-block-paragraph\">En esos\nedificios hay murales de <strong>Diego Rivera <\/strong>y\nvitrales de <strong>Ferm\u00edn Revueltas<\/strong>. Entre\nlos \u201cpersonajes\u201d de esa prisi\u00f3n estuvieron dos muy conocidos y que inclusive\nsus vidas fueron llevadas a las pantallas del cine, adem\u00e1s de ser tema de\nradionovelas y de revistas: <strong>Jes\u00fas\nNegrete<\/strong>, \u201c<strong>El Tigre de Santa Julia<\/strong>\u201d\ny <strong>Chucho el Roto<\/strong>\u201d, <strong>Jes\u00fas Arriaga<\/strong>. Pese a la vigilancia, se\nprodujeron algunas fugas y uno de los que lograron salir a hurtadillas fue\n\u201cChucho el Roto\u201d.<\/p>\n\n\n\n<p class=\"wp-block-paragraph\"><strong>EL PALACIO NEGRO DE LECUMBERRI<\/strong> <\/p>\n\n\n\n<p class=\"wp-block-paragraph\">Todas las\nprisiones han sido, son y ser\u00e1n lugares donde se tejen las historias m\u00e1s\nincre\u00edbles, dram\u00e1ticas, horrorizantes, espeluznantes, por eso pertenecen a la\nliteratura negra. La Penitenciar\u00eda del Distrito Federal fue inaugurada el 29 de\nseptiembre de 1900 por el presidente <strong>Porfirio\nD\u00edaz <\/strong>y cerr\u00f3 sus rejas a las 6:20 horas del 26 de agosto de 1976 por\n\u00f3rdenes del presidente <strong>Luis Echeverr\u00eda<\/strong>;\npara entonces era C\u00e1rcel Preventiva de la Ciudad de M\u00e9xico, el doctor <strong>Sergio Garc\u00eda Ram\u00edrez <\/strong>y el capit\u00e1n <strong>Rosalino Ram\u00edrez Faz<\/strong> fueron los \u00faltimos\ndirector y subdirector, respectivamente. En los d\u00edas porfiristas el primer\ndirector fue el jurista <strong>Miguel Macedo<\/strong>.<\/p>\n\n\n\n<p class=\"wp-block-paragraph\">&nbsp;\u00bfPor qu\u00e9 Palacio Negro de Lecumberri? Pues,\nsucede que en la d\u00e9cada de 1880 el due\u00f1o de esos terrenos, ubicados al Oriente de\nla Capital del Pa\u00eds, eran propiedad de un rico espa\u00f1ol de nombre <strong>Manuel Lecumberri<\/strong> y de ah\u00ed que se haya\ntomado el apellido del exdue\u00f1o para agregarlo a \u201cPalacio Negro\u201d<strong>, cuyo primer hu\u00e9sped <\/strong>fue el zapatero\nde 33 a\u00f1os de edad, <strong>Rafael Buend\u00eda y\nS\u00e1nchez<\/strong>, autor de tres homicidios. Ingres\u00f3 el <strong>2 de Octubre de 1900<\/strong>. Le siguieron, tambi\u00e9n por homicidio, el\npuertorrique\u00f1o Antonio Andino, el ind\u00edgena Manuel Z\u00fa\u00f1iga, Pedro S\u00e1nchez y el\nprimer c\u00e9lebre <strong>Barba Azul mexicano<\/strong>,\nCenobio Godoy&nbsp; que tuvo 8 mujeres y 27\nhijos; mat\u00f3 de un tiro de escopeta a su \u00faltima c\u00f3nyuge.<\/p>\n\n\n\n<p class=\"wp-block-paragraph\">Bien, hubo\nintenciones presidenciales (en 1976) de desaparecer toda la construcci\u00f3n, pero\nlas opiniones fueron en contra de esa idea y la prisi\u00f3n se convirti\u00f3 en el <strong>Archivo General de la Nacional<\/strong>, donde\nconoc\u00ed a su \u00fanica directora, a la historiadora y amiga, la doctora <strong>Patricia Galeana Herrera<\/strong>, hoy nuestra\nEmbajadora en Colombia. Mucho que escribir sobre \u201cla Peni\u201d que el 14 de octubre\nde 1957 fue sustituida como prisi\u00f3n de sentenciados por la actual Penitenciar\u00eda\nde Santa Martha Acatitla, inaugurada por el presidente <strong>Adolfo Ruiz Cortines<\/strong>.<\/p>\n\n\n\n<p class=\"wp-block-paragraph\"><strong>ES EL PRESIDENTE DE UN GRAN PA\u00cdS<\/strong><\/p>\n\n\n\n<p class=\"wp-block-paragraph\">Urge que\nalguien le haga saber al tabasque\u00f1o elegido por 30 millones de mexicanos que\ndesde el 1 de diciembre de 2018 es el Presidente de los Estados Unidos\nMexicanos, un pa\u00eds que est\u00e1 perdiendo todo en el \u00e1mbito universal al enterarse\nde que el presidente de la Rep\u00fablica Mexicana pidi\u00f3 a los narcotraficantes que\nsean menos violentos, que piensen en sus mamacitas y a los v\u00e1ndalos que\naterrorizan a la ciudadan\u00eda, destrozan todo lo que encuentran a su paso, dijo <strong>Andr\u00e9s Manuel L\u00f3pez Obrador<\/strong>, en su\n\u201cconferencia ma\u00f1anera\u201d del martes, que los va a acusar con su mam\u00e1, con su pap\u00e1\ny con sus abuelos, para que les den un jal\u00f3n de orejas. Ninguno de los 66\nPresidentes de M\u00e9xico que le precedieron tuvo un desatino de tales tama\u00f1os y\ntodav\u00eda no cumple un a\u00f1o en el Palacio Nacional, donde despacha y vivir\u00e1 hasta\n2024.<\/p>\n\n\n\n<p class=\"wp-block-paragraph\"><strong>P\u00c9SAME A LA FAMILIA TRINIDAD ZALD\u00cdVAR<\/strong><\/p>\n\n\n\n<p class=\"wp-block-paragraph\">Desde estas\nl\u00edneas env\u00edo mi p\u00e9same a mi fraternal amigo y colega del diarismo mexicano <strong>\u00c1ngel T. Ferreira <\/strong>por el fallecimiento\nde su hijo <strong>Mario Alberto Trinidad\nZald\u00edvar<\/strong>, haci\u00e9ndolo extensivo a la se\u00f1ora do\u00f1a <strong>Olivia Zald\u00edvar de Trinidad<\/strong>, a sus hijos <strong>\u00c1ngel, Ra\u00fal<\/strong> y<strong> Emilio<\/strong>,\nas\u00ed como a los nietos y dem\u00e1s integrantes de la Familia Trinidad Zald\u00edvar.\nNuestras oraciones por el eterno descanso de Mario Alberto y de su hermano\nCarlos que le antecedi\u00f3 en el doloroso final. <\/p>\n\n\n\n<p class=\"wp-block-paragraph\"><strong>P.D.<\/strong> Cuan equivocados est\u00e1n los\nlegisladores morenistas y los de las minor\u00edas, al considerar que mediante\nreformas constitucionales, decretos y circulares va a disminuir el n\u00famero de\nobesos en M\u00e9xico. Ocupamos, mundialmente, el deshonroso primer lugar en \u201cgordos\ny gordas\u201d. <strong>Lo que<\/strong> <strong>urge es<\/strong> <strong>un programa de educaci\u00f3n alimentaria<\/strong>, pero el r\u00e9gimen de la\nausteridad republicana no tiene recursos para aplicarlo en todo el pa\u00eds\u2026Qui\u00e9n\nse acuerda que el <strong>4 de Octubre de 1824 <\/strong>se\naprob\u00f3 la Constituci\u00f3n Federal de los Estados Unidos Mexicanos que nos dio el\ncar\u00e1cter de <strong>Rep\u00fablica Federal, Representativa\ny Popular\u2026<\/strong>En d\u00eda de la misma fecha, pero de 1904, muri\u00f3 el escultor franc\u00e9s\nFrederic Auguste Bartholdi, creador de la <strong>Estatua\nde la Libertad <\/strong>que recibe miles de visitantes cada d\u00eda, all\u00e1 en una isla de\nNueva York\u2026.En una fecha igual, de 1957, o sea hace 62 a\u00f1os,&nbsp; los rusos sorprendieron al mundo al poner en\n\u00f3rbita el sat\u00e9lite <strong>Sputnik I <\/strong>que en\n98 minutos le dio la primera vuelta al globo terr\u00e1queo, gan\u00e1ndole la carrera a\nlos cient\u00edficos de la NASA, es decir a los Estados Unidos de Am\u00e9rica.<\/p>\n\n\n\n<p class=\"wp-block-paragraph\"><strong>jherrerav@live.com.mx<\/strong>&nbsp;\n&nbsp;&nbsp;<\/p>\n","protected":false},"excerpt":{"rendered":"<p>De infiernos pasan las prisiones a Centros de cultura y esparcimiento<\/p>\n","protected":false},"author":3,"featured_media":12607,"comment_status":"open","ping_status":"open","sticky":false,"template":"","format":"standard","meta":{"_monsterinsights_skip_tracking":false,"footnotes":""},"categories":[690,94,110],"tags":[],"class_list":["post-12606","post","type-post","status-publish","format-standard","has-post-thumbnail","category-690","category-jorge-herrera-valenzuela","category-la-opinion-columnas"],"_links":{"self":[{"href":"https:\/\/redsemlac.com\/semmexico\/wp-json\/wp\/v2\/posts\/12606","targetHints":{"allow":["GET"]}}],"collection":[{"href":"https:\/\/redsemlac.com\/semmexico\/wp-json\/wp\/v2\/posts"}],"about":[{"href":"https:\/\/redsemlac.com\/semmexico\/wp-json\/wp\/v2\/types\/post"}],"author":[{"embeddable":true,"href":"https:\/\/redsemlac.com\/semmexico\/wp-json\/wp\/v2\/users\/3"}],"replies":[{"embeddable":true,"href":"https:\/\/redsemlac.com\/semmexico\/wp-json\/wp\/v2\/comments?post=12606"}],"version-history":[{"count":0,"href":"https:\/\/redsemlac.com\/semmexico\/wp-json\/wp\/v2\/posts\/12606\/revisions"}],"wp:featuredmedia":[{"embeddable":true,"href":"https:\/\/redsemlac.com\/semmexico\/wp-json\/wp\/v2\/media\/12607"}],"wp:attachment":[{"href":"https:\/\/redsemlac.com\/semmexico\/wp-json\/wp\/v2\/media?parent=12606"}],"wp:term":[{"taxonomy":"category","embeddable":true,"href":"https:\/\/redsemlac.com\/semmexico\/wp-json\/wp\/v2\/categories?post=12606"},{"taxonomy":"post_tag","embeddable":true,"href":"https:\/\/redsemlac.com\/semmexico\/wp-json\/wp\/v2\/tags?post=12606"}],"curies":[{"name":"wp","href":"https:\/\/api.w.org\/{rel}","templated":true}]}}