{"id":12603,"date":"2019-10-07T19:30:02","date_gmt":"2019-10-07T19:30:02","guid":{"rendered":"https:\/\/redsemlac.com\/semmexico\/?p=12603"},"modified":"2023-07-21T15:12:02","modified_gmt":"2023-07-21T20:12:02","slug":"guerrero-46","status":"publish","type":"post","link":"https:\/\/redsemlac.com\/semmexico\/guerrero-46\/","title":{"rendered":"La Ciudad de las Mujeres agoniza bajo el estigma de Rosario Robles"},"content":{"rendered":"\n<p class=\"wp-block-paragraph\"><strong>* Tlapa una zona donde la violencia contra las mujeres es end\u00e9mica<\/strong><\/p>\n\n\n\n<p class=\"wp-block-paragraph\"><strong>* Hoy la instituci\u00f3n  est\u00e1 en el limbo, sin recursos desde que inici\u00f3 el gobierno de AMLO<\/strong><\/p>\n\n\n\n<p class=\"wp-block-paragraph\"><strong>Neldy San Mart\u00edn<\/strong><\/p>\n\n\n\n<p class=\"wp-block-paragraph\">SemM\u00e9xico\/Proceso, Tlapa, Gro., 7 octubre 2019.- En\nun conjunto de edificios gubernamentales, entre caminos de terracer\u00eda a la\nentrada de Tlapa de Comonfort, se encuentra la Ciudad de las Mujeres, donde un\ngrupo de trabajadoras da atenci\u00f3n integral a las habitantes m\u00e1s pobres de la\nregi\u00f3n m\u00e1s pobre de Guerrero.<a href=\"https:\/\/estudios.cellinnov.es\/d\/fpe\/taboola\/5-activos-naturales-latam\/?utm_source=Taboola&amp;utm_medium=Native&amp;utm_term=5activos&amp;utm_campaign=PCINUAD8-CIN-TAB-ES-D-FPE-1Step-5Activos-FPE002-LATAM\" target=\"_blank\" rel=\"noreferrer noopener\"><\/a><\/p>\n\n\n\n<p class=\"wp-block-paragraph\">Pero el lugar est\u00e1 en el limbo y las trabajadoras no\nhan recibido sus salarios hace meses, presumiblemente porque la Ciudad de las\nMujeres tiene un estigma: fue creada por Rosario Robles.<\/p>\n\n\n\n<p class=\"wp-block-paragraph\">Ubicada en una zona de riesgo para las mujeres \u2013en\n2017 se decret\u00f3 la alerta de g\u00e9nero en el municipio de Tlapa\u2013, el centro no ha\nrecibido recursos federales desde que comenz\u00f3 el gobierno de Andr\u00e9s Manuel\nL\u00f3pez Obrador y est\u00e1 en peligro de desaparecer, pese a que atiende mensualmente\na entre mil 500 y 2 mil mujeres, en su mayor\u00eda ind\u00edgenas.<\/p>\n\n\n\n<p class=\"wp-block-paragraph\">La Ciudad de las Mujeres se compone de siete\nedificios, en cada uno de ellos las usuarias encuentran gratuitamente\ndiferentes servicios: educaci\u00f3n en salud sexual, reproductiva y preventiva para\nreducir la mortalidad materna y el embarazo adolescente; educaci\u00f3n b\u00e1sica y\nmedia superior; acompa\u00f1amiento legal y atenci\u00f3n psicol\u00f3gica en caso de ser\nv\u00edctimas de violencia; y clases de computaci\u00f3n y cursos de enfermer\u00eda y\nestilismo para que desarrollen su autonom\u00eda econ\u00f3mica.<\/p>\n\n\n\n<p class=\"wp-block-paragraph\">Ah\u00ed dan atenci\u00f3n, asesor\u00eda y acompa\u00f1amiento a\nmujeres como Mar\u00eda Aceves, quien ha sido extorsionada y amenazada de muerte por\nsu hermano; a Ofelia Barrera y a su hija, que sufrieron violencia\nintrafamiliar; a Dominga Ju\u00e1rez con su divorcio y a Mar\u00eda Albino, quien lucha\npor la pensi\u00f3n alimenticia de sus cinco hijos.<\/p>\n\n\n\n<p class=\"wp-block-paragraph\">Las im\u00e1genes de Simone de Beauvoir, la sufragista\nElvia Carrillo Puerto, la poeta Sor Juana In\u00e9s de la Cruz, la activista Malala\nYousafzai y la premio nobel Wangari Maathai y la frase \u201cTodos los d\u00edas son 8 de\nmarzo\u201d, adornan el sal\u00f3n de usos m\u00faltiples del edificio donde se imparte el m\u00f3dulo\nde atenci\u00f3n a mujeres j\u00f3venes.<\/p>\n\n\n\n<p class=\"wp-block-paragraph\">SEM-Proceso\/nsm<\/p>\n","protected":false},"excerpt":{"rendered":"<p> Tlapa una zona donde la violencia contra las mujeres es end\u00e9mica<\/p>\n","protected":false},"author":3,"featured_media":12604,"comment_status":"open","ping_status":"open","sticky":false,"template":"","format":"standard","meta":{"_monsterinsights_skip_tracking":false,"footnotes":""},"categories":[690,51],"tags":[],"class_list":["post-12603","post","type-post","status-publish","format-standard","has-post-thumbnail","category-690","category-ejecutivo"],"_links":{"self":[{"href":"https:\/\/redsemlac.com\/semmexico\/wp-json\/wp\/v2\/posts\/12603","targetHints":{"allow":["GET"]}}],"collection":[{"href":"https:\/\/redsemlac.com\/semmexico\/wp-json\/wp\/v2\/posts"}],"about":[{"href":"https:\/\/redsemlac.com\/semmexico\/wp-json\/wp\/v2\/types\/post"}],"author":[{"embeddable":true,"href":"https:\/\/redsemlac.com\/semmexico\/wp-json\/wp\/v2\/users\/3"}],"replies":[{"embeddable":true,"href":"https:\/\/redsemlac.com\/semmexico\/wp-json\/wp\/v2\/comments?post=12603"}],"version-history":[{"count":0,"href":"https:\/\/redsemlac.com\/semmexico\/wp-json\/wp\/v2\/posts\/12603\/revisions"}],"wp:featuredmedia":[{"embeddable":true,"href":"https:\/\/redsemlac.com\/semmexico\/wp-json\/wp\/v2\/media\/12604"}],"wp:attachment":[{"href":"https:\/\/redsemlac.com\/semmexico\/wp-json\/wp\/v2\/media?parent=12603"}],"wp:term":[{"taxonomy":"category","embeddable":true,"href":"https:\/\/redsemlac.com\/semmexico\/wp-json\/wp\/v2\/categories?post=12603"},{"taxonomy":"post_tag","embeddable":true,"href":"https:\/\/redsemlac.com\/semmexico\/wp-json\/wp\/v2\/tags?post=12603"}],"curies":[{"name":"wp","href":"https:\/\/api.w.org\/{rel}","templated":true}]}}