{"id":12586,"date":"2019-10-07T18:21:51","date_gmt":"2019-10-07T18:21:51","guid":{"rendered":"https:\/\/redsemlac.com\/semmexico\/?p=12586"},"modified":"2023-07-21T15:12:03","modified_gmt":"2023-07-21T20:12:03","slug":"morelos-4","status":"publish","type":"post","link":"https:\/\/redsemlac.com\/semmexico\/morelos-4\/","title":{"rendered":"Exigen destituci\u00f3n de titular de IMPAJOVEN en Morelos"},"content":{"rendered":"\n<p class=\"wp-block-paragraph\"><strong>*\nCriminaliza con comentarios a j\u00f3venes que piden despenalizaci\u00f3n del aborto<\/strong><\/p>\n\n\n\n<p class=\"wp-block-paragraph\"><strong>* Feministas piden intervenci\u00f3n de IMEN y SIPINNA\n<\/strong><\/p>\n\n\n\n<p class=\"wp-block-paragraph\"><strong>Estrella\nPedroza<\/strong><strong><\/strong><\/p>\n\n\n\n<p class=\"wp-block-paragraph\">SemM\u00e9xico, Cuernavaca, Mor., 7\noctubre 2019.- Feministas exigieron la destituci\u00f3n de Erick Joshimar L\u00f3pez\nGarc\u00eda, titular de la subdirecci\u00f3n de Vinculaci\u00f3n y Fortalecimiento del\nInstituto Morelense de las Personas Adolescentes y J\u00f3venes (IMPAJOVEN), por\ncriminalizar, desde sus redes sociales, a las mujeres que exigen la\ndespolarizaci\u00f3n del aborto.<\/p>\n\n\n\n<p class=\"wp-block-paragraph\">En el marco del D\u00eda por la\nDespenalizaci\u00f3n y Legalizaci\u00f3n del Aborto, el joven funcionario&nbsp; escribi\u00f3\nen su cuenta de&nbsp; Facebook lo siguiente:<\/p>\n\n\n\n<p class=\"wp-block-paragraph\">\u201cSea legal o no el aborto primero\nprev\u00e9n un embarazo no deseado. Todos tenemos derecho sobre nuestro cuerpo, pero\neso no quiere decir que estamos actuando de forma consciente. M\u00e1s all\u00e1 de\nlegalizar y de marchar desnuda, preoc\u00fapate por tu concientizaci\u00f3n y la de tus\nfamiliares, de esa forma nadie hablar\u00eda sobre el tema. Neta! Te lo juro.\nExisten m\u00e9todos preventivos y correctivos muy efectivos, haciendo que el aborto\npase a ser como pedirle perd\u00f3n a un difunto, muy a destiempo por irresponsable.\nNo por gritar m\u00e1s fuerte quiere decir que tengas raz\u00f3n\u201d.<\/p>\n\n\n\n<figure class=\"wp-block-image\"><img decoding=\"async\" src=\"https:\/\/redsemlac.com\/semmexico\/wp-content\/uploads\/2019\/10\/nota-morelos-929x1024.jpg\" alt=\"\" class=\"wp-image-12587\"\/><\/figure>\n\n\n\n<p class=\"wp-block-paragraph\">Su opini\u00f3n gener\u00f3 la indignaci\u00f3n de\nmiles de mujeres, por lo que, desde diversos colectivos, entre los que\nfiguraron Morelos Sin Acoso y Red Violeta Morelos, condenaron la opini\u00f3n del\nfuncionario p\u00fablico y se\u00f1alaron que \u201cno se puede considerar como una simple\nopini\u00f3n personal ya que ejerce un cargo p\u00fablico y dentro de una instituci\u00f3n que\nbusca trabajar con las juventudes\u201d.<\/p>\n\n\n\n<p class=\"wp-block-paragraph\">Entregaron un oficio a las\nautoridades estatales en el que destacaron que dichas expresiones demuestran\nuna falta de profesionalismo, sensibilizaci\u00f3n e informaci\u00f3n que tiene sobre las\ndiversas realidades que viven las mujeres j\u00f3venes en el estado de Morelos.<\/p>\n\n\n\n<p class=\"wp-block-paragraph\">&nbsp;\u201cCriminaliza a las mujeres que deciden hacer\nuso de su derecho a manifestarse y exigir al gobierno que garantice sus\nderechos sexuales y reproductivos y a las mujeres que ejercen su derecho a\nabortar bajo las cinco causales legales que existen en el estado de Morelos\u201d,\nse lee en la misiva.<\/p>\n\n\n\n<p class=\"wp-block-paragraph\">Tambi\u00e9n, destacaron que revictimiza\na las juventudes que no cuentan con suficiente informaci\u00f3n sobre educaci\u00f3n\nsexual o acceso a alg\u00fan m\u00e9todo anticonceptivo, refuerza estereotipos hac\u00eda las\njuventudes al considerar que no est\u00e1n actuando de forma consciente al elegir\nlibremente c\u00f3mo manifestarse o c\u00f3mo vivir, ejercer y disfrutar su sexualidad y\nminimiza la lucha que diversos colectivos y mujeres feministas realizan d\u00eda a\nd\u00eda por la legalizaci\u00f3n y despenalizaci\u00f3n del aborto.<\/p>\n\n\n\n<div class=\"wp-block-image\"><figure class=\"alignleft is-resized\"><img loading=\"lazy\" decoding=\"async\" src=\"https:\/\/redsemlac.com\/semmexico\/wp-content\/uploads\/2019\/10\/nota-morelos-1-744x1024.jpg\" alt=\"\" class=\"wp-image-12588\" width=\"244\" height=\"335\"\/><\/figure><\/div>\n\n\n\n<p class=\"wp-block-paragraph\">Morelos una de las entidades del\npa\u00eds con Alerta de Violencia de G\u00e9nero (AVG) y presenta, adem\u00e1s, un incremento\nde embarazos adolescentes, en menores de entre 12 y 16 a\u00f1os. Datos del 2017\nmencionan que los municipios con mayor n\u00famero de embarazos son: Cuernavaca,\nCuautla, Jiutepec, Temixco, Yautepec, Ayala, Emiliano Zapata, Puente de Ixtla,\nXochitepec y Jojutla.<\/p>\n\n\n\n<p class=\"wp-block-paragraph\">Por ello, las feministas&nbsp;exigieron\n\u201cla destituci\u00f3n inmediata de Erick Joshimar L\u00f3pez Garc\u00eda, como Subdirector de\nVinculaci\u00f3n y Fortalecimiento del IMPAJOVEN, al demostrar con sus publicaciones\nla incapacidad para realizar su cargo en el Instituto de manera profesional,\ninformada, objetiva y humana\u201d.<\/p>\n\n\n\n<p class=\"wp-block-paragraph\">Tambi\u00e9n&nbsp;pidieron una\nexplicaci\u00f3n y postura clara por parte del IMPAJOVEN sobre los comentarios\nrealizados por el funcionario y solicitaron&nbsp;una serie de medidas por parte\ndel Instituto de la Mujer para el Estado de Morelos (IMEM), el Sistema de\nProtecci\u00f3n Integral de Ni\u00f1as, Ni\u00f1os y Adolescentes del Estado de Morelos\n(SIPINNA), para que desde el funcionariado se evite la desinformaci\u00f3n y\ncriminalizaci\u00f3n.<\/p>\n\n\n\n<p class=\"wp-block-paragraph\">Y exhortaron a los medios de\ncomunicaci\u00f3n que no contribuyan a la revictimizaci\u00f3n, la reproducci\u00f3n de\nestereotipos y no reproduzcan informaci\u00f3n que vulnere los derechos de las\nmujeres (de cualquier edad), tanto en sus textos como en sus im\u00e1genes y a\ndifundir informaci\u00f3n laica, cient\u00edfica y con perspectiva de g\u00e9nero referente a\nlos derechos sexuales y reproductivos de las mujeres.<\/p>\n\n\n\n<p class=\"wp-block-paragraph\">Por \u00faltimo,&nbsp;llamaron a la\n&nbsp;sociedad en general&nbsp;\u201cevitar emitir juicios sobre la vida, decisiones\no sobre el ejercicio de manifestaci\u00f3n de las mujeres, respetar los derechos\nhumanos y exigir a&nbsp; las autoridades la implementaci\u00f3n clara y oportuna de\npol\u00edticas p\u00fablicas que garanticen el acceso a informaci\u00f3n cient\u00edfica, veraz y\nlaica sobre salud sexual y reproductiva, que garanticen el acceso a m\u00e9todos anticonceptivos\na la poblaci\u00f3n adolescente y joven, que implementen programas que contribuyan a\nla disminuci\u00f3n de embarazos no deseados, embarazos&nbsp; en ni\u00f1as y\nadolescentes\u201d.<\/p>\n\n\n\n<p class=\"wp-block-paragraph\">SEM\/ep\/sj<\/p>\n","protected":false},"excerpt":{"rendered":"<p>Criminaliza con comentarios a j\u00f3venes que piden despenalizaci\u00f3n del aborto<\/p>\n","protected":false},"author":3,"featured_media":12588,"comment_status":"open","ping_status":"open","sticky":false,"template":"","format":"standard","meta":{"_monsterinsights_skip_tracking":false,"footnotes":""},"categories":[690,54],"tags":[],"class_list":["post-12586","post","type-post","status-publish","format-standard","has-post-thumbnail","category-690","category-mujeres"],"_links":{"self":[{"href":"https:\/\/redsemlac.com\/semmexico\/wp-json\/wp\/v2\/posts\/12586","targetHints":{"allow":["GET"]}}],"collection":[{"href":"https:\/\/redsemlac.com\/semmexico\/wp-json\/wp\/v2\/posts"}],"about":[{"href":"https:\/\/redsemlac.com\/semmexico\/wp-json\/wp\/v2\/types\/post"}],"author":[{"embeddable":true,"href":"https:\/\/redsemlac.com\/semmexico\/wp-json\/wp\/v2\/users\/3"}],"replies":[{"embeddable":true,"href":"https:\/\/redsemlac.com\/semmexico\/wp-json\/wp\/v2\/comments?post=12586"}],"version-history":[{"count":0,"href":"https:\/\/redsemlac.com\/semmexico\/wp-json\/wp\/v2\/posts\/12586\/revisions"}],"wp:featuredmedia":[{"embeddable":true,"href":"https:\/\/redsemlac.com\/semmexico\/wp-json\/wp\/v2\/media\/12588"}],"wp:attachment":[{"href":"https:\/\/redsemlac.com\/semmexico\/wp-json\/wp\/v2\/media?parent=12586"}],"wp:term":[{"taxonomy":"category","embeddable":true,"href":"https:\/\/redsemlac.com\/semmexico\/wp-json\/wp\/v2\/categories?post=12586"},{"taxonomy":"post_tag","embeddable":true,"href":"https:\/\/redsemlac.com\/semmexico\/wp-json\/wp\/v2\/tags?post=12586"}],"curies":[{"name":"wp","href":"https:\/\/api.w.org\/{rel}","templated":true}]}}