{"id":12561,"date":"2019-10-02T22:41:33","date_gmt":"2019-10-02T22:41:33","guid":{"rendered":"https:\/\/redsemlac.com\/semmexico\/?p=12561"},"modified":"2023-07-21T15:12:03","modified_gmt":"2023-07-21T20:12:03","slug":"inegi-debe-incluir-la-perspectiva-de-genero-en-su-informacion","status":"publish","type":"post","link":"https:\/\/redsemlac.com\/semmexico\/inegi-debe-incluir-la-perspectiva-de-genero-en-su-informacion\/","title":{"rendered":"INEGI debe incluir la perspectiva de g\u00e9nero en su informaci\u00f3n"},"content":{"rendered":"\n<ul class=\"wp-block-list\"><li><strong>Aprueba diputaci\u00f3n reformas a la Ley del\nSistema Nacional de Informaci\u00f3n Estad\u00edstica y Geogr\u00e1fica<\/strong><\/li><li><strong>Constituir\u00e1 la base cient\u00edfica para la\ngeneraci\u00f3n de pol\u00edticas p\u00fablicas<\/strong><\/li><\/ul>\n\n\n\n<p class=\"wp-block-paragraph\"><strong>Redacci\u00f3n<\/strong><\/p>\n\n\n\n<p class=\"wp-block-paragraph\">SemM\u00e9xico,\nCd. de M\u00e9xico, 2 octubre 2019.- El Pleno de la C\u00e1mara de Diputados aprob\u00f3, en\nlo general y particular con 398 votos, reformar los art\u00edculos 54 y 78 de la Ley\ndel Sistema Nacional de Informaci\u00f3n Estad\u00edstica y Geogr\u00e1fica (INEGI), instituci\u00f3n\nque deber\u00e1 realizar acciones que logren la inclusi\u00f3n de la perspectiva de\ng\u00e9nero en los datos que elabora y que resulte aplicable para el ejercicio de\nlos derechos humanos.<\/p>\n\n\n\n<p class=\"wp-block-paragraph\">El dictamen\nde la Comisi\u00f3n de Gobernaci\u00f3n y Poblaci\u00f3n, que se envi\u00f3 al Senado de la Rep\u00fablica,\nestablece: \u201cla inclusi\u00f3n de la perspectiva de g\u00e9nero en la informaci\u00f3n y otras\nque resulten aplicables para el ejercicio pleno de los derechos humanos, la\ncual constituir\u00e1 la base cient\u00edfica para la generaci\u00f3n de pol\u00edticas p\u00fablicas en\naras de garantizarlas de manera efectiva\u201d.<\/p>\n\n\n\n<p class=\"wp-block-paragraph\">Al\nfundamentar el dictamen, el diputado C\u00e9sar Agust\u00edn Hern\u00e1ndez P\u00e9rez (Morena)\nafirm\u00f3 que es deber de todos los \u00f3rganos y de la sociedad, detectar posibles\nsituaciones de desequilibrio de poder como consecuencia de g\u00e9nero.<\/p>\n\n\n\n<p class=\"wp-block-paragraph\">Consider\u00f3 que\nla adecuaci\u00f3n aprobada es necesaria para que el INEGi exprese informaci\u00f3n de\ninter\u00e9s nacional considerando los criterios correspondientes a una adecuada\nperspectiva de g\u00e9nero y de igualdad sustantiva.<\/p>\n\n\n\n<p class=\"wp-block-paragraph\">\u201cEs de\ninter\u00e9s superior para la sociedad y el Estado establecer criterios, m\u00e9todos y\nmecanismos para que los mismos contemplen una perspectiva de g\u00e9nero, a fin de\nproducir informaci\u00f3n correcta y de utilidad\u201d.<\/p>\n\n\n\n<p class=\"wp-block-paragraph\">Agreg\u00f3 que la\nreforma plantea la obligatoriedad de incorporar la perspectiva de g\u00e9nero al\ntexto de la Ley del Sistema Nacional de Estad\u00edstica y Geogr\u00e1fica, a efecto de\ndar certeza de que se encuentra contenida en la generaci\u00f3n de datos\nestad\u00edsticos.<\/p>\n\n\n\n<p class=\"wp-block-paragraph\">La diputada\npromovente, Ximena Puente de la Mora (PAN), afirm\u00f3 que para que la igualdad\nsustantiva deje de ser una aspiraci\u00f3n y se convierta en vocaci\u00f3n, es\nfundamental que las autoridades federales, estatales y municipales dise\u00f1en\npol\u00edticas p\u00fablicas eficaces, as\u00ed como la participaci\u00f3n de toda la sociedad.<\/p>\n\n\n\n<p class=\"wp-block-paragraph\">Puntualiz\u00f3\nque la reforma impulsa que el INEGI realice acciones tendentes a lograr la\ninclusi\u00f3n de la perspectiva de g\u00e9nero en la informaci\u00f3n que elabore y resulte\naplicable para el ejercicio de los derechos humanos. \u201cDeber\u00e1 contemplar dicha\nperspectiva como parte del ciclo de vida en la informaci\u00f3n\u201d.<\/p>\n\n\n\n<p class=\"wp-block-paragraph\">Tambi\u00e9n\nincorpora la igualdad sustantiva como uno de los temas de informaci\u00f3n de\ninter\u00e9s general. \u201cEs muy importante que a partir de esta reforma la igualdad\nsustantiva se convierta en prioridad para el INEGI\u201d.<\/p>\n\n\n\n<p class=\"wp-block-paragraph\">Consider\u00f3 que\nconocer la informaci\u00f3n estad\u00edstica con perspectiva de g\u00e9nero empodera a la\nciudadan\u00eda al dotarla de herramientas que permitan conocer sus entornos con\nprecisi\u00f3n para tomar mejores decisiones. \u201cPor esta raz\u00f3n, se requiere que el\nINEGI proporcione cifras necesarias para dimensionar el fen\u00f3meno y dar\nsoluciones viables y efectivas para erradicar la violencia contra las mujeres\u201d.<\/p>\n\n\n\n<p class=\"wp-block-paragraph\">SEM\/sj<\/p>\n","protected":false},"excerpt":{"rendered":"<p>Aprueba diputaci\u00f3n reformas a la Ley del Sistema Nacional de Informaci\u00f3n Estad\u00edstica y Geogr\u00e1fica<\/p>\n","protected":false},"author":3,"featured_media":12562,"comment_status":"open","ping_status":"open","sticky":false,"template":"","format":"standard","meta":{"_monsterinsights_skip_tracking":false,"footnotes":""},"categories":[690,50],"tags":[],"class_list":["post-12561","post","type-post","status-publish","format-standard","has-post-thumbnail","category-690","category-congreso"],"_links":{"self":[{"href":"https:\/\/redsemlac.com\/semmexico\/wp-json\/wp\/v2\/posts\/12561","targetHints":{"allow":["GET"]}}],"collection":[{"href":"https:\/\/redsemlac.com\/semmexico\/wp-json\/wp\/v2\/posts"}],"about":[{"href":"https:\/\/redsemlac.com\/semmexico\/wp-json\/wp\/v2\/types\/post"}],"author":[{"embeddable":true,"href":"https:\/\/redsemlac.com\/semmexico\/wp-json\/wp\/v2\/users\/3"}],"replies":[{"embeddable":true,"href":"https:\/\/redsemlac.com\/semmexico\/wp-json\/wp\/v2\/comments?post=12561"}],"version-history":[{"count":0,"href":"https:\/\/redsemlac.com\/semmexico\/wp-json\/wp\/v2\/posts\/12561\/revisions"}],"wp:featuredmedia":[{"embeddable":true,"href":"https:\/\/redsemlac.com\/semmexico\/wp-json\/wp\/v2\/media\/12562"}],"wp:attachment":[{"href":"https:\/\/redsemlac.com\/semmexico\/wp-json\/wp\/v2\/media?parent=12561"}],"wp:term":[{"taxonomy":"category","embeddable":true,"href":"https:\/\/redsemlac.com\/semmexico\/wp-json\/wp\/v2\/categories?post=12561"},{"taxonomy":"post_tag","embeddable":true,"href":"https:\/\/redsemlac.com\/semmexico\/wp-json\/wp\/v2\/tags?post=12561"}],"curies":[{"name":"wp","href":"https:\/\/api.w.org\/{rel}","templated":true}]}}