{"id":12553,"date":"2019-10-02T20:47:18","date_gmt":"2019-10-02T20:47:18","guid":{"rendered":"https:\/\/redsemlac.com\/semmexico\/?p=12553"},"modified":"2023-07-21T15:12:03","modified_gmt":"2023-07-21T20:12:03","slug":"merida-8","status":"publish","type":"post","link":"https:\/\/redsemlac.com\/semmexico\/merida-8\/","title":{"rendered":"#FuimosTodasRenan, responden feministas al alcalde de M\u00e9rida"},"content":{"rendered":"\n<ul class=\"wp-block-list\"><li><strong>Condenan estigmatizaci\u00f3n de medios a quienes\nparticiparon en la marcha 28S<\/strong><\/li><li><strong>El mun\u00edcipe asegur\u00f3 que present\u00f3 denuncias ante la\nFiscal\u00eda<\/strong><\/li><\/ul>\n\n\n\n<p class=\"wp-block-paragraph\"><strong>Lorena Castellanos<\/strong><\/p>\n\n\n\n<p class=\"wp-block-paragraph\">SemM\u00e9xico, M\u00e9rida, Yuc., 1 octubre 2019.- Colectivas\ny organizaciones de derechos humanos denunciaron hoy los actos de\ncriminalizaci\u00f3n y estigmatizaci\u00f3n de activistas que participaron en la\nmanifestaci\u00f3n del pasado 28 de septiembre.<\/p>\n\n\n\n<p class=\"wp-block-paragraph\">En un comunicado, se\u00f1alan que tras esta protesta con\nmotivo del \u201cD\u00eda internacional para la despenalizaci\u00f3n del aborto en Am\u00e9rica\nLatina y el Caribe\u201d, el alcalde de M\u00e9rida, Ren\u00e1n Barrera Concha, difundi\u00f3 a\ntrav\u00e9s de sus redes sociales un v\u00eddeo en el cual refiere que el Monumento a la\nMadre fue \u201cvandaleado\u201d, por lo que anunci\u00f3 que \u201cya han presentado una denuncia\nante la Fiscal\u00eda General del Estado\u201d, a lo que ellas responden: #FuimosTodasRenan<\/p>\n\n\n\n<p class=\"wp-block-paragraph\">Las organizaciones feministas tambi\u00e9n denuncian que\nalgunos medios de comunicaci\u00f3n locales, publicaron notas y encabezados\nperiod\u00edsticos que incitan al odio y al desprestigio contra las mujeres que\nparticiparon en la marcha, dando pie a una serie de amenazas y acoso.<\/p>\n\n\n\n<p class=\"wp-block-paragraph\">Se refieren a titulares y notas con expresiones que\nlas estigmatizan y estereotipan como: \u2018\u2019vandalismo peligroso a cargo de mujeres\nfeministas\u2019\u2019, \u2018\u2019feministas destruyen patrimonio\u2019\u2019, \u2018\u2019feministas escriben\ncuerpa, porque cuerpo es machismo\u2019\u2019, entre otros.<\/p>\n\n\n\n<p class=\"wp-block-paragraph\">Frente a estas expresiones destacan la importancia\ndel respeto a la protesta social y la protecci\u00f3n de las defensoras de derechos\nhumanos y se\u00f1alan que la Comisi\u00f3n Interamericana de Derechos Humanos ha\nreconocido como personas defensoras de derechos humanos a aquellas que\npromueven o procuran de cualquier forma la realizaci\u00f3n de los derechos humanos.<\/p>\n\n\n\n<p class=\"wp-block-paragraph\">En este marco, las manifestaciones sociales como\nforma de expresi\u00f3n suponen el ejercicio de derechos como el derecho de reuni\u00f3n\ny el derecho a la libertad de expresi\u00f3n, contemplados en los art. 13 y 15 de la\nConvenci\u00f3n Americana sobre Derechos Humanos, los cuales son elementos vitales\npara el buen funcionamiento del sistema democr\u00e1tico de todos los sectores de la\nsociedad.<\/p>\n\n\n\n<p class=\"wp-block-paragraph\">Refieren en el comunicado que justamente, las\nprotestas por el derecho al aborto son una exigencia al Estado ante la\nnecesidad de modificar la legislaci\u00f3n que lo castiga, con el fin de eliminar\nlas medidas punitivas y con esto, garantizar los derechos reproductivos de las\nmujeres. As\u00ed como a la salud f\u00edsica y mental que constituyen las condiciones\nprevias para el disfrute de otros derechos y libertades.<\/p>\n\n\n\n<p class=\"wp-block-paragraph\">Este tipo de manifestaciones, se encuentran\nprotegidas por el derecho a defender derechos humanos, reconocido como un\nderecho aut\u00f3nomo en los est\u00e1ndares internacionales en la materia y que estipula\nque la labor de las personas defensoras de derechos humanos contribuye al fortalecimiento\nde la democracia y el Estado de Derecho, lo cual beneficia a la sociedad en\nconjunto ya que act\u00faan como agentes contra la impunidad.<\/p>\n\n\n\n<p class=\"wp-block-paragraph\">Este derecho, incluye todas las formas de expresi\u00f3n\nde la protesta social, como lo son las acciones de confrontaci\u00f3n. La\nrealizaci\u00f3n de pintas, graffitis, entre otras, que al no ser realizadas con\nviolencia, entran en esta categor\u00eda y por lo tanto, en la esfera de este\nderecho.<\/p>\n\n\n\n<p class=\"wp-block-paragraph\">Resaltamos, que la utilizaci\u00f3n del derecho penal\npara procesar indebidamente a personas en contextos de protesta, as\u00ed como\nsancionar a las mujeres en el ejercicio de su derecho a manifestarse y\nexpresarse libremente constituye una forma de estigmatizaci\u00f3n y criminalizaci\u00f3n\nde la protesta social, dice el comunicado.<\/p>\n\n\n\n<p class=\"wp-block-paragraph\">De igual manera, el uso de lenguaje estigmatizante\npor parte de autoridades y medios de comunicaci\u00f3n, no solo constituye una forma\nde criminalizaci\u00f3n hacia las defensoras de derechos humanos, tambi\u00e9n buscan\ndeslegitimar la lucha y ponen en riesgo la seguridad de las activistas. Adem\u00e1s,\ncausa un temor generalizado, desanima al resto de las personas defensoras a\ncontinuar ejerciendo su labor de denuncia, silencia a sus v\u00edctimas, perpet\u00faa la\nimpunidad e imposibilita la plena realizaci\u00f3n del Estado de Derecho y la\ndemocracia.<\/p>\n\n\n\n<p class=\"wp-block-paragraph\">Las firmantes del comunicado expresaron su profunda\nindignaci\u00f3n e hicieron un llamado al Gobierno del Estado, Gobierno Municipal y\nmedios de comunicaci\u00f3n para que se abstengan de reproducir discursos\nestigmatizantes contra las compa\u00f1eras y la protesta social.<\/p>\n\n\n\n<p class=\"wp-block-paragraph\">Tambi\u00e9n rechazan cualquier acci\u00f3n del Gobierno del\nEstado que busque castigar por la v\u00eda penal o administrativa el ejercicio del\nderecho a manifestarse y defender derechos humanos, por lo que demandan que el\nGobiernos del Estado tome medidas de protecci\u00f3n para asegurar la vida,\nintegridad y privacidad de todas las mujeres en el Estado y en espec\u00edfico, de\nlas Defensoras de Derechos Humanos que han sido amenazadas y acosadas\nrecientemente.<\/p>\n\n\n\n<p class=\"wp-block-paragraph\">SEM\/lc\/sj<\/p>\n","protected":false},"excerpt":{"rendered":"<p>Condenan estigmatizaci\u00f3n de medios a quienes participaron en la marcha 28S<\/p>\n","protected":false},"author":3,"featured_media":12436,"comment_status":"open","ping_status":"open","sticky":false,"template":"","format":"standard","meta":{"_monsterinsights_skip_tracking":false,"footnotes":""},"categories":[690,54],"tags":[],"class_list":["post-12553","post","type-post","status-publish","format-standard","has-post-thumbnail","category-690","category-mujeres"],"_links":{"self":[{"href":"https:\/\/redsemlac.com\/semmexico\/wp-json\/wp\/v2\/posts\/12553","targetHints":{"allow":["GET"]}}],"collection":[{"href":"https:\/\/redsemlac.com\/semmexico\/wp-json\/wp\/v2\/posts"}],"about":[{"href":"https:\/\/redsemlac.com\/semmexico\/wp-json\/wp\/v2\/types\/post"}],"author":[{"embeddable":true,"href":"https:\/\/redsemlac.com\/semmexico\/wp-json\/wp\/v2\/users\/3"}],"replies":[{"embeddable":true,"href":"https:\/\/redsemlac.com\/semmexico\/wp-json\/wp\/v2\/comments?post=12553"}],"version-history":[{"count":0,"href":"https:\/\/redsemlac.com\/semmexico\/wp-json\/wp\/v2\/posts\/12553\/revisions"}],"wp:featuredmedia":[{"embeddable":true,"href":"https:\/\/redsemlac.com\/semmexico\/wp-json\/wp\/v2\/media\/12436"}],"wp:attachment":[{"href":"https:\/\/redsemlac.com\/semmexico\/wp-json\/wp\/v2\/media?parent=12553"}],"wp:term":[{"taxonomy":"category","embeddable":true,"href":"https:\/\/redsemlac.com\/semmexico\/wp-json\/wp\/v2\/categories?post=12553"},{"taxonomy":"post_tag","embeddable":true,"href":"https:\/\/redsemlac.com\/semmexico\/wp-json\/wp\/v2\/tags?post=12553"}],"curies":[{"name":"wp","href":"https:\/\/api.w.org\/{rel}","templated":true}]}}