{"id":12550,"date":"2019-10-02T20:31:19","date_gmt":"2019-10-02T20:31:19","guid":{"rendered":"https:\/\/redsemlac.com\/semmexico\/?p=12550"},"modified":"2023-07-21T15:12:04","modified_gmt":"2023-07-21T20:12:04","slug":"proponen-iniciativa-para-que-partidos-garanticen-participacion-de-mujeres","status":"publish","type":"post","link":"https:\/\/redsemlac.com\/semmexico\/proponen-iniciativa-para-que-partidos-garanticen-participacion-de-mujeres\/","title":{"rendered":"Proponen iniciativa para que partidos garanticen participaci\u00f3n de mujeres"},"content":{"rendered":"\n<ul class=\"wp-block-list\"><li><strong>Los\npartidos pol\u00edticos deber\u00e1n incluirlas en sus \u00f3rganos de representaci\u00f3n pol\u00edtica<\/strong><\/li><li><strong>La\nlegislatura ser\u00e1 recordada por buscar criterios de igualdad: Abreu<\/strong><\/li><\/ul>\n\n\n\n<p class=\"wp-block-paragraph\"><strong>Redacci\u00f3n<\/strong><\/p>\n\n\n\n<p class=\"wp-block-paragraph\">SemM\u00e9xico, Cd. de M\u00e9xico, 2 octubre 2019.- La\nsenadora Roc\u00edo Adriana Abreu Arti\u00f1ano, propuso un proyecto de decreto que\nreforma los p\u00e1rrafos 4 y 5 del art\u00edculo 14; el p\u00e1rrafo 2 del art\u00edculo 232, de\nla Ley de Instituciones y Procedimientos Electorales, en materia de paridad de\ng\u00e9nero, para fortalecer y garantizar el derecho de las mujeres a formar parte\nde los \u00f3rganos de representaci\u00f3n pol\u00edtica y lograr equidad en su integraci\u00f3n.<\/p>\n\n\n\n<p class=\"wp-block-paragraph\">La legisladora del Grupo Parlamentario de Morena se\u00f1al\u00f3 que M\u00e9xico ha progresado en la regularizaci\u00f3n sobre la participaci\u00f3n pol\u00edtica de las mujeres. Donde se recurr\u00eda a recomendaciones de partidos pol\u00edticos.<\/p>\n\n\n\n<p class=\"wp-block-paragraph\">Se estableci\u00f3 un sistema de cuotas a modo que obligaba registrar un n\u00famero m\u00ednimo de candidaturas de g\u00e9nero distinto, lo que condujo, dijo, al reconocimiento de la paridad de g\u00e9nero en la postulaci\u00f3n de candidaturas en cargos de elecci\u00f3n popular.<\/p>\n\n\n\n<p class=\"wp-block-paragraph\">A trav\u00e9s de los a\u00f1os, subray\u00f3 Abreu Arti\u00f1ano, el Tribunal Electoral ha construido el principio de igualdad en el ejercicio de derechos pol\u00edtico-electorales entre hombre y mujer; mediante la aplicaci\u00f3n de tres mecanismos: cuota, paridad y alternancia.<\/p>\n\n\n\n<p class=\"wp-block-paragraph\">\u201cEsta es una legislatura hist\u00f3rica que ser\u00e1 recordada donde se aprobaron criterios de igualdad por a\u00f1os buscados\u201d, destac\u00f3 la senadora morenista.<\/p>\n\n\n\n<p class=\"wp-block-paragraph\">Refiri\u00f3 que esta reforma progresiva contribuir\u00e1 a considerar el r\u00e9gimen legal a favor de las f\u00e9minas y su participaci\u00f3n en la vida pol\u00edtica del pa\u00eds.<\/p>\n\n\n\n<p class=\"wp-block-paragraph\">El proyecto fue turnado a las Comisiones Unidas de Gobernaci\u00f3n, y Estudios Legislativos, Segunda.<\/p>\n\n\n\n<p class=\"wp-block-paragraph\">SEM\/sj<\/p>\n","protected":false},"excerpt":{"rendered":"<p>Los partidos pol\u00edticos deber\u00e1n incluirlas en sus \u00f3rganos de representaci\u00f3n pol\u00edtica<\/p>\n","protected":false},"author":3,"featured_media":12551,"comment_status":"open","ping_status":"open","sticky":false,"template":"","format":"standard","meta":{"_monsterinsights_skip_tracking":false,"footnotes":""},"categories":[690,50],"tags":[],"class_list":["post-12550","post","type-post","status-publish","format-standard","has-post-thumbnail","category-690","category-congreso"],"_links":{"self":[{"href":"https:\/\/redsemlac.com\/semmexico\/wp-json\/wp\/v2\/posts\/12550","targetHints":{"allow":["GET"]}}],"collection":[{"href":"https:\/\/redsemlac.com\/semmexico\/wp-json\/wp\/v2\/posts"}],"about":[{"href":"https:\/\/redsemlac.com\/semmexico\/wp-json\/wp\/v2\/types\/post"}],"author":[{"embeddable":true,"href":"https:\/\/redsemlac.com\/semmexico\/wp-json\/wp\/v2\/users\/3"}],"replies":[{"embeddable":true,"href":"https:\/\/redsemlac.com\/semmexico\/wp-json\/wp\/v2\/comments?post=12550"}],"version-history":[{"count":0,"href":"https:\/\/redsemlac.com\/semmexico\/wp-json\/wp\/v2\/posts\/12550\/revisions"}],"wp:featuredmedia":[{"embeddable":true,"href":"https:\/\/redsemlac.com\/semmexico\/wp-json\/wp\/v2\/media\/12551"}],"wp:attachment":[{"href":"https:\/\/redsemlac.com\/semmexico\/wp-json\/wp\/v2\/media?parent=12550"}],"wp:term":[{"taxonomy":"category","embeddable":true,"href":"https:\/\/redsemlac.com\/semmexico\/wp-json\/wp\/v2\/categories?post=12550"},{"taxonomy":"post_tag","embeddable":true,"href":"https:\/\/redsemlac.com\/semmexico\/wp-json\/wp\/v2\/tags?post=12550"}],"curies":[{"name":"wp","href":"https:\/\/api.w.org\/{rel}","templated":true}]}}