{"id":12541,"date":"2019-10-02T19:33:38","date_gmt":"2019-10-02T19:33:38","guid":{"rendered":"https:\/\/redsemlac.com\/semmexico\/?p=12541"},"modified":"2023-07-21T15:12:04","modified_gmt":"2023-07-21T20:12:04","slug":"asesinatos-de-mujeres-trans-en-la-impunidad-organizaciones","status":"publish","type":"post","link":"https:\/\/redsemlac.com\/semmexico\/asesinatos-de-mujeres-trans-en-la-impunidad-organizaciones\/","title":{"rendered":"Asesinatos de mujeres trans en la impunidad: organizaciones"},"content":{"rendered":"\n<ul class=\"wp-block-list\"><li><strong>Reprueban actuar de las\nautoridades al liberar a presunto transfeminicida<\/strong><\/li><li><strong>&nbsp;Una constante en estos cr\u00edmenes de odio,\nreclama activista<\/strong><\/li><\/ul>\n\n\n\n<p class=\"wp-block-paragraph\"><strong>Adriana Erandi Le\u00f3n Tierranueva <\/strong><\/p>\n\n\n\n<p class=\"wp-block-paragraph\">SemM\u00e9xico,\nCd. de M\u00e9xico, 2 octubre 2019.- Luego de que Itzayana L\u00f3pez Hern\u00e1ndez, mujer\ntrans de 21 a\u00f1os, fuera hallada asesinada en su departamento el pasado 22 de septiembre\ny que el presunto responsable quedara en libertad, organizaciones de la\nsociedad civil reprueban el actuar de las autoridades para casos de extrema\nviolencia y cr\u00edmenes de odio en especial contra mujeres trans.<\/p>\n\n\n\n<p class=\"wp-block-paragraph\">\u201cEste\ntipo de irregularidades son una constante durante las investigaciones en estos cr\u00edmenes\u201d,\ndenunci\u00f3 Kenya Cuevas, directora de la asociaci\u00f3n civil Casa de las Mu\u00f1ecas\nTiresias, quien record\u00f3 el caso de Paola Buenrostro, mujer trans asesinada hace\ntres a\u00f1os, sin que a la fecha hay un detenido.<\/p>\n\n\n\n<p class=\"wp-block-paragraph\">De\nacuerdo con la carpeta de investigaci\u00f3n C1-FC1H\/2\/UI-C\/D-00316\/09-2019, el\nItzayana, trabajadora sexual y originaria de Pijijiapan, Chiapas, lleg\u00f3 a su\ncasa donde la esperaba su novio, al transcurrir unos minutos los vecinos\nescucharon una fuerte discusi\u00f3n y tras o\u00edr gritos de auxilio llamaron al 911.\nDos oficiales de la Secretar\u00eda de Seguridad Ciudadana encontraron a Itzayana\ntirada en el suelo y a su novio al lado diciendo \u201cperd\u00f3n, te amo, pero nunca\nentendiste\u201d. El equipo de param\u00e9dicos determin\u00f3 que la v\u00edctima ya no presentaba\nsignos vitales y que la causa de la muerte hab\u00eda sido asfixia por ahorcamiento.\n<\/p>\n\n\n\n<p class=\"wp-block-paragraph\">Despu\u00e9s\nde 48 horas, el novio fue puesto en libertad argumentando falta de pruebas en\nel delito de feminicidio. Fuentes cercanas afirman que el novio era celoso y\nviolento, por lo que Itzayana estaba planeado salir de la ciudad y abandonarlo.<\/p>\n\n\n\n<p class=\"wp-block-paragraph\">Ante\nesto, Kenya Cuevas, exigi\u00f3 a las autoridades un segundo peritaje m\u00e1s exhaustivo\ny con perspectiva de g\u00e9nero: \u201cQueremos manifestar nuestro desacuerdo con la\ndecisi\u00f3n de dejar en libertad al presunto responsable. Estamos viviendo el\nmismo caso que el de Paola Buenrostro; impunidad, cada vez que detenemos\nnosotras a un homicida lo dejan en libertad, con Paola hubo detenidos y hoy\nnadie est\u00e1 preso\u201d.<\/p>\n\n\n\n<p class=\"wp-block-paragraph\">Cabe\nrecordar que el 30 de septiembre se cumplieron tres a\u00f1os del transfeminicidio\nde Paola, caso emblem\u00e1tico para la comunidad trans en todo el pa\u00eds, por un inadecuado\nseguimiento pese a la recomendaci\u00f3n (2\/2019) de la Comisi\u00f3n de Derechos Humanos\nde la CDMX, por la negligencia de las autoridades durante la investigaci\u00f3n. <\/p>\n\n\n\n<p class=\"wp-block-paragraph\">Por\nsu parte, Alejandro Brito, director de la organizaci\u00f3n Letra ESE, inform\u00f3 que\nen el periodo de 2013 a 2018 se contabilizaron 473 v\u00edctimas de homicidio contra\npersonas de la comunidad LGBTTTI a nivel nacional, cr\u00edmenes que aumentaron un\n30 por ciento en los dos \u00faltimos a\u00f1os del sexenio de Enrique Pe\u00f1a Nieto, \u201cla\npoblaci\u00f3n m\u00e1s afectada son las mujeres trans con 261 asesinatos, es decir, un\n55 por ciento del total\u201d. <\/p>\n\n\n\n<p class=\"wp-block-paragraph\">Los\nestados m\u00e1s afectados son Veracruz, seguido por Guerrero, Quintana Roo, Estado\nde M\u00e9xico, Chihuahua, Puebla y Tamaulipas.<\/p>\n\n\n\n<p class=\"wp-block-paragraph\">Brito\npuntualiz\u00f3 que las v\u00edctimas m\u00e1s frecuentes son las trabajadoras sexuales y las\nque laboran en est\u00e9ticas, sin embargo, \u201cestas cifras no representan la realidad\nya que fueron tomadas de los medios y no todos los casos se publican\u201d.<\/p>\n\n\n\n<p class=\"wp-block-paragraph\">SEM\/aelt\/sj<\/p>\n","protected":false},"excerpt":{"rendered":"<p>Reprueban actuar de las autoridades al liberar a presunto transfeminicida<\/p>\n","protected":false},"author":3,"featured_media":12542,"comment_status":"open","ping_status":"open","sticky":false,"template":"","format":"standard","meta":{"_monsterinsights_skip_tracking":false,"footnotes":""},"categories":[690,54],"tags":[],"class_list":["post-12541","post","type-post","status-publish","format-standard","has-post-thumbnail","category-690","category-mujeres"],"_links":{"self":[{"href":"https:\/\/redsemlac.com\/semmexico\/wp-json\/wp\/v2\/posts\/12541","targetHints":{"allow":["GET"]}}],"collection":[{"href":"https:\/\/redsemlac.com\/semmexico\/wp-json\/wp\/v2\/posts"}],"about":[{"href":"https:\/\/redsemlac.com\/semmexico\/wp-json\/wp\/v2\/types\/post"}],"author":[{"embeddable":true,"href":"https:\/\/redsemlac.com\/semmexico\/wp-json\/wp\/v2\/users\/3"}],"replies":[{"embeddable":true,"href":"https:\/\/redsemlac.com\/semmexico\/wp-json\/wp\/v2\/comments?post=12541"}],"version-history":[{"count":0,"href":"https:\/\/redsemlac.com\/semmexico\/wp-json\/wp\/v2\/posts\/12541\/revisions"}],"wp:featuredmedia":[{"embeddable":true,"href":"https:\/\/redsemlac.com\/semmexico\/wp-json\/wp\/v2\/media\/12542"}],"wp:attachment":[{"href":"https:\/\/redsemlac.com\/semmexico\/wp-json\/wp\/v2\/media?parent=12541"}],"wp:term":[{"taxonomy":"category","embeddable":true,"href":"https:\/\/redsemlac.com\/semmexico\/wp-json\/wp\/v2\/categories?post=12541"},{"taxonomy":"post_tag","embeddable":true,"href":"https:\/\/redsemlac.com\/semmexico\/wp-json\/wp\/v2\/tags?post=12541"}],"curies":[{"name":"wp","href":"https:\/\/api.w.org\/{rel}","templated":true}]}}