{"id":12526,"date":"2019-10-02T01:34:03","date_gmt":"2019-10-02T01:34:03","guid":{"rendered":"https:\/\/redsemlac.com\/semmexico\/?p=12526"},"modified":"2023-07-21T15:12:04","modified_gmt":"2023-07-21T20:12:04","slug":"organizaciones-y-ciudadania-de-oaxaca-piden-que-se-publique-la-reforma-al-codigo-penal-que-incluye-la-ile","status":"publish","type":"post","link":"https:\/\/redsemlac.com\/semmexico\/organizaciones-y-ciudadania-de-oaxaca-piden-que-se-publique-la-reforma-al-codigo-penal-que-incluye-la-ile\/","title":{"rendered":"Organizaciones y ciudadan\u00eda de Oaxaca piden que se publique la reforma al C\u00f3digo Penal que incluye la ILE"},"content":{"rendered":"\n<p class=\"wp-block-paragraph\">SemM\u00e9xico. Oaxaca de Ju\u00e1rez, Oaxaca. 01 de octubre 2019.- En pronunciamiento p\u00fablico diversas organizaciones civiles y sociedad demandan al gobernador de Oaxaca, Alejandro Murat que lleve a cabo la publicaci\u00f3n en el Peri\u00f3dico Oficial de la reforma al C\u00f3digo Penal que incluye la interrupci\u00f3n legal del embarazo en la entidad para su entrada en vigor.<\/p>\n\n\n\n<p class=\"wp-block-paragraph\" style=\"text-align:center\"><strong>PRONUNCIAMIENTO\nP\u00daBLICO DE ORGANIZACIONES Y PERSONAS DE OAXACA<\/strong><\/p>\n\n\n\n<ul class=\"wp-block-list\"><li><strong>Demandan\nal Gobernador la publicaci\u00f3n en Peri\u00f3dico Oficial de la reforma al C\u00f3digo Penal\nsobre interrupci\u00f3n legal del embarazo<\/strong><\/li><\/ul>\n\n\n\n<p class=\"wp-block-paragraph\">Oaxaca de Ju\u00e1rez a 1 de\noctubre de 2019<\/p>\n\n\n\n<p class=\"wp-block-paragraph\"><strong>A la Opini\u00f3n P\u00fablica<\/strong><\/p>\n\n\n\n<p class=\"wp-block-paragraph\"><strong>Al Gobierno del Estado de Oaxaca<\/strong><\/p>\n\n\n\n<p class=\"wp-block-paragraph\"><strong>A la LXIV Legislatura del Congreso del Estado de Oaxaca<\/strong><\/p>\n\n\n\n<p class=\"wp-block-paragraph\">Las organizaciones y personas abajo\nfirmantes nos congratulamos con la reciente reforma al C\u00f3digo Penal aprobada\npor el H. Congreso del Estado de Oaxaca la cual permite que las mujeres puedan acceder\na la interrupci\u00f3n legal del embarazo cuando as\u00ed lo decidan, antes de las 12\nsemanas de gestaci\u00f3n. <\/p>\n\n\n\n<p class=\"wp-block-paragraph\">Dicha reforma es un gran logro en el\n\u00e1mbito local y nacional, gracias al impulso de diputadas comprometidas con la\nsalud y la igualdad de oportunidades de las mujeres oaxaque\u00f1as y representa el\ntriunfo de muchos a\u00f1os de lucha del movimiento feminista a favor del pleno\nejercicio de los derechos sexuales y reproductivos.<\/p>\n\n\n\n<p class=\"wp-block-paragraph\">En la etapa actual, se requiere que la\nreforma aprobada sea publicada por el Gobernador de Oaxaca en el Peri\u00f3dico Oficial,\ncon el fin de su inmediata entrada en vigor y para que el Sistema de Salud garantice\nservicios de atenci\u00f3n con calidad a las mujeres que decidan interrumpir\nlegalmente un embarazo,&nbsp; tal como lo manifest\u00f3\nrecientemente el Secretario de Salud del Gobierno Federal, Dr. Jorge Alcocer\nVarela. <\/p>\n\n\n\n<p class=\"wp-block-paragraph\">De esa manera, Oaxaca cumplir\u00e1 con las recomendaciones\nemitidas al Estado Mexicano por el Comit\u00e9 de Expertas de la CEDAW en 2018 y se\ncolocar\u00e1 a la vanguardia del Marco Normativo de los Derechos Humanos de las Mujeres\nen M\u00e9xico, por ello instamos al Gobernador Alejandro Murat Hinojosa, a publicar\nla reforma a la brevedad.<\/p>\n\n\n\n<p class=\"wp-block-paragraph\">Atentamente<\/p>\n\n\n\n<p class=\"wp-block-paragraph\"><strong>Organizaciones civiles: <\/strong><\/p>\n\n\n\n<p class=\"wp-block-paragraph\">Consorcio\npara el Di\u00e1logo Parlamentario y la Equidad Oaxaca, Espiral por la Vida, Nueve\nLunas, Espacio de Encuentro de las Culturas Originarias, Tianguis Ind\u00edgena\nMulticultural, Colectivo por la Ciudadan\u00eda de las Mujeres, Grupo de Estudios\nsobre la Mujer \u00abRosario Castellanos\u00bb, Iniciativas para el Desarrollo\nde la Mujer Oaxaque\u00f1a, Luna del Sur, Ojo de Agua Comunicaci\u00f3n, Servicios para\nuna Educaci\u00f3n Alternativa, Campo, Centro Calpulli, Surco, Diversidades y No\nDiscriminaci\u00f3n, Herramientas para el Buen Vivir, Red Nacional de Abogadas\nInd\u00edgenas, RAI, Coldiba, Mujeres Tejiendo Realidades, Marea Verde Oaxaca, Instituto\nde Liderazgo Simone de Beauvoir, Flor Comunal, Pi\u00f1a Palmera, Red Chimalli,\nComaletzin, Feministas al Aire-Radio, Colectiva Feminista \u00abMujeres\nLilas\u00bb, Red por los Derechos Sexuales y Reproductivos, Ddeser Oaxaca, Chatinas\npor la Igualdad, Cat\u00f3licas por el Derecho a Decidir, Ixmucane, Hitandekas,\nColectivo de Hombres Trans de Oaxaca.<\/p>\n\n\n\n<p class=\"wp-block-paragraph\"><strong>A t\u00edtulo individual: <\/strong><\/p>\n\n\n\n<p class=\"wp-block-paragraph\">Josefina\nAranda Bezaury, Margarita Dalton Palomo, Ana Mar\u00eda Hern\u00e1ndez C\u00e1rdenas, Blanca\nCasta\u00f1\u00f3n Canals, Y\u00e9sica S\u00e1nchez Maya, Aline Castellanos, Soledad Jarquin Edgar,\nBeatriz Casas Arellanes, Araceli Gil Archundia, Tzinnia Carranza L\u00f3pez, Pilar\nMuriedas Ju\u00e1rez, Claudia Ram\u00edrez Izucar, Cristina Galante, B\u00e1rbara Garc\u00eda\nCh\u00e1vez,&nbsp; Ang\u00e9lica Ayala Ortiz, Anabel\nL\u00f3pez S\u00e1nchez, Atziri \u00c1vila, Niz Yamille G\u00f3mez Hern\u00e1ndez, Ana Tejero Aranda, Nallely\nTello, Rodrigo Hern\u00e1ndez Gonz\u00e1lez, Ximena Avellaneda, Alma Rosa Esp\u00edndola\nGalicia, Elizabeth G. Mosqueda R, Leticia Brise\u00f1o Maas, Rosario Mart\u00ednez, Iliana\nToussieh, Bellanira L\u00f3pez S\u00e1nchez, Yolanda Qui\u00f1ones Gonz\u00e1lez, Maria Elena\nBelmonte Cruz, Emma Ruiz Melo, Graciela Garcia Cano Millan, Marin\u00e9s Villarreal\nUribe, Itzel G. G\u00fazman Resendis, Carmina Mart\u00ednez Vallejo, Andrea Garibay\nEspino, Mar\u00eda Paula Cruz Montes, Maria De Lourdes L\u00f3pez Velasco, Daniela Reyes\nRodr\u00edguez, Elia A. Santiago Rodriguez, Edith Morales, Ailed S\u00e1nchez Zavaleta,\nDea L\u00f3pez, Andrea Reyes Carrillo, Diana Denham, Monica Yanet Martinez Perez, Ver\u00f3nica\nSantiba\u00f1ez Arag\u00f3n, Daniel D\u00edaz, Aurore Marie Elodie Tallec, Paula Manuela Cant\u00fa\nGarza, Pamela Ric\u00e1rdez Morales, Danielle Cosmes, Alicia Arrangoiz, Laura Susana\nCh\u00eda P\u00e9rez, Carla Olivares, Isabel Rojas, Virginia Alejandre, Karla Paulina\nL\u00f3pez Bola\u00f1os, Sof\u00eda Garnica Esteva, Sheny Frida Flores Pati\u00f1o, Karla Sosa\nRam\u00edrez, Karla Aracely Cruz Santiago, Maite Guadarrama, Ma. Esther Alejandre,\nPerla Guadalupe Velasco Santiago, Susana Alejandre, Daniela L\u00f3pez Aguilar, Ana\nValeria Rios Villanueva, Lilyanne Andrea Madrigal Hern\u00e1ndez, Mar\u00eda Fernanda De\nLa Barrera Ambrosio, Beatriz Ram\u00edrez Caballero, Zenaida P\u00e9rez Guti\u00e9rrez,\nJessica Iv\u00f3n Garc\u00eda Zarate, Mar\u00eda de Lourdes Santiago Cruz, Mar\u00eda del Carmen\nSantiago Lagunas, Eneida G\u00f3mez Garc\u00eda, Mar\u00eda Luisa Siguenza Audiffred, Maribel\nGonz\u00e1lez Apodaca, Silvia Gabriela Hernandez Salinas, Laurie Thompson, Melissa\nMena Koblizek, Dunia C\u00e1rcamo P\u00e9rez, Hagar Aviram, Elena Arnaiz, Luisa Alejandra\nHern\u00e1ndez \u00c1lvarez, Megan Mart\u00edn, Megan Glore, Nayhiely Aquino Rojas, Andrea\nCianci, Sandra Elizabeth Smith Aguilar, Emma In\u00e9s Villase\u00f1or S\u00e1nchez, Selene del\nCarmen Garc\u00eda Jim\u00e9nez, Karla Paulina L\u00f3pez Bola\u00f1os, Natalhi Vazquez, \u00darsula\nHierro Aguirre,&nbsp; Silvia Jurado Celis,\nAlma Mart\u00ednez, Mar\u00eda Luisa Segura Ram\u00edrez Beatriz Avila CurieMar\u00eda Esther\nOrozco Mej\u00eda, Ma. Eugenia Mata, Mar\u00eda Fernanda Espinosa Abascal, Ma. Magdalena\nL\u00f3pez Rocha, Carmen Castillo Cisneros, Carmelita Sibaja Ochoa, Sara Carrillo\nUribe, Amanda Betzab\u00e9 Axtle Mart\u00ednez, Briseida Arcocruz, Ana Tejero Aranda,\nYelene Franco Ceballos, Angeles Anaya, Paola Mar\u00eda Sesia, Guillermo Monteforte,\nBeatriz Arely Cruz, Berenice Guraieb, Jenny\nAlhel\u00ed G\u00f3mez Rosas, Erin\nManson Dunford, Daria Chernysheva, Mar\u00eda Sof\u00eda Pino Casta\u00f1on, Elena Pardo, Asly L\u00f3pez, Luis Rom\u00e1n\nRam\u00edrez Palacios, Valentina Santillana Castillo, Judith Marcial, Norma Iris\nSantiago Hern\u00e1ndez,Ivette D\u00edaz Morales, Marycarmen Ortega , Pilar Monterrubio,\nOlga Margarita Davila, Andrea Duarte Garc\u00eda, Rub\u00e9n Doroteo Castillejos,\nCitlalli Maldonado Flores, Leydi Hern\u00e1ndez L\u00f3pez, Valentina Jasso, Elena\nCasta\u00f1\u00f3n Canals, Emilia Topete Salazar, Yadira Casta\u00f1eda, Sandra Rogel,\nCarolina Pe\u00f1a, Katia Elnecave Maldonado, Nuria Bego\u00f1a Landa Garrido, Sofia\nOrtiz Landa, Mariana Ortiz Landa, Zara Ortiz Landa, Luisa Fernanda Rojas Landa,\nAng\u00e9lica Santiago P\u00e9rez, Liliana Barrios L\u00f3pez, Romina Hierro Aguirre, Laura\nMelani, Gabriela Alejandra D\u00edaz, Viridiana Bautista Garcia, Nayhieli Aquino\nRojas, Anel Flores Cruz, Fatima Jim\u00e9nez, Beatriz Hern\u00e1ndez Bautista, Alba\nLeilany Victoria Ortiz, Silvia P\u00e9rez Yescas, \u00c9rika Elizabeth Luis Nicol\u00e1s,\nVilma Katt Ulloa, Areli Lopez Quiroz, Aline Desentis Ot\u00e1lora, Mar\u00eda Lorena\nSilva Carri\u00f3n, Adriana Remus, Eva Luz de Keijzer Reyes, Mar\u00eda Eugenia V\u00e1squez\nC\u00e1rdenas, Leticia Baloes Guti\u00e9rrez, Aura Renata Gallegos Vargas,&nbsp; Eduarda Betzabe Peralta Reyes, Roc\u00edo Olivera,\nLorena Mart\u00ednez Gonz\u00e1lez, Cinthia Pacheco Moo, Daniel Nizcub V\u00e1squez Cerero.<\/p>\n","protected":false},"excerpt":{"rendered":"<p>Demandan al Gobernador la publicaci\u00f3n en Peri\u00f3dico Oficial de la reforma al C\u00f3digo Penal sobre interrupci\u00f3n legal del embarazo<\/p>\n","protected":false},"author":3,"featured_media":12528,"comment_status":"open","ping_status":"open","sticky":false,"template":"","format":"standard","meta":{"_monsterinsights_skip_tracking":false,"footnotes":""},"categories":[690,54],"tags":[],"class_list":["post-12526","post","type-post","status-publish","format-standard","has-post-thumbnail","category-690","category-mujeres"],"_links":{"self":[{"href":"https:\/\/redsemlac.com\/semmexico\/wp-json\/wp\/v2\/posts\/12526","targetHints":{"allow":["GET"]}}],"collection":[{"href":"https:\/\/redsemlac.com\/semmexico\/wp-json\/wp\/v2\/posts"}],"about":[{"href":"https:\/\/redsemlac.com\/semmexico\/wp-json\/wp\/v2\/types\/post"}],"author":[{"embeddable":true,"href":"https:\/\/redsemlac.com\/semmexico\/wp-json\/wp\/v2\/users\/3"}],"replies":[{"embeddable":true,"href":"https:\/\/redsemlac.com\/semmexico\/wp-json\/wp\/v2\/comments?post=12526"}],"version-history":[{"count":0,"href":"https:\/\/redsemlac.com\/semmexico\/wp-json\/wp\/v2\/posts\/12526\/revisions"}],"wp:featuredmedia":[{"embeddable":true,"href":"https:\/\/redsemlac.com\/semmexico\/wp-json\/wp\/v2\/media\/12528"}],"wp:attachment":[{"href":"https:\/\/redsemlac.com\/semmexico\/wp-json\/wp\/v2\/media?parent=12526"}],"wp:term":[{"taxonomy":"category","embeddable":true,"href":"https:\/\/redsemlac.com\/semmexico\/wp-json\/wp\/v2\/categories?post=12526"},{"taxonomy":"post_tag","embeddable":true,"href":"https:\/\/redsemlac.com\/semmexico\/wp-json\/wp\/v2\/tags?post=12526"}],"curies":[{"name":"wp","href":"https:\/\/api.w.org\/{rel}","templated":true}]}}