{"id":12506,"date":"2019-10-01T21:20:28","date_gmt":"2019-10-01T21:20:28","guid":{"rendered":"https:\/\/redsemlac.com\/semmexico\/?p=12506"},"modified":"2023-07-21T15:12:05","modified_gmt":"2023-07-21T20:12:05","slug":"desde-beijing-la-igualdad-avanza-pero-lentamente","status":"publish","type":"post","link":"https:\/\/redsemlac.com\/semmexico\/desde-beijing-la-igualdad-avanza-pero-lentamente\/","title":{"rendered":"Desde Beijing, la igualdad avanza, pero lentamente"},"content":{"rendered":"\n<p class=\"wp-block-paragraph\"> <strong>La evaluaci\u00f3n mundial de los avances y desaf\u00edos de la aplicaci\u00f3n de la IV Conferencia Mundial de la Mujer en el periodo 2014-2019 evidencia que al ritmo actual, la igualdad se alcanzar\u00e1 en 100 o 200 a\u00f1os <\/strong><\/p>\n\n\n\n<p class=\"wp-block-paragraph\"><strong>Gloria L\u00f3pez<\/strong><\/p>\n\n\n\n<p class=\"wp-block-paragraph\"> SemM\u00e9xico\/AmecoPress. Madrid, 01 de octubre 2019.-\u00a0Un cambio lento. Aunque muchas veces la sensaci\u00f3n t\u00e9rmica, en la calle, con la acci\u00f3n y el protagonismo de las nuevas generaciones feministas, puede indicar lo contrario, los indicadores dados a conocer por las instituciones y organizaciones sociales que formaron parte el s\u00e1bado del Congreso Internacional Beijing+25, recogen modificaciones, pero a un ritmo que va despacio y que llevar\u00eda al 2 el horizonte de la igualdad, si no se realizan ajustes.<\/p>\n\n\n\n<p class=\"wp-block-paragraph\">El Congreso, organizado por el Instituto de la Mujer y para la Igualdad de Oportunidades conjuntamente con la sociedad civil, que se celebr\u00f3 en el espacio Medialab-Prado de Madrid, se convirti\u00f3 en foro intermedio del proceso de evaluaci\u00f3n mundial de los avances y desaf\u00edos de la aplicaci\u00f3n de la IV Conferencia Mundial de la Mujer (Beijing, 1995) en el periodo 2014-2019.<\/p>\n\n\n\n<p class=\"wp-block-paragraph\">El evento, que fue inaugurado por Carmen Calvo, vicepresidenta en funciones, y clausurado por Soledad Murillo, secretaria de Estado de Igualdad, analiz\u00f3 el proceso de Beijing+25 y la Agenda 2030, as\u00ed como la situaci\u00f3n de la Uni\u00f3n Europea en diferentes \u00e1mbitos.<\/p>\n\n\n\n<figure class=\"wp-block-image\"><a href=\"http:\/\/amecopress.net\/IMG\/jpg\/calvo_foto.jpg\"><img decoding=\"async\" src=\"http:\/\/amecopress.net\/local\/cache-vignettes\/L750xH360\/calvo_foto-9ee45.jpg\" alt=\"JPEG\"\/><\/a><\/figure>\n\n\n\n<p class=\"wp-block-paragraph\">\u201cBeijing supuso introducir la perspectiva de g\u00e9nero en todo, con especial \u00e9nfasis en proteger la libertad de las mujeres, su educaci\u00f3n, la lucha contra la feminizaci\u00f3n de la pobreza y contra la violencia de g\u00e9nero\u201d afirm\u00f3 Carmen Calvo. Sin embargo, ya en la primera mesa de la jornada, dedicada al \u201cProceso Beijing+25 y la Agenda 2030\u201d se evidencia la necesidad de \u201cacelerar la implementaci\u00f3n\u201d de los objetivos de dicha Agenda.<\/p>\n\n\n\n<p class=\"wp-block-paragraph\">\u201cLas mujeres trabajan 13 horas m\u00e1s que los hombres en las tareas del cuidado del hogar y de la familia. Muchas no acceden al mercado laboral por este motivo o lo hacen a tiempo parcial\u201d se\u00f1al\u00f3 Helena Morais, representante del Instituto Europeo para la Igualdad de G\u00e9nero. Y explica que tampoco ha mejorado, desde el 2013, la brecha salarial y el techo de cristal. Adem\u00e1s, las mujeres tienen empleos m\u00e1s precarios. Todo ello tiene un impacto sobre la salud f\u00edsica y mental de las mujeres. Viven m\u00e1s, pero con peor calidad de vida. La experta destaca la violencia que se ejerce sobre las mujeres por el hecho de ser mujeres, as\u00ed como la necesidad de elaborar pol\u00edticas p\u00fablicas m\u00e1s espec\u00edficas y concretas.<\/p>\n\n\n\n<figure class=\"wp-block-image\"><a href=\"http:\/\/amecopress.net\/IMG\/jpg\/calvo2_foto.jpg\"><img decoding=\"async\" src=\"http:\/\/amecopress.net\/local\/cache-vignettes\/L750xH638\/calvo2_foto-c3924.jpg\" alt=\"JPEG\"\/><\/a><\/figure>\n\n\n\n<p class=\"wp-block-paragraph\">En s\u00edntesis, a pesar de que el Consejo de Europa \u201ctiene un programa transversal de g\u00e9nero como estrategia fundamental\u201d, tal y como explic\u00f3 Caterina Bolognese, Jefa de la Divisi\u00f3n de Igualdad de G\u00e9nero del Consejo de Europa, \u201cdesde Beijing el proceso ha sido lento\u201d.<\/p>\n\n\n\n<h3 class=\"wp-block-heading\">Al ritmo actual, lograr la equiparaci\u00f3n en el tiempo dedicado a los cuidados entre mujeres y hombres, nos llevar\u00eda 200 a\u00f1os<\/h3>\n\n\n\n<p class=\"wp-block-paragraph\">Por la tarde, las mesas redondas estuvieron enfocadas en la sociedad civil. En la primera, Ada Santana Aguilera, presidenta de la Federaci\u00f3n de Mujeres J\u00f3venes, record\u00f3 la necesidad de un pacto generacional (diferente al concepto de relevo) para establecer una agenda com\u00fan para todas las generaciones de mujeres. Ada advirti\u00f3 que si bien la juventud no es la misma que en la d\u00e9cada de los 90, los 80, o los 60, los modelos de participaci\u00f3n se mantienen, son iguales, lo cual merece una reflexi\u00f3n.<\/p>\n\n\n\n<p class=\"wp-block-paragraph\">Judith Carreras, que represent\u00f3 a la OIT en esa primera mesa, insisti\u00f3: las brechas de g\u00e9nero no se han reducido de forma significativa en los \u00faltimos 20 a\u00f1os e incluso con la crisis se produjo un retroceso. Por ejemplo, la brecha salarial, que \u201ces solo la punta del iceberg\u201d. \u201cEl factor objetivo de la brecha salarial es la discriminaci\u00f3n\u201d, sentenci\u00f3.<\/p>\n\n\n\n<p class=\"wp-block-paragraph\">Frente a esto, \u201clas pol\u00edticas p\u00fablicas con elementos de conciliaci\u00f3n y corresponsabilidad marcan la diferencia\u201d asegur\u00f3 Judith Carreras, que propuso tambi\u00e9n \u201cponer en valor el trabajo de los cuidados\u201d. En ese sentido, la experta arroja un dato significativo: en los \u00faltimos 20 a\u00f1os, las mujeres dedicamos 15 minutos menos al d\u00eda al trabajo de los cuidados, y los hombres dedican 8 minutos m\u00e1s. Lo que indica, que para lograr la equiparaci\u00f3n necesitaremos 200 a\u00f1os.<\/p>\n\n\n\n<h3 class=\"wp-block-heading\">Libertad reproductiva<\/h3>\n\n\n\n<p class=\"wp-block-paragraph\">Por su parte, Filomena Ruggiero, de la Federaci\u00f3n Internacional de Planificaci\u00f3n Familiar, record\u00f3 que en la Plataforma Beijing+25 la salud es planteada como un motor para la erradicaci\u00f3n de la pobreza. En cuanto a la salud sexual, el uso de la contracepci\u00f3n moderna sigue siendo bajo, lo que evidencia carencias en materia de educaci\u00f3n y tambi\u00e9n es un indicador de que la contracepci\u00f3n no es asequible para todo el mundo. La experta abog\u00f3 por minimizar el copago sanitario en Europa, fortalecer la educaci\u00f3n sexual y aumentar el gasto sanitario al menos hasta el 5%.<\/p>\n\n\n\n<p class=\"wp-block-paragraph\">Fillomena Ruggiero tambi\u00e9n apost\u00f3 por cambiar el lenguaje y empezar a hablar de \u201clibertad reproductiva\u201d, porque eso nos permite ir m\u00e1s all\u00e1 de lo conseguido y combatir el discurso de determinados movimientos y partidos que quieren limitar los derechos sexuales y reproductivos y que \u201cponen en nosotras que obligamos a las mujeres a abortar\u201d<\/p>\n\n\n\n<p class=\"wp-block-paragraph\">Por su parte, Montserrat Villa, de las Plataformas Estambul Sombra y Beijing+25, afirm\u00f3 que la violencia, en sus diferentes manifestaciones, ha sido y es normalizada y justificada. La violencia machista, que est\u00e1 siendo visibilizada gracias al auge del movimiento feminista, es \u201cestructural\u201d y est\u00e1 basada en un sistema \u201cpatriarcal\u201d. Por eso, la movilizaci\u00f3n feminista debe ubicarse como un punto de inflexi\u00f3n para transformar las estructuras de manera que la vida se ponga en el centro y que sea impensable la violencia.<\/p>\n\n\n\n<p class=\"wp-block-paragraph\">\u201cConsideramos que existe violencia institucional cuando se duda de las mujeres, cuando se las victimiza, cuando no se usan mecanismos existentes, cuando no se aplican leyes y convenios ratificados\u201d.<\/p>\n\n\n\n<p class=\"wp-block-paragraph\">Montserrat Vila asegur\u00f3 que el Convenio de Estambul es un gran avance. \u201cSe necesita un cambio estructural profundo. El movimiento feminista est\u00e1 marcando el camino y Beijing+25 debe tenerlo en cuenta\u201d.<\/p>\n\n\n\n<figure class=\"wp-block-image\"><a href=\"http:\/\/amecopress.net\/IMG\/jpg\/familia-3.jpg\"><img decoding=\"async\" src=\"http:\/\/amecopress.net\/local\/cache-vignettes\/L750xH371\/familia-3-fbafa.jpg\" alt=\"JPEG\"\/><\/a><\/figure>\n\n\n\n<h3 class=\"wp-block-heading\">\u201cPara poder luchar por los derechos de las mujeres tenemos que combatir la crisis clim\u00e1tica\u201d<\/h3>\n\n\n\n<p class=\"wp-block-paragraph\">En la \u00faltima mesa de la jornada, Francisca Guisado, visibiliz\u00f3 los datos que evidencian el techo de cristal en la toma de decisiones pol\u00edticas y econ\u00f3micas. Un techo de cristal que, al ritmo actual, tardaremos 107 a\u00f1os en romper.<\/p>\n\n\n\n<figure class=\"wp-block-image\"><a href=\"http:\/\/amecopress.net\/IMG\/jpg\/begona.jpg\"><img decoding=\"async\" src=\"http:\/\/amecopress.net\/local\/cache-vignettes\/L750xH460\/begona-2652a.jpg\" alt=\"JPEG\"\/><\/a><\/figure>\n\n\n\n<p class=\"wp-block-paragraph\">Rosabel Agirregomezkorta insisti\u00f3 en la importancia de la participaci\u00f3n de las mujeres en la resoluci\u00f3n de los conflictos armados y en las misiones de paz. De hecho, est\u00e1 demostrado que cuando las mujeres participan en estos procesos son m\u00e1s duraderos. Adem\u00e1s, \u201ces imprescindible proteger a las mujeres de la violencia sexual\u201d. La integrante de Plataforma CEDAW Andaluc\u00eda, Red WIDE+ y Feminist Group del CPDE, defendi\u00f3: \u201cTenemos que ser capaces de llegar a alianzas estrat\u00e9gicas e incluir mujeres diversas\u201d.<\/p>\n\n\n\n<p class=\"wp-block-paragraph\">La \u00faltima mesa concluy\u00f3 con la intervenci\u00f3n de Laura Laguna, integrante de Fridays for Future, qui\u00e9n se concentr\u00f3 en el ecofeminismo. \u201cNinguna lucha tiene sentido en un mundo muerto\u201d dijo, para a\u00f1adir que \u201cpara poder luchar por los derechos de las mujeres tenemos que combatir la crisis clim\u00e1tica\u201d.<\/p>\n\n\n\n<figure class=\"wp-block-image\"><a href=\"http:\/\/amecopress.net\/IMG\/jpg\/soledad_murillo-3.jpg\"><img decoding=\"async\" src=\"http:\/\/amecopress.net\/local\/cache-vignettes\/L680xH510\/soledad_murillo-3-acf6b.jpg\" alt=\"JPEG\"\/><\/a><\/figure>\n\n\n\n<p class=\"wp-block-paragraph\">\u201cLas mujeres, por factores biol\u00f3gicos y sociales, estamos m\u00e1s expuestas a las sustancias t\u00f3xicas, pero tambi\u00e9n somos las principales defensoras de la sostenibilidad\u201d, dijo Laura Laguna.<\/p>\n","protected":false},"excerpt":{"rendered":"<p>La evaluaci\u00f3n mundial de los avances y desaf\u00edos de la aplicaci\u00f3n de la IV Conferencia Mundial de la Mujer en el periodo 2014-2019 evidencia que al ritmo actual, la igualdad se alcanzar\u00e1 en 100 o 200 a\u00f1os <\/p>\n","protected":false},"author":3,"featured_media":12507,"comment_status":"open","ping_status":"open","sticky":false,"template":"","format":"standard","meta":{"_monsterinsights_skip_tracking":false,"footnotes":""},"categories":[690,53],"tags":[],"class_list":["post-12506","post","type-post","status-publish","format-standard","has-post-thumbnail","category-690","category-internacional"],"_links":{"self":[{"href":"https:\/\/redsemlac.com\/semmexico\/wp-json\/wp\/v2\/posts\/12506","targetHints":{"allow":["GET"]}}],"collection":[{"href":"https:\/\/redsemlac.com\/semmexico\/wp-json\/wp\/v2\/posts"}],"about":[{"href":"https:\/\/redsemlac.com\/semmexico\/wp-json\/wp\/v2\/types\/post"}],"author":[{"embeddable":true,"href":"https:\/\/redsemlac.com\/semmexico\/wp-json\/wp\/v2\/users\/3"}],"replies":[{"embeddable":true,"href":"https:\/\/redsemlac.com\/semmexico\/wp-json\/wp\/v2\/comments?post=12506"}],"version-history":[{"count":0,"href":"https:\/\/redsemlac.com\/semmexico\/wp-json\/wp\/v2\/posts\/12506\/revisions"}],"wp:featuredmedia":[{"embeddable":true,"href":"https:\/\/redsemlac.com\/semmexico\/wp-json\/wp\/v2\/media\/12507"}],"wp:attachment":[{"href":"https:\/\/redsemlac.com\/semmexico\/wp-json\/wp\/v2\/media?parent=12506"}],"wp:term":[{"taxonomy":"category","embeddable":true,"href":"https:\/\/redsemlac.com\/semmexico\/wp-json\/wp\/v2\/categories?post=12506"},{"taxonomy":"post_tag","embeddable":true,"href":"https:\/\/redsemlac.com\/semmexico\/wp-json\/wp\/v2\/tags?post=12506"}],"curies":[{"name":"wp","href":"https:\/\/api.w.org\/{rel}","templated":true}]}}