{"id":12477,"date":"2019-10-01T17:54:36","date_gmt":"2019-10-01T17:54:36","guid":{"rendered":"https:\/\/redsemlac.com\/semmexico\/?p=12477"},"modified":"2023-07-21T15:11:29","modified_gmt":"2023-07-21T20:11:29","slug":"guerrero-44","status":"publish","type":"post","link":"https:\/\/redsemlac.com\/semmexico\/guerrero-44\/","title":{"rendered":"Gobierno de Chilpancingo lanzar\u00e1 campa\u00f1a para evitar la hipersexualizaci\u00f3n en los concursos de belleza infantil"},"content":{"rendered":"\n<p class=\"wp-block-paragraph\"><strong>Josefina\nAguilar Pastor<\/strong><\/p>\n\n\n\n<p class=\"wp-block-paragraph\">Semm\u00e9xico. Chilpancingo, Guerrero, 01 de octubre de\n2019.-&nbsp; El ayuntamiento de Chilpancingo,\na trav\u00e9s del Sistema Municipal para Prevenir, Atender, Sancionar&nbsp; y Erradicar la violencia contra las Mujeres,\nemprender\u00e1 una campa\u00f1a de informaci\u00f3n dirigida a los habitantes de los cinco\nbarrios de la capital del Estado, sobre la hiper sexualizaci\u00f3n de las ni\u00f1as que\nparticipan en el concurso de belleza \u201cFlor de Noche Buena Infantil\u201d.<\/p>\n\n\n\n<p class=\"wp-block-paragraph\">Durante la sesi\u00f3n del Sistema Municipal para Prevenir,\nAtender, Sancionar&nbsp; y Erradicar la\nviolencia contra las Mujeres, se abord\u00f3 el tema de la publicaci\u00f3n de la\nconvocatoria de la d\u00e9cima edici\u00f3n del certamen de belleza \u201cFlor de Noche Buena\nInfantil\u201d, que se llevar\u00e1 a cabo este martes,&nbsp;\nla cual est\u00e1 avalada por el mismo ayuntamiento, a pesar de que\nChilpancingo, se encuentra bajo Alerta de Violencia de G\u00e9nero (AVG), y este\ntipo de competencias, exponen a las menores de edad al escrutinio p\u00fablico.<\/p>\n\n\n\n<p class=\"wp-block-paragraph\">Por su parte, representantes de distintas organizaciones\nciviles de mujeres, se pronunciaron en contra de este concurso, en el que\nse\u00f1alaron, hipersexualizan a las menores de edad, la ponen a nivel de una mujer\nadulta, las maquillan y visten de la misma manera, y las someten a una\ncompetencia cuyo resultado de no ser favorable, pudiera tener consecuencias\nnegativas.<\/p>\n\n\n\n<p class=\"wp-block-paragraph\">El presidente del sistema municipal, Antonio Orozco\nGuadarrama, y otras funcionarias p\u00fablicas, con desconocimiento de que este\nconcurso fuera creado hace apenas diez a\u00f1os atr\u00e1s, argumentaron que se trata de\nuna tradici\u00f3n cultural en Chilpancingo, y que no pueden ir en contra de las\ntradiciones, otros m\u00e1s, argumentaron que no pueden suspender una festividad de\neste tipo, sin una justificaci\u00f3n, y tampoco generar una situaci\u00f3n de conflicto\ncon los organizadores del evento, y con los familiares de las concursantes.<\/p>\n\n\n\n<p class=\"wp-block-paragraph\">Tambi\u00e9n argumentaron que hace falta informaci\u00f3n hacia las\nmadres y padres de familia, quienes ignoran en que peligro colocan a sus hijas,\nal hacerlas participar en este tipo de concursos de belleza. <\/p>\n\n\n\n<p class=\"wp-block-paragraph\">Luego de una larga discusi\u00f3n y propuestas, los\nintegrantes del Sistema Municipal, aprobaron emprender una campa\u00f1a de\ninformaci\u00f3n entre las y los habitantes de los cinco barrios tradicionales de\nChilpancingo, que es de donde provienen la mayor\u00eda de las participantes, y con\nello generar conciencia y poco a poco eliminar este tipo de pr\u00e1cticas. <\/p>\n","protected":false},"excerpt":{"rendered":"<p>Dirigida a los habitantes de los cinco barrios de la capital del Estado, sobre la hiper sexualizaci\u00f3n de las ni\u00f1as que participan en el concurso de belleza \u201cFlor de Noche Buena Infantil\u201d.<\/p>\n","protected":false},"author":3,"featured_media":12478,"comment_status":"open","ping_status":"open","sticky":false,"template":"","format":"standard","meta":{"_monsterinsights_skip_tracking":false,"footnotes":""},"categories":[690,51],"tags":[],"class_list":["post-12477","post","type-post","status-publish","format-standard","has-post-thumbnail","category-690","category-ejecutivo"],"_links":{"self":[{"href":"https:\/\/redsemlac.com\/semmexico\/wp-json\/wp\/v2\/posts\/12477","targetHints":{"allow":["GET"]}}],"collection":[{"href":"https:\/\/redsemlac.com\/semmexico\/wp-json\/wp\/v2\/posts"}],"about":[{"href":"https:\/\/redsemlac.com\/semmexico\/wp-json\/wp\/v2\/types\/post"}],"author":[{"embeddable":true,"href":"https:\/\/redsemlac.com\/semmexico\/wp-json\/wp\/v2\/users\/3"}],"replies":[{"embeddable":true,"href":"https:\/\/redsemlac.com\/semmexico\/wp-json\/wp\/v2\/comments?post=12477"}],"version-history":[{"count":0,"href":"https:\/\/redsemlac.com\/semmexico\/wp-json\/wp\/v2\/posts\/12477\/revisions"}],"wp:featuredmedia":[{"embeddable":true,"href":"https:\/\/redsemlac.com\/semmexico\/wp-json\/wp\/v2\/media\/12478"}],"wp:attachment":[{"href":"https:\/\/redsemlac.com\/semmexico\/wp-json\/wp\/v2\/media?parent=12477"}],"wp:term":[{"taxonomy":"category","embeddable":true,"href":"https:\/\/redsemlac.com\/semmexico\/wp-json\/wp\/v2\/categories?post=12477"},{"taxonomy":"post_tag","embeddable":true,"href":"https:\/\/redsemlac.com\/semmexico\/wp-json\/wp\/v2\/tags?post=12477"}],"curies":[{"name":"wp","href":"https:\/\/api.w.org\/{rel}","templated":true}]}}