{"id":12475,"date":"2019-10-01T17:28:11","date_gmt":"2019-10-01T17:28:11","guid":{"rendered":"https:\/\/redsemlac.com\/semmexico\/?p=12475"},"modified":"2023-07-21T15:11:29","modified_gmt":"2023-07-21T20:11:29","slug":"opinion-137","status":"publish","type":"post","link":"https:\/\/redsemlac.com\/semmexico\/opinion-137\/","title":{"rendered":"Textura Violeta"},"content":{"rendered":"\n<h2 class=\"wp-block-heading\"><strong>En Bolivia todo es arma electoral, hasta las causas vitales<\/strong><\/h2>\n\n\n\n<p class=\"wp-block-paragraph\"><strong>Drina\nErgueta<\/strong><\/p>\n\n\n\n<p class=\"wp-block-paragraph\">SemM\u00e9xico. La Paz-Bolivia. 01 de octubre de\n2019. Los incendios en el oriente boliviano, con las important\u00edsimas p\u00e9rdidas\nen flora y fauna, han provocado una temporal conciencia ciudadana respecto al\nmedio ambiente y al cuidado de los recursos naturales y de la Pachamama, todo\nexacerbado por la campa\u00f1a electoral que ha aprovechado para repartir culpas;\npero \u00bfcu\u00e1nto valor tiene ese compromiso ambiental? <\/p>\n\n\n\n<p class=\"wp-block-paragraph\">El crecimiento econ\u00f3mico continuado a lo\nlargo de los \u00faltimos a\u00f1os de gobierno, de un 4 a 5% anual, es el principal argumento\ndel actual gobierno que se repostula dirigir la administraci\u00f3n del pa\u00eds,\nmientras que los partidos de oposici\u00f3n tambi\u00e9n candidatos se centran en se\u00f1alar\nque eso fue pura suerte y en profundizar muy poco en este punto a la hora de\nhacer promesas de futuro. Entonces atrapan al vuelo la coyuntura ambientalista\ny la aprovechan.<\/p>\n\n\n\n<p class=\"wp-block-paragraph\">El Producto Interno Bruto (PIB) nacional, que\nen los \u00faltimos a\u00f1os se ha cuadruplicado, mide lo que produce un pa\u00eds, lo\ncosechado por hect\u00e1rea, lo producido por la industria, lo que se ha invertido\nen infraestructura, etc. no toma en cuenta los da\u00f1os, no resta lo que se afecta\nal medio ambiente. Es decir, puede contabilizar la producci\u00f3n minera pero no\ntoma en cuenta la contaminaci\u00f3n ambiental que esta actividad produce. \u00bfA cu\u00e1nto\nllega el da\u00f1o ambiental anual? Ning\u00fan pa\u00eds lo toma en cuenta y mucho menos lo\nresta de las cifras de la producci\u00f3n.<\/p>\n\n\n\n<p class=\"wp-block-paragraph\">Hay m\u00e1s. Hay mucha m\u00e1s producci\u00f3n que no se\ntoma en cuenta a la hora de establecer el crecimiento econ\u00f3mico, es el trabajo\nde mucha gente en la informalidad y el trabajo de quienes cobran una miseria porque\nest\u00e1n en un lugar muy vulnerable de la sociedad, aqu\u00ed entran muchas mujeres, ni\u00f1os\ny ni\u00f1as y tambi\u00e9n gente mayor desatendida. <\/p>\n\n\n\n<p class=\"wp-block-paragraph\">Hay m\u00e1s. El PIB no toma en cuenta al trabajo\nde cuidados que realizan las mujeres en los hogares y otros espacios sociales. Es\nun trabajo invisible y no remunerado y cuya importancia en la sociedad es vital\nporque permite que todo el resto siga adelante. Esto no entra en el PIB.<\/p>\n\n\n\n<p class=\"wp-block-paragraph\">Cuando los partidos se rasgan las vestiduras\npor el respeto a la Pachamama o por los incendios y sus da\u00f1os s\u00f3lo utilizan este\ntema como arma arrojadiza contra el contrario \u00bfContabilizar\u00e1n los da\u00f1os ambientales\ncomo p\u00e9rdidas del PIB? \u00bfHar\u00e1n pol\u00edticas ambientales que rompan con la comodidad\nde las industrias contaminantes?<\/p>\n\n\n\n<p class=\"wp-block-paragraph\">Cuando los partidos prometen sobre\nestabilidad econ\u00f3mica y crecimiento, \u00bftomar\u00e1n en cuenta el trabajo de cuidados de\nlas mujeres? \u00bfponderar\u00e1n ese trabajo como una actividad profesional de valor? \u00bfigualar\u00e1n\nlos sueldos entre hombres y mujeres?<\/p>\n\n\n\n<p class=\"wp-block-paragraph\">No, este a\u00f1o electoral los incendios han\ndirigido las campa\u00f1as proselitistas hacia la defensa del medio ambiente. En alguna\ncampa\u00f1a anterior, uno de los temas era la violencia machista y entonces los\nasesinatos de mujeres, las violaciones y los golpes eran patrimonio del partido\ncontrario. <\/p>\n\n\n\n<p class=\"wp-block-paragraph\">Esta vez el incremento de asesinos de\nmujeres, cada vez m\u00e1s violentos, la aparici\u00f3n de \u201cmanadas\u201d bolivianas de violadores,\nlos innumerables casos de hombres que golpean y violentan de distintas maneras\na mujeres, no ha sido tema de preocupaci\u00f3n para atender, para prometer mejoras.\nAl contrario, han aparecido candidaturas con perfiles machistas y mis\u00f3ginos que\nrayan en el delito, y all\u00ed siguen. <\/p>\n\n\n\n<p class=\"wp-block-paragraph\">En fin. La lucha medio ambiental se topa con\nun capitalismo depredador que ha llevado al planeta a un punto peligroso de no\nretorno. Un capitalismo dirigido por hombres que, de manera m\u00e1s o menos\nevidente, someten a los otros sexos y contra el que se enfrentan los planteamientos\nde los feminismos. <\/p>\n\n\n\n<p class=\"wp-block-paragraph\">Hoy hablar de lucha de clases, que existe, no\nes suficiente. Hablar de reivindicaciones ind\u00edgenas frente al racismo colonial,\nque tambi\u00e9n existe, no es suficiente. La lucha medio ambiental, que se ha iniciado\nhace unas d\u00e9cadas, hoy tiene cada vez m\u00e1s fuerza porque es cada vez m\u00e1s\nnecesaria. Y lo mismo la lucha feminista que gana espacios como tambi\u00e9n\nencuentra barreras que se alzan desde lo m\u00e1s profundo de la dominaci\u00f3n\nmasculina. <\/p>\n\n\n\n<p class=\"wp-block-paragraph\">Las propuestas electorales no hablan de\ncambios, sino de mantenimiento de lo que hay.<\/p>\n","protected":false},"excerpt":{"rendered":"<p>En Bolivia todo es arma electoral, hasta las causas vitales<\/p>\n","protected":false},"author":3,"featured_media":8467,"comment_status":"open","ping_status":"open","sticky":false,"template":"","format":"standard","meta":{"_monsterinsights_skip_tracking":false,"footnotes":""},"categories":[690,77,102],"tags":[],"class_list":["post-12475","post","type-post","status-publish","format-standard","has-post-thumbnail","category-690","category-drina-ergueta","category-textura-violeta"],"_links":{"self":[{"href":"https:\/\/redsemlac.com\/semmexico\/wp-json\/wp\/v2\/posts\/12475","targetHints":{"allow":["GET"]}}],"collection":[{"href":"https:\/\/redsemlac.com\/semmexico\/wp-json\/wp\/v2\/posts"}],"about":[{"href":"https:\/\/redsemlac.com\/semmexico\/wp-json\/wp\/v2\/types\/post"}],"author":[{"embeddable":true,"href":"https:\/\/redsemlac.com\/semmexico\/wp-json\/wp\/v2\/users\/3"}],"replies":[{"embeddable":true,"href":"https:\/\/redsemlac.com\/semmexico\/wp-json\/wp\/v2\/comments?post=12475"}],"version-history":[{"count":0,"href":"https:\/\/redsemlac.com\/semmexico\/wp-json\/wp\/v2\/posts\/12475\/revisions"}],"wp:featuredmedia":[{"embeddable":true,"href":"https:\/\/redsemlac.com\/semmexico\/wp-json\/wp\/v2\/media\/8467"}],"wp:attachment":[{"href":"https:\/\/redsemlac.com\/semmexico\/wp-json\/wp\/v2\/media?parent=12475"}],"wp:term":[{"taxonomy":"category","embeddable":true,"href":"https:\/\/redsemlac.com\/semmexico\/wp-json\/wp\/v2\/categories?post=12475"},{"taxonomy":"post_tag","embeddable":true,"href":"https:\/\/redsemlac.com\/semmexico\/wp-json\/wp\/v2\/tags?post=12475"}],"curies":[{"name":"wp","href":"https:\/\/api.w.org\/{rel}","templated":true}]}}