{"id":12473,"date":"2019-10-01T17:25:49","date_gmt":"2019-10-01T17:25:49","guid":{"rendered":"https:\/\/redsemlac.com\/semmexico\/?p=12473"},"modified":"2023-07-21T15:11:29","modified_gmt":"2023-07-21T20:11:29","slug":"opinion-136","status":"publish","type":"post","link":"https:\/\/redsemlac.com\/semmexico\/opinion-136\/","title":{"rendered":"Entresemana"},"content":{"rendered":"\n<h2 class=\"wp-block-heading\">Violencia e impunidad<\/h2>\n\n\n\n<p class=\"wp-block-paragraph\"><strong>Mois\u00e9s S\u00e1nchez Lim\u00f3n<\/strong><\/p>\n\n\n\n<p class=\"wp-block-paragraph\">SemM\u00e9xico. 01 de octubre 2019.- Imagine usted a esa\njovencita que se despert\u00f3 un d\u00eda de esos en los que se protestar\u00eda contra,\ndigamos, los mis\u00f3ginos; o porque se han cumplido cinco a\u00f1os y no aparecen los\n43 estudiantes normalistas de Ayotzinapa, o porque hay que exigir la\ndespenalizaci\u00f3n del aborto en todo el pa\u00eds.<\/p>\n\n\n\n<p class=\"wp-block-paragraph\">Imagine usted a esa jovencita que ha sido cooptada por\nindividuos que alquilan a grupos violentos para desvirtuar una de esas marchas.<\/p>\n\n\n\n<p class=\"wp-block-paragraph\">Cl\u00e1sico: \u00bfde parte de qui\u00e9n? De qui\u00e9n es la mano que mece la\ncuna en la vor\u00e1gine de la violencia urbana que luego se replica sin rubor, con\nel respeto perdido por la autoridad que est\u00e1 obligada a admitir golpes,\nescupitajos, insultos e incluso intentos de homicidio porque, si responde,\npuede ser acusada de represiva.<\/p>\n\n\n\n<p class=\"wp-block-paragraph\"><strong>\u00bfPaz y amor? \u00bfFuchi?<\/strong><\/p>\n\n\n\n<p class=\"wp-block-paragraph\">Imagine usted a esa jovencita que se enfunda en las\npantimedias negras y el pantal\u00f3n corto color negro y se enfunda en playera\nnegra con la A de anarquista en el pecho y la sudadera negra de capucha y el\npaliacate o la pa\u00f1oleta negra para ocultar su rostro.<\/p>\n\n\n\n<p class=\"wp-block-paragraph\">Imagine usted a esa jovencita que acude al sitio de reuni\u00f3n\npara atender la convocatoria del individuo que por unos pesos y quiz\u00e1 una l\u00ednea\no una grapa o la oferta del revent\u00f3n con la banda, ha sumado a j\u00f3venes\ndispuestos a partirse la madre y negar cualquier v\u00ednculo que identifique al zar\nde los sedicentes anarcos que cobra miles y favores pol\u00edticos por sus servicios\nencaminados a desvirtuar marchas, reventar m\u00edtines o distorsionar\nmanifestaciones con el \u00fanico objetivo de infundir miedo.<\/p>\n\n\n\n<p class=\"wp-block-paragraph\">Qu\u00e9 de esa jovencita que con pintura de aerosol en ristre\nmanipula un lanzallamas que es, en la pr\u00e1ctica, un arma mortal.<\/p>\n\n\n\n<p class=\"wp-block-paragraph\">Qu\u00e9 de esa jovencita que no tuvo fiesta de quince a\u00f1os\nporque a esa edad sus brothers del barrio le festejaron con tama\u00f1a borrachera\nen la que perdi\u00f3 la virginidad y la capacidad de asombro porque fue invitada\nrobar a transe\u00fantes, desvalijar autom\u00f3viles y trasegar tachas y\u2026<\/p>\n\n\n\n<p class=\"wp-block-paragraph\">No, no se asombre ni asuma la elemental postura que\ndescalifica a quienes despellejamos a ese sector de ni\u00f1as que apenas asoman a la\nadolescencia y las vio usted, s\u00ed, usted, rompi\u00e9ndole la madre a comercios,\npuertas de vidrio templado, que incendiaron al port\u00f3n principal de la sede de\nla C\u00e1mara de Comercio de la Ciudad de M\u00e9xico, en pleno Paseo de la Reforma, y\nnadie hizo nada por detenerla junto con las otras jovencitas que, igual, el\ns\u00e1bado despertaron con la convicci\u00f3n de que cumplir\u00edan el cometido de reventar\nuna marcha pac\u00edfica o de plano desvirtuar su objetivo porque ella como ellas ha\nperdido la capacidad de asombro.<\/p>\n\n\n\n<p class=\"wp-block-paragraph\">No, no se alce feminista y alma caritativa ni asuma acto de\ncontrici\u00f3n porque se trata de, califican, almas descarriadas, jovencitas que\nson v\u00edctimas de la pobreza y de familias rotas, hijas de padres alcoh\u00f3licos y\nmadres de infame coraz\u00f3n que les import\u00f3 un bledo echarlas a las calles, que\ndejaron de importarles porque as\u00ed es esto de vivir en la pobreza\u2026<\/p>\n\n\n\n<p class=\"wp-block-paragraph\">\u00bfD\u00edgame a cu\u00e1ntas jovencitas vio usted en las tres recientes\nmarchas que vandalizaron todo a su paso, todo?<\/p>\n\n\n\n<p class=\"wp-block-paragraph\">Imag\u00ednese frente a ellas, dispuestas a todo, porque para eso\nfueron contratadas. Porque de anarquistas, par\u00e1frasis de mi amigo Paco G\u00f3mez\nMaza, tienen lo que yo de f\u00edsico nuclear.<\/p>\n\n\n\n<p class=\"wp-block-paragraph\">Dejemos de lado esa falsa postura de almas caritativas o\ndefensoras de los derechos humanos y que se aplique la ley, simple y\nsencillamente. Que estos pol\u00edticos de cuarta dejen de andar en campa\u00f1a y\ndispongan que la fuerza p\u00fablica detenga, conste, detenga no reprima a esas\nbandas de sedicentes anarquistas que sirven a un amo, que responden a una\nnecesidad de oscuros intereses pol\u00edticos.<\/p>\n\n\n\n<p class=\"wp-block-paragraph\">Esas escenas no son nuevas y, por tanto, tienen un entramado\nde impunidad que ofende al sentido com\u00fan. \u00bfPor qu\u00e9 no hay detenidos?<\/p>\n\n\n\n<p class=\"wp-block-paragraph\">Veamos. Cuando el 1 de diciembre de 2012 individuos\nembozados y ultra radicales pusieron a prueba el nivel de tolerancia del\nnaciente gobierno de Enrique Pe\u00f1a Nieto, con una ola violenta que cobr\u00f3 algunas\nv\u00edctimas supuestamente agredidas por polic\u00edas federales y antimotines, se\napison\u00f3 el terreno de la impunidad frente al sello violento que una y otra vez\nprovoc\u00f3 a la fuerza p\u00fablica federal y local de la Ciudad de M\u00e9xico.<\/p>\n\n\n\n<p class=\"wp-block-paragraph\">Tanto Enrique Pe\u00f1a Nieto como Miguel \u00c1ngel Mancera evitaron\ndar la orden de contener y detener a esos personajes que se autodenominaron\nanarquistas, j\u00f3venes llegados de lugares varios de la capital del pa\u00eds y del\nEstado de M\u00e9xico.<\/p>\n\n\n\n<p class=\"wp-block-paragraph\">En aquellos d\u00edas de diciembre de 2012 hubo algunos detenidos\npero m\u00e1s tardaron en ser presentados ante el Ministerio P\u00fablico que en salir\nlibres por falta de pruebas o ausencia de denunciantes.<\/p>\n\n\n\n<p class=\"wp-block-paragraph\">Hubo individuos que pisaron el reclusorio pero, el entonces\ngrupo mayoritario del PRD en aquella Asamblea Legislativa del Distrito Federal\noper\u00f3 de forma tal que reform\u00f3 al C\u00f3digo Penal y reclasific\u00f3 los delitos que\nimplicaban prisi\u00f3n por da\u00f1os en inmuebles p\u00fablicos y privados, da\u00f1o en\npropiedad ajena, robo y&nbsp; perturbar el\norden p\u00fablico.<\/p>\n\n\n\n<p class=\"wp-block-paragraph\">Por supuesto, aquellos que fueron liberados tuvieron\nrecepci\u00f3n casi de h\u00e9roes de parte de sus c\u00f3mplices y se burlaron de la\nautoridad, le mentaron la madre al sistema y de ah\u00ed en adelante las im\u00e1genes de\nla barbarie, de j\u00f3venes encapuchados que rompen ventanales e irrumpen en\nlocales como hooligans dedicados al robo impune, trascendieron al Distrito\nFederal y se volvieron recurrentes en el interior del pa\u00eds.<\/p>\n\n\n\n<p class=\"wp-block-paragraph\">Guerrero es un ejemplo de esa impunidad, incluso del grado\nde homicidio, en el que transitan estos grupos del magisterio disidente y otro\nno tanto, estos personajes que se presume son maestros, hombres y mujeres\neducados para educar, pero que entran en una especie de frenes\u00ed contestatario y\nb\u00e1rbaro y rompen lo que encuentran a su paso, destruyen y queman archivos,\ndesmadran oficinas y pisotean computadoras, equipo de oficina como si con ello\ndesahogaran frustraciones personales.<\/p>\n\n\n\n<p class=\"wp-block-paragraph\">\u00bfDe qu\u00e9 tama\u00f1o son los intereses que mueven a estos\nv\u00e1ndalos? \u00bfEn serio no los identifican? De continuar este tipo de actividades\ndelictivas cobijadas por la impunidad, entonces los adalides de la democracia y\nel yo respeto deben ser acusados de omisi\u00f3n y complicidad. Conste.<\/p>\n\n\n\n<p class=\"wp-block-paragraph\">sanchezlimon@gmail.com<\/p>\n\n\n\n<p class=\"wp-block-paragraph\">www.entresemana.mx<\/p>\n\n\n\n<p class=\"wp-block-paragraph\">@msanchezlimon<\/p>\n","protected":false},"excerpt":{"rendered":"<p>Violencia e impunidad<\/p>\n","protected":false},"author":3,"featured_media":8470,"comment_status":"open","ping_status":"open","sticky":false,"template":"","format":"standard","meta":{"_monsterinsights_skip_tracking":false,"footnotes":""},"categories":[690,105,83],"tags":[],"class_list":["post-12473","post","type-post","status-publish","format-standard","has-post-thumbnail","category-690","category-entresemana","category-moises-sanchez-limon"],"_links":{"self":[{"href":"https:\/\/redsemlac.com\/semmexico\/wp-json\/wp\/v2\/posts\/12473","targetHints":{"allow":["GET"]}}],"collection":[{"href":"https:\/\/redsemlac.com\/semmexico\/wp-json\/wp\/v2\/posts"}],"about":[{"href":"https:\/\/redsemlac.com\/semmexico\/wp-json\/wp\/v2\/types\/post"}],"author":[{"embeddable":true,"href":"https:\/\/redsemlac.com\/semmexico\/wp-json\/wp\/v2\/users\/3"}],"replies":[{"embeddable":true,"href":"https:\/\/redsemlac.com\/semmexico\/wp-json\/wp\/v2\/comments?post=12473"}],"version-history":[{"count":0,"href":"https:\/\/redsemlac.com\/semmexico\/wp-json\/wp\/v2\/posts\/12473\/revisions"}],"wp:featuredmedia":[{"embeddable":true,"href":"https:\/\/redsemlac.com\/semmexico\/wp-json\/wp\/v2\/media\/8470"}],"wp:attachment":[{"href":"https:\/\/redsemlac.com\/semmexico\/wp-json\/wp\/v2\/media?parent=12473"}],"wp:term":[{"taxonomy":"category","embeddable":true,"href":"https:\/\/redsemlac.com\/semmexico\/wp-json\/wp\/v2\/categories?post=12473"},{"taxonomy":"post_tag","embeddable":true,"href":"https:\/\/redsemlac.com\/semmexico\/wp-json\/wp\/v2\/tags?post=12473"}],"curies":[{"name":"wp","href":"https:\/\/api.w.org\/{rel}","templated":true}]}}