{"id":12464,"date":"2019-09-30T22:55:18","date_gmt":"2019-09-30T22:55:18","guid":{"rendered":"https:\/\/redsemlac.com\/semmexico\/?p=12464"},"modified":"2023-07-21T15:11:29","modified_gmt":"2023-07-21T20:11:29","slug":"oaxaca-61","status":"publish","type":"post","link":"https:\/\/redsemlac.com\/semmexico\/oaxaca-61\/","title":{"rendered":"Magaly L\u00f3pez Dom\u00ednguez presidir\u00e1 la Permanente en el Congreso de Oaxaca"},"content":{"rendered":"\n<ul class=\"wp-block-list\"><li><strong>Instala Congreso local la Diputaci\u00f3n Permanente, qued\u00f3 conformada en su mayor\u00eda por mujeres<\/strong><\/li><\/ul>\n\n\n\n<p class=\"wp-block-paragraph\"><strong>Redacci\u00f3n<\/strong><\/p>\n\n\n\n<p class=\"wp-block-paragraph\">SemM\u00e9xico. San Raymundo Jalpan, Oax. 30 de septiembre 2019.- En sesi\u00f3n extraordinaria, el pleno de \u00a0la LXIV Legislatura del Congreso de Oaxaca eligi\u00f3 hoy a las y los integrantes de la Diputaci\u00f3n Permanente para el pr\u00f3ximo periodo de receso. Con 33 votos, como presidenta fue electa la diputada morenista Magaly L\u00f3pez Dom\u00ednguez.<\/p>\n\n\n\n<p class=\"wp-block-paragraph\">A su vez, la diputaci\u00f3n permanente qued\u00f3 conformada con el\nlegislador Timoteo V\u00e1zquez Cruz, como Vicepresidente y las legisladoras, &nbsp;Magda Isabel Rend\u00f3n Tirado, Karina Espino\nCarmona y Elim Antonio Aquino, asumir\u00e1n las secretar\u00edas <\/p>\n\n\n\n<p class=\"wp-block-paragraph\">Por su parte, la diputada Yarth Tannos Cruz y su hom\u00f3logo\nSa\u00fal Cruz Jim\u00e9nez fueron designados suplentes.<\/p>\n\n\n\n<figure class=\"wp-block-image\"><img decoding=\"async\" src=\"https:\/\/redsemlac.com\/semmexico\/wp-content\/uploads\/2019\/09\/oaxaca-2-1024x718.jpg\" alt=\"\" class=\"wp-image-12466\"\/><\/figure>\n\n\n\n<p class=\"wp-block-paragraph\">La Diputaci\u00f3n Permanente fue instalada este lunes 30 de\nseptiembre y estar\u00e1 en funciones hasta el inicio del Segundo A\u00f1o de Ejercicio\nLegal de la LXIV Legislatura Local.<\/p>\n\n\n\n<p class=\"wp-block-paragraph\">Dicho \u00f3rgano deliberativo funciona durante los periodos de\nrecesos y celebra sus sesiones ordinarias, cuando menos una vez por semana el\nd\u00eda que sus miembros lo acuerden, adem\u00e1s podr\u00e1n tener sesiones extraordinarias\ncuando lo estime pertinente su Presidencia.<\/p>\n","protected":false},"excerpt":{"rendered":"<p>Instala Congreso local la Diputaci\u00f3n Permanente, qued\u00f3 conformada en su mayor\u00eda por mujeres<\/p>\n","protected":false},"author":3,"featured_media":12465,"comment_status":"open","ping_status":"open","sticky":false,"template":"","format":"standard","meta":{"_monsterinsights_skip_tracking":false,"footnotes":""},"categories":[690,50],"tags":[],"class_list":["post-12464","post","type-post","status-publish","format-standard","has-post-thumbnail","category-690","category-congreso"],"_links":{"self":[{"href":"https:\/\/redsemlac.com\/semmexico\/wp-json\/wp\/v2\/posts\/12464","targetHints":{"allow":["GET"]}}],"collection":[{"href":"https:\/\/redsemlac.com\/semmexico\/wp-json\/wp\/v2\/posts"}],"about":[{"href":"https:\/\/redsemlac.com\/semmexico\/wp-json\/wp\/v2\/types\/post"}],"author":[{"embeddable":true,"href":"https:\/\/redsemlac.com\/semmexico\/wp-json\/wp\/v2\/users\/3"}],"replies":[{"embeddable":true,"href":"https:\/\/redsemlac.com\/semmexico\/wp-json\/wp\/v2\/comments?post=12464"}],"version-history":[{"count":0,"href":"https:\/\/redsemlac.com\/semmexico\/wp-json\/wp\/v2\/posts\/12464\/revisions"}],"wp:featuredmedia":[{"embeddable":true,"href":"https:\/\/redsemlac.com\/semmexico\/wp-json\/wp\/v2\/media\/12465"}],"wp:attachment":[{"href":"https:\/\/redsemlac.com\/semmexico\/wp-json\/wp\/v2\/media?parent=12464"}],"wp:term":[{"taxonomy":"category","embeddable":true,"href":"https:\/\/redsemlac.com\/semmexico\/wp-json\/wp\/v2\/categories?post=12464"},{"taxonomy":"post_tag","embeddable":true,"href":"https:\/\/redsemlac.com\/semmexico\/wp-json\/wp\/v2\/tags?post=12464"}],"curies":[{"name":"wp","href":"https:\/\/api.w.org\/{rel}","templated":true}]}}