{"id":12459,"date":"2019-09-30T21:46:07","date_gmt":"2019-09-30T21:46:07","guid":{"rendered":"https:\/\/redsemlac.com\/semmexico\/?p=12459"},"modified":"2023-07-21T15:11:30","modified_gmt":"2023-07-21T20:11:30","slug":"opinion-135","status":"publish","type":"post","link":"https:\/\/redsemlac.com\/semmexico\/opinion-135\/","title":{"rendered":"Letra Clara"},"content":{"rendered":"\n<h2 class=\"wp-block-heading\">Mujeres juntas con otras miradas\u00a0<\/h2>\n\n\n\n<p class=\"wp-block-paragraph\"><strong>Teresa Vald\u00e9s\nBetancourt&nbsp; <\/strong><\/p>\n\n\n\n<p class=\"wp-block-paragraph\">SemM\u00e9xico. 30 de septiembre\n2019.- Una experiencia particular en Colima. La organizaci\u00f3n del <em>Seminario Cultura por la paz contrayendo\nciudadan\u00eda<\/em>, en coordinaci\u00f3n con el INE local, con el aval del primer a\u00f1o de\ntrabajo de la organizaci\u00f3n Mujeres Agentes de Cambio. Colima &nbsp;A.C, que se integra con un consejo directivo pluripartidista\nde representantes femeninas de diferentes partidos pol\u00edticos acreditados en el\nEstado y con la asamblea general que tambi\u00e9n est\u00e1 as\u00ed representada.<\/p>\n\n\n\n<p class=\"wp-block-paragraph\">Sus aspiraciones comunes est\u00e1n\ndirectamente vinculadas a la necesidad del defender el empoderamiento de las\nmujeres as\u00ed como a descartar la violencia pol\u00edtica y de g\u00e9nero, para desplegar m\u00faltiples\nacciones en fortalecer sus estructuras con comisiones de organizaci\u00f3n,&nbsp; divulgaci\u00f3n, de perspectiva de g\u00e9nero,&nbsp; aspectos jur\u00eddicos y de capacitaci\u00f3n, entre\notras.<\/p>\n\n\n\n<p class=\"wp-block-paragraph\">Se insiste en puntos comunes\nvulnerables de la participaci\u00f3n pol\u00edtica de las mujeres que se integran a cada partido,\na partir de las urgencias que reclaman se mayor presencia para cumplimentar las\ncuotas de g\u00e9nero y la realizaci\u00f3n consciente de la lucha por la igualdad y la\nparidad, alcanzada en el H. Congreso del Estado de Colima con las elecciones de\n2018. <\/p>\n\n\n\n<p class=\"wp-block-paragraph\">El Seminario que se\nencuentra en su cuarta sesi\u00f3n acad\u00e9mica concluir\u00e1 el 7 de diciembre, significa &nbsp;un paso para la reflexi\u00f3n con el pensamiento\ncr\u00edtico hacia el empoderamiento de las mujeres para identificar y ese cambio\ncualitativo&nbsp; de la consciencia femenina, no\nrelacionado simplemente el acceso a la esfera econ\u00f3mica sino tambi\u00e9n, a las\nacciones de participaci\u00f3n pol\u00edticas y de acceso a la toma de decisiones.<\/p>\n\n\n\n<p class=\"wp-block-paragraph\">En los antecedentes se\ncuenta que desde&nbsp; 1989, se formul\u00f3 la\nprimera propuesta de pol\u00edticas p\u00fablicas sobre violencia de g\u00e9nero que no estaba\ncontemplada por las legislaciones estatales, a partir de la iniciativa de la\nDra. Sonia Monta\u00f1o Virreira, soci\u00f3loga boliviana de la Divisi\u00f3n de Asuntos de\nG\u00e9nero de la Comisi\u00f3n Econ\u00f3mica para Am\u00e9rica Latina y el Caribe, CEPAL-ONU. <\/p>\n\n\n\n<p class=\"wp-block-paragraph\">En el libro&nbsp; <em>Una\nmirada a la crisis desde los m\u00e1rgenes,<\/em> se fundamenta un estudio acerca de\nla crisis econ\u00f3mica y financiera desde la perspectiva de g\u00e9nero: entendiendo su\nimpacto sobre la pobreza y el trabajo de las mujeres, percibir c\u00f3mo en las\npol\u00edticas p\u00fablicas y en la producci\u00f3n de informaci\u00f3n estad\u00edstica, se\ninvisibilizan las desigualdades que &nbsp;ellas enfrentan a fin de proponer lineamientos\nque permitan innovar en el dise\u00f1o desde distintos puntos de vista, para&nbsp; atender &nbsp;qu\u00e9 quieren las mujeres en un desarrollo\ninclusivo y con igualdad.<\/p>\n\n\n\n<p class=\"wp-block-paragraph\">La entrevista publicada en <em><a href=\"https:\/\/www.americaeconomia.com\/\">https:\/\/www.americaeconomia.com\/<\/a>,\n<\/em>por&nbsp;Rery Maldonado 1976,&nbsp; redactora, traductora, poetisa y\nbloguista,&nbsp; la Dra. Sonia Montano\nreconoci\u00f3 que durante estos a\u00f1os se logr\u00f3 vincular los temas de g\u00e9nero con\ntodos los otros asuntos de poblaci\u00f3n y se dej\u00f3 una agenda social y pol\u00edtica para\nlas mujeres con cargos legislativos &nbsp;puedan\ninfluir en los temas tecnolog\u00eda, innovaci\u00f3n y desarrollo productivo, especialmente\npara expertos, pues se carece del enfoque de g\u00e9nero. <\/p>\n\n\n\n<p class=\"wp-block-paragraph\">Reconoci\u00f3 este avance a nivel\nlegislativo en Am\u00e9rica Latina, pero lamenta el perceptible retroceso social que\nse percibe en los n\u00fameros de violencia contra las mujeres. Se puede presumir\nque &nbsp;existen leyes y unas constituciones\nmaravillosas, pero en la pr\u00e1ctica, no cuentan con recursos para su\nimplementaci\u00f3n en materia de violencia contra las mujeres &nbsp;y agreg\u00f3 que, \u201cla paridad es aritm\u00e9tica,\ntenemos que ser la mitad porque somos la mitad de &nbsp;la poblaci\u00f3n y punto.\u201d <\/p>\n\n\n\n<p class=\"wp-block-paragraph\">Avaladas por m\u00faltiples\nexperiencias nacional e internacionales, se proyecta el reto hist\u00f3rico de la\nasociaci\u00f3n <em>Mujeres Agente de Cambio\nColima &nbsp;A.C.<\/em>&nbsp; <\/p>\n\n\n\n<p class=\"wp-block-paragraph\">Urge que las mujeres a\u00fanen\nsus experiencias con sororidad porque resulta fundamental conocer y defender la\ndemocracia y los elementos de &nbsp;la\nigualdad sustantiva para acordar las brechas que nos separan y fueron impuestas\npor la cultura tradicional patriarcal.<\/p>\n\n\n\n<p class=\"wp-block-paragraph\">La sociedad cambia y en esos\nlogros la presencia del pensamiento feminista se materializa con mujeres preparadas\npara desarrollar tambi\u00e9n las agendas de g\u00e9nero en las pol\u00edticas p\u00fablicas.<\/p>\n\n\n\n<p class=\"wp-block-paragraph\">&nbsp;@Letra Clara<\/p>\n\n\n\n<p class=\"wp-block-paragraph\">Maestra en Ciencias de la\nComunicaci\u00f3n<\/p>\n","protected":false},"excerpt":{"rendered":"<p>Mujeres juntas con otras miradas  <\/p>\n","protected":false},"author":3,"featured_media":9180,"comment_status":"open","ping_status":"open","sticky":false,"template":"","format":"standard","meta":{"_monsterinsights_skip_tracking":false,"footnotes":""},"categories":[690,101,79],"tags":[],"class_list":["post-12459","post","type-post","status-publish","format-standard","has-post-thumbnail","category-690","category-letra-clara","category-teresa-valdes-betancourt"],"_links":{"self":[{"href":"https:\/\/redsemlac.com\/semmexico\/wp-json\/wp\/v2\/posts\/12459","targetHints":{"allow":["GET"]}}],"collection":[{"href":"https:\/\/redsemlac.com\/semmexico\/wp-json\/wp\/v2\/posts"}],"about":[{"href":"https:\/\/redsemlac.com\/semmexico\/wp-json\/wp\/v2\/types\/post"}],"author":[{"embeddable":true,"href":"https:\/\/redsemlac.com\/semmexico\/wp-json\/wp\/v2\/users\/3"}],"replies":[{"embeddable":true,"href":"https:\/\/redsemlac.com\/semmexico\/wp-json\/wp\/v2\/comments?post=12459"}],"version-history":[{"count":0,"href":"https:\/\/redsemlac.com\/semmexico\/wp-json\/wp\/v2\/posts\/12459\/revisions"}],"wp:featuredmedia":[{"embeddable":true,"href":"https:\/\/redsemlac.com\/semmexico\/wp-json\/wp\/v2\/media\/9180"}],"wp:attachment":[{"href":"https:\/\/redsemlac.com\/semmexico\/wp-json\/wp\/v2\/media?parent=12459"}],"wp:term":[{"taxonomy":"category","embeddable":true,"href":"https:\/\/redsemlac.com\/semmexico\/wp-json\/wp\/v2\/categories?post=12459"},{"taxonomy":"post_tag","embeddable":true,"href":"https:\/\/redsemlac.com\/semmexico\/wp-json\/wp\/v2\/tags?post=12459"}],"curies":[{"name":"wp","href":"https:\/\/api.w.org\/{rel}","templated":true}]}}