{"id":12451,"date":"2019-09-30T20:58:42","date_gmt":"2019-09-30T20:58:42","guid":{"rendered":"https:\/\/redsemlac.com\/semmexico\/?p=12451"},"modified":"2023-07-21T15:11:30","modified_gmt":"2023-07-21T20:11:30","slug":"merida-7","status":"publish","type":"post","link":"https:\/\/redsemlac.com\/semmexico\/merida-7\/","title":{"rendered":"Denuncia Ayuntamiento de M\u00e9rida a participantes del #28S"},"content":{"rendered":"\n<p class=\"wp-block-paragraph\"><strong>Lorena Castellanos\nRinc\u00f3n<\/strong><\/p>\n\n\n\n<p class=\"wp-block-paragraph\">SemM\u00e9xico. M\u00e9rida, Yucat\u00e1n; 30 de septiembre de 2010.- El\nAyuntamiento de la capital yucateca levant\u00f3 una denuncia ante la Fiscal\u00eda\nGeneral del Estado (FGE) en contra de las mujeres que participaron en la\nmanifestaci\u00f3n del 28S este s\u00e1bado en la capital yucateca.<\/p>\n\n\n\n<p class=\"wp-block-paragraph\">A trav\u00e9s de un video publicado en sus redes sociales, el\nalcalde de la ciudad, Ren\u00e1n Barrera Concha reprob\u00f3 expl\u00edcitamente las pintas\nque se realizaron al Monumento a la Maternidad con la consigna \u00abser\u00e1\nley\u00bb, calific\u00e1ndolo como \u00abactos vand\u00e1licos\u00bb.<\/p>\n\n\n\n<p class=\"wp-block-paragraph\">Con el monumento de fondo, el primer edil compar\u00f3 el\nmovimiento por la despenalizaci\u00f3n del aborto, con la marcha que realiz\u00f3 unas\nhoras antes el Frente Nacional por la Familia (FNF) en Paseo Montejo,\nargumentando que, a pesar que en este \u00faltimo acudieron miles de personas\n\u00abno hubo absolutamente nada que lamentar\u00bb.<\/p>\n\n\n\n<figure class=\"wp-block-embed-facebook wp-block-embed is-type-video is-provider-facebook\"><div class=\"wp-block-embed__wrapper\">\nhttps:\/\/www.facebook.com\/RenanBarreraConcha\/videos\/vb.350508488860\/784164835335899\/?type=2&#038;theater\n<\/div><\/figure>\n\n\n\n<p class=\"wp-block-paragraph\">\u00abNo vamos a permitir que esta libertad de expresi\u00f3n se\ntransforme en violaci\u00f3n a los derechos de terceros, violaci\u00f3n al patrimonio\nprivado o al patrimonio de la ciudad\u00bb, expres\u00f3.<\/p>\n\n\n\n<p class=\"wp-block-paragraph\">Asimismo, en entrevista con los medios locales, mencion\u00f3 que\n\u00abcualquier manifestaci\u00f3n pierde validez cuando existen actos de\nintimidaci\u00f3n e incitaci\u00f3n a la violencia\u00bb, y a\u00f1adi\u00f3 que debido a esto,\nestablecer\u00e1n protocolos para manifestaciones futuras, procurando garantizar la libertad\nde expresi\u00f3n, pero sin permitir da\u00f1os al patrimonio p\u00fablico o privado.<\/p>\n\n\n\n<p class=\"wp-block-paragraph\">Cabe destacar que este domingo la Comuna meridana circul\u00f3 un\ncomunicado oficial donde \u00abcondena en\u00e9rgicamente\u00bb que existan grupos\nque -independientemente de sus causas- \u00abdeterioren la imagen urbana de la\nciudad\u00bb, y que se han coordinado con el Instituto Nacional de Antropolog\u00eda\ne Historia (INAH) para evaluar el da\u00f1o y proceder con las reparaciones\nnecesarias. <\/p>\n\n\n\n<figure class=\"wp-block-image\"><img loading=\"lazy\" decoding=\"async\" width=\"960\" height=\"640\" src=\"https:\/\/redsemlac.com\/semmexico\/wp-content\/uploads\/2019\/09\/merida-1.jpeg\" alt=\"\" class=\"wp-image-12436\"\/><\/figure>\n\n\n\n<p class=\"has-medium-font-size wp-block-paragraph\"><strong>Feministas son\namenazadas<\/strong><\/p>\n\n\n\n<p class=\"wp-block-paragraph\">Ante la especial atenci\u00f3n que pusieron los medios\n-especialmente los digitales- respecto a las pintas al citado monumento, y las\nactitudes polarizadas de los usuarios de redes sociales, grupos feministas han\ndenunciado que varias de sus integrantes han sido v\u00edctimas amenazas, incluso de\nmuerte. <\/p>\n\n\n\n<p class=\"wp-block-paragraph\">Cuestionado sobre este tema, Barrera Concha declar\u00f3 que es\ntotalmente inaceptable que est\u00e9n amenazando a las mujeres que participaron en\nla protesta.<\/p>\n\n\n\n<p class=\"wp-block-paragraph\">Mientras tanto, las usuarias se encuentran en estado de\nalerta, y muchas de ellas han pedido a sus contactos y en grupos privados que\nreporten las publicaciones donde aparecen sus rostros en primera plana. Incluso\nla p\u00e1gina de Facebook del peri\u00f3dico local Punto Medio borr\u00f3 el video de la\nmanifestaci\u00f3n, comunicando lo siguiente:<\/p>\n\n\n\n<p class=\"wp-block-paragraph\">\u00abEntendemos que nuestro deber es informar y que la\ncobertura de la marcha mencionada (del 28S) es relevante para todos nuestros\nseguidores, sin embargo, este peri\u00f3dico rechaza toda forma de violencia. De\nesta forma, esperamos que esta decisi\u00f3n contribuya a generar un ambiente de respeto,\nen el cual las diferencias puedan resolverse a trav\u00e9s del di\u00e1logo\u00bb.<\/p>\n","protected":false},"excerpt":{"rendered":"<p>A trav\u00e9s de un video publicado en sus redes sociales, el alcalde de la ciudad, Ren\u00e1n Barrera Concha reprob\u00f3 expl\u00edcitamente las pintas que se realizaron al Monumento a la Maternidad con la consigna \u00abser\u00e1 ley\u00bb, calific\u00e1ndolo como \u00abactos vand\u00e1licos\u00bb.<\/p>\n","protected":false},"author":3,"featured_media":12452,"comment_status":"open","ping_status":"open","sticky":false,"template":"","format":"standard","meta":{"_monsterinsights_skip_tracking":false,"footnotes":""},"categories":[690,51],"tags":[],"class_list":["post-12451","post","type-post","status-publish","format-standard","has-post-thumbnail","category-690","category-ejecutivo"],"_links":{"self":[{"href":"https:\/\/redsemlac.com\/semmexico\/wp-json\/wp\/v2\/posts\/12451","targetHints":{"allow":["GET"]}}],"collection":[{"href":"https:\/\/redsemlac.com\/semmexico\/wp-json\/wp\/v2\/posts"}],"about":[{"href":"https:\/\/redsemlac.com\/semmexico\/wp-json\/wp\/v2\/types\/post"}],"author":[{"embeddable":true,"href":"https:\/\/redsemlac.com\/semmexico\/wp-json\/wp\/v2\/users\/3"}],"replies":[{"embeddable":true,"href":"https:\/\/redsemlac.com\/semmexico\/wp-json\/wp\/v2\/comments?post=12451"}],"version-history":[{"count":0,"href":"https:\/\/redsemlac.com\/semmexico\/wp-json\/wp\/v2\/posts\/12451\/revisions"}],"wp:featuredmedia":[{"embeddable":true,"href":"https:\/\/redsemlac.com\/semmexico\/wp-json\/wp\/v2\/media\/12452"}],"wp:attachment":[{"href":"https:\/\/redsemlac.com\/semmexico\/wp-json\/wp\/v2\/media?parent=12451"}],"wp:term":[{"taxonomy":"category","embeddable":true,"href":"https:\/\/redsemlac.com\/semmexico\/wp-json\/wp\/v2\/categories?post=12451"},{"taxonomy":"post_tag","embeddable":true,"href":"https:\/\/redsemlac.com\/semmexico\/wp-json\/wp\/v2\/tags?post=12451"}],"curies":[{"name":"wp","href":"https:\/\/api.w.org\/{rel}","templated":true}]}}