{"id":12448,"date":"2019-09-30T20:41:55","date_gmt":"2019-09-30T20:41:55","guid":{"rendered":"https:\/\/redsemlac.com\/semmexico\/?p=12448"},"modified":"2023-07-21T15:11:30","modified_gmt":"2023-07-21T20:11:30","slug":"cuba-15","status":"publish","type":"post","link":"https:\/\/redsemlac.com\/semmexico\/cuba-15\/","title":{"rendered":"Cuba: Producci\u00f3n musical, un espacio tambi\u00e9n para las mujeres"},"content":{"rendered":"\n<p class=\"wp-block-paragraph\"><strong>Redacci\u00f3n<\/strong><\/p>\n\n\n\n<p class=\"wp-block-paragraph\">SemM\u00e9xico\/SEMlac. La Habana. 30 de septiembre 2019.- Cuando\nen marzo de 2010 el popular grupo boricua Calle 13 se presentaba ante una\nmultitud de miles de personas en \u00e1reas del malec\u00f3n habanero, no eran muchos los\nque conoc\u00edan que ello hab\u00eda sido posible gracias al esfuerzo de cuatro mujeres\ny un reci\u00e9n nacido proyecto de productora informal de eventos culturales\ndenominado 4C, que quiere decir \u00abcuatro cabezas\u00bb.<\/p>\n\n\n\n<p class=\"wp-block-paragraph\">Darsi Fern\u00e1ndez, Yoana Grass, Idania del R\u00edo y Magel Reyes\nson las art\u00edfices de este hito y protagonistas de un emprendimiento que tuvo en\n4C el punto de partida para llenar un vac\u00edo significativo en la industria\nmusical cubana y articular diferentes escenas y actores emergentes en las\nindustrias culturales de la naci\u00f3n caribe\u00f1a.<\/p>\n\n\n\n<p class=\"wp-block-paragraph\">Luego de ocho meses de incertidumbres y gestiones personales\ne institucionales, el concierto de Calle 13 era la materializaci\u00f3n de una\naspiraci\u00f3n y el comienzo de una carrera de an\u00e1lisis y creaci\u00f3n en el panorama\nmusical contempor\u00e1neo del pa\u00eds.<\/p>\n\n\n\n<p class=\"wp-block-paragraph\">\u00abAquel n\u00facleo primero de 4C termin\u00f3 siendo un espacio\ndel cual entran y salen muchas personas, aliados y amigos con los que\ntrabajamos, aunque siempre nos quedamos Yoana y yo\u00bb, dijo a SEMlac Darsi\nFern\u00e1ndez, para quien la clave de estar aun repensando la escena musical, desde\nla producci\u00f3n y la comunicaci\u00f3n, es que \u00abtodo lo que nos fue haciendo\nfalta para nuestro trabajo, que no exist\u00eda, lo fuimos creando\u00bb.<\/p>\n\n\n\n<p class=\"wp-block-paragraph\">Tanto ella como Grass, ambas abogadas, promotoras y\nproductoras, no se identifican solamente como 4C, sino tambi\u00e9n con otras\niniciativas que han ido concibiendo en el camino, como Zona Jazz, Bonus Track o\nMagazine AM-PM, esta \u00faltima una revista digital de m\u00fasica cubana.<\/p>\n\n\n\n<p class=\"wp-block-paragraph\">4C explota la creaci\u00f3n art\u00edstica y la promoci\u00f3n en el \u00e1rea\nde la m\u00fasica, a partir del uso de las nuevas tecnolog\u00edas y los medios. Autonom\u00eda,\nsostenibilidad y solidaridad son sus tres principios de trabajo, dijo\nFern\u00e1ndez.<\/p>\n\n\n\n<p class=\"wp-block-paragraph\">Durante casi una d\u00e9cada han apostado por la especializaci\u00f3n:\nconceptualizaci\u00f3n, producci\u00f3n y desarrollo de exposiciones, conciertos de\nm\u00fasica y producciones musicales y audiovisuales; talleres de capacitaci\u00f3n y\neventos acad\u00e9micos en el campo cultural; consultor\u00eda sobre industrias\nculturales, su estructura institucional en Cuba, legislaci\u00f3n y tendencias;\ngesti\u00f3n art\u00edstica; gesti\u00f3n de redes sociales; redes culturales; y servicios\ncuratoriales y comunicacionales para gestionar contenido cultural.<\/p>\n\n\n\n<p class=\"wp-block-paragraph\">\u00abEl n\u00facleo de todo sigue siendo la m\u00fasica\u00bb,\nenfatiz\u00f3 Fern\u00e1ndez. Por ejemplo, Zona Jazz es un proyecto que se desarroll\u00f3 en\nparalelo a 4C y que ha dirigido la carrera de m\u00fasicos de jazz de renombre, tan\ndistintos como Yissy Garc\u00eda y Daym\u00e9 Arocena. Pero es como una peque\u00f1a empresa\nde management, con un rol muy definido, pues a pesar de todo el talento musical\ndisponible en la ciudad, la escena del jazz carec\u00eda de una coordinaci\u00f3n y promoci\u00f3n\nadecuadas\u00bb, dijo Fern\u00e1ndez.<\/p>\n\n\n\n<p class=\"wp-block-paragraph\">\u00abNos fuimos dando cuenta de la importancia de comunicar\ncorrectamente al p\u00fablico la carrera de una artista, del dise\u00f1o, del trabajo con\nlos singles Dijimos: todo lo que hemos\naprendido podemos ofrecerlo como un servicio para otros artistas. Es decir, si\neres m\u00fasico, pero no tienes idea de c\u00f3mo comunicar tu proyecto, nosotras\npodemos darte el servicio, llevarte la biograf\u00eda, las redes sociales y fue\njusto ah\u00ed que naci\u00f3 BonusTrack, una iniciativa que tiene ese otro enfoque; aunque\nla hemos ido ampliando y llegado a tener clientes como el Festival de Cine de\nLa Habana\u00bb, explic\u00f3.<\/p>\n\n\n\n<p class=\"wp-block-paragraph\"><strong>AM-PM, espacio de\narticulaci\u00f3n<\/strong><\/p>\n\n\n\n<p class=\"wp-block-paragraph\">Darsi Fern\u00e1ndez apunt\u00f3 que, si bien se mantienen vinculadas\nal mundo de la producci\u00f3n y cada a\u00f1o organizan junto a F\u00e1brica de Arte y la\nCasa de las Am\u00e9ricas el evento AM-PM, han cobrado mucha fuerza en su quehacer\nla comunicaci\u00f3n y la publicidad vinculadas a la m\u00fasica, desde Bonus Track y\nMagazine AM-PM.<\/p>\n\n\n\n<p class=\"wp-block-paragraph\">A su juicio, dentro del campo de la producci\u00f3n musical es\nnotable \u00abuna reverberaci\u00f3n\u00bb considerable de mujeres que, incluso,\nllevan la producci\u00f3n de espect\u00e1culos, \u00abal punto de que, el a\u00f1o qjue viene,\nqueremos dedicar el evento AM-PM a la mujer en la m\u00fasica\u00bb.<\/p>\n\n\n\n<p class=\"wp-block-paragraph\">AM-PM es una conferencia anual que promueve el intercambio\nsimb\u00f3lico y comercial entre profesionales independientes de la m\u00fasica\nlatinoamericana y caribe\u00f1a. El evento es coorganizado por 4C y F\u00e1brica de Arte,\ndonde se celebra desde su inauguraci\u00f3n en 2015. Las sesiones de este encuentro\nincluyen seminarios centrados en la convergencia de m\u00fasica y tecnolog\u00eda,\ncursos, talleres, presentaciones de libros, conciertos y exhibiciones de arte.<\/p>\n\n\n\n<p class=\"wp-block-paragraph\">De acuerdo con la entrevistada, sus principales objetivos\nson la modernizaci\u00f3n y profesionalizaci\u00f3n de la industria de la m\u00fasica en el\npa\u00eds, para que pueda mantener y apoyar de manera efectiva las creaciones\nmusicales locales; el impulso de redes y alianzas para conectar a los\nprofesionales de la m\u00fasica cubana con sus hom\u00f3logos de la regi\u00f3n; y la\nidentificaci\u00f3n, promoci\u00f3n y presentaci\u00f3n de la vanguardia musical\nlatinoamericana, as\u00ed como de espacios alternativos musicales de otras regiones.<\/p>\n\n\n\n<p class=\"wp-block-paragraph\">\u00abCreamos el evento AM-PM fue a ra\u00edz del\nrestablecimiento de las relaciones diplom\u00e1ticas entre Cuba y los Estados\nUnidos. Necesit\u00e1bamos un espacio de formaci\u00f3n de personas para que no pasara\ncomo con los Rolling Stones, que vinieron a tocar trayendo su producci\u00f3n\n\u00edntegra y lo \u00fanico que contrataron en el pa\u00eds fue la gente que carga las cosas.\nTiene que haber personas capaces de hacer producci\u00f3n y hacerlo bien. Ah\u00ed\nempezamos a intentar formar managers, periodistas musicales y a hacer un\ntaller. Este a\u00f1o fue de comunicaci\u00f3n en la m\u00fasica, aunque lo hemos organizado\nsobre ingenier\u00eda de sonido y producci\u00f3n musical\u00bb, cont\u00f3 Fern\u00e1ndez.<\/p>\n\n\n\n<p class=\"wp-block-paragraph\"><strong>Ellas y la escena\nmusical<\/strong><\/p>\n\n\n\n<p class=\"wp-block-paragraph\">La relaci\u00f3n de Darsi con la m\u00fasica es antigua. \u00abDesde\nla universidad me relaciono con ella, todos mis amigos eran m\u00fasicos; de hecho,\nhice mi tesis sobre derecho de autor, que no se estudiaba en ese entonces. Era\namiga de Santiago Feli\u00fa, de Martha Campos, una mel\u00f3mana absoluta. Algunas veces\nescrib\u00ed sobre m\u00fasica. El Derecho fue un pretexto para trabajar en la gesti\u00f3n\ncultural. Mi primer trabajo fue en el centro de derecho de autor, despu\u00e9s me\nfui a Artex, fui gerente fundadora de Bis Music y luego he trabajado por 20\na\u00f1os en la Sociedad General de Autores y Editores (SGAE). La m\u00fasica siempre ha\nestado ah\u00ed\u00bb.<\/p>\n\n\n\n<p class=\"wp-block-paragraph\">Para la especialista, las mujeres no necesariamente\nenfrentan m\u00e1s obst\u00e1culos que los hombres en el mundo de la producci\u00f3n, aunque\nel machismo a veces asoma cuando toca dirigir un grupo de hombres en una\nproducci\u00f3n de gran tama\u00f1o.<\/p>\n\n\n\n<p class=\"wp-block-paragraph\">\u00abSi ellos no te conocen, si no saben exactamente qui\u00e9n\neres, si no te precede tu prestigio, las primeras relaciones pueden ser muy\ntensas, pero inmediatamente que te adentras, que ven que eres profesional en lo\nque est\u00e1s haciendo, que adem\u00e1s los est\u00e1s cuidando, porque est\u00e1s pendiente de si\ntomaron agua, si les trajeron almuerzo\u0085 comienza a\nrelajarse el ambiente. Desde el punto de vista institucional o en la relaci\u00f3n con los artistas, este tipo de conflictos, en mi\nexperiencia, no abunda.<\/p>\n\n\n\n<p class=\"wp-block-paragraph\">\u00abYo creo que todos nuestros emprendimientos tienen una\nmarca femenina. Incluso la revista Magazine AM-PM, cuyo director es Rafael\nGonz\u00e1lez. Fue una decisi\u00f3n de nosotras que Rafa dirigiera la revista, porque \u00e9l\nes un hombre absolutamente feminista y es el \u00fanico de nosotros tres que pod\u00eda\ntener dedicaci\u00f3n absoluta a la publicaci\u00f3n por su formaci\u00f3n de\nperiodista\u00bb, refiri\u00f3 la abogada.<\/p>\n\n\n\n<p class=\"wp-block-paragraph\">Sin embargo, resulta interesante, en su criterio, lo que\nsucede con las mujeres en la m\u00fasica, al punto que en m\u00e1s de una ocasi\u00f3n se han\nplanteado como un tema de investigaci\u00f3n, el \u00abpor qu\u00e9 si en las escuelas de\nm\u00fasica hay m\u00e1s mujeres que hombres, luego en las bandas hay muchos m\u00e1s hombres\nque mujeres. \u00bfQu\u00e9 pasa ah\u00ed? Las mujeres que estudian m\u00fasica, \u00bfqu\u00e9 terminan\nhaciendo con sus vidas?\u00bb, inquiri\u00f3.<\/p>\n\n\n\n<p class=\"wp-block-paragraph\">\u00abHabr\u00eda que preguntarle, por ejemplo, a Yissy Garc\u00eda,\ncu\u00e1nto le ha costado ser una baterista exitosa en un entorno completamente\nmasculino; o a MaryPaz, tocar la tumbadora. Todav\u00eda son vistas como: &#8216;\u00a1ah!, qu\u00e9\ngraciosa la muchachita que toca la tumbadora&#8217;, y eso debe cambiar\u00bb,\npuntualiz\u00f3.<\/p>\n\n\n\n<p class=\"wp-block-paragraph\">\u00abTengo la impresi\u00f3n de que la m\u00fasica cubana est\u00e1 como\nen una especie de standby raro, pero dentro de eso, algunas de las cosas m\u00e1s\ninteresantes que est\u00e1n sucediendo son proyectos de mujeres. Lo que est\u00e1n\nhaciendo Daym\u00e9 Arocena, o Telmary son un ejemplo. Hay una presencia femenina\nrelevante y eso est\u00e1 muy bien\u00bb, opin\u00f3.<\/p>\n\n\n\n<p class=\"wp-block-paragraph\">Sobre la relaci\u00f3n m\u00fasica, mercado y dem\u00e1s actores, Fern\u00e1ndez\nexplica que en Cuba, por mucho tiempo, ha habido una fuerte producci\u00f3n cultural\ncon alto nivel, pero no existen industrias culturales propiamente dichas, sino\nque est\u00e1n surgiendo ahora y ese es el gran debate actual.<\/p>\n\n\n\n<p class=\"wp-block-paragraph\">\u00abTenemos fuertes instituciones culturales, pero en\nalgunos casos est\u00e1n semivac\u00edas de contenido. Las empresas de m\u00fasica, por\nejemplo, no hacen suficiente gesti\u00f3n y falta gente comprometida con la\nm\u00fasica\u00bb, dijo.<\/p>\n\n\n\n<p class=\"wp-block-paragraph\">Agreg\u00f3 que \u00abhay una especie de burocracia cultural que\ndebe replantearse, porque hay mucho de la actividad de gesti\u00f3n que no tendr\u00eda\npor qu\u00e9 hacer el Estado, como en otros terrenos. Est\u00e1 bien que el Estado haga\nlas pol\u00edticas culturales, se encargue de la protecci\u00f3n de determinados\ncontenidos que no son comerciales y es necesario existan, como es la m\u00fasica\nsinf\u00f3nica, la cl\u00e1sica, la tradicional, el patrimonio\u0085\npero hay un tejido comercial donde la gesti\u00f3n\nestatal no es buena\u00bb, apunt\u00f3 Fern\u00e1ndez.<\/p>\n\n\n\n<p class=\"wp-block-paragraph\">Es en ese escenario donde han surgido emprendimientos que\ncubren espacios vac\u00edos, como el de la tecnolog\u00eda para la cultura.<\/p>\n\n\n\n<p class=\"wp-block-paragraph\">\u00abPorque, \u00bfqu\u00e9 es PMM (Por un Mundo Mejor), sino una\nnecesidad? Lo que no tiene mucho sentido es buscar formulaciones raras a lo que\nya existe, como la peque\u00f1a empresa. Esas fronteras se han ido corriendo y\ndemuestran que lo que va m\u00e1s lento son las estructuras; al final habr\u00e1 que\nlegislar para lo que existe y sucede ya\u00bb, sostuvo.<\/p>\n\n\n\n<p class=\"wp-block-paragraph\">\u00abLa m\u00fasica cubana, como toda la creatividad de su\ngente, es nuestro principal activo, y a\u00fan no lo vemos siempre as\u00ed. Creo que\njustamente lo que le falta a la m\u00fasica cubana, partiendo de que hay una\nvoluntad de cultura enorme, es un tejido industrial que le ha sido negado por\nla burocracia y que permita encajar a este tipo de emprendimiento\nsociocultural\u00bb, concluy\u00f3 la productora.<\/p>\n","protected":false},"excerpt":{"rendered":"<p>4C explota la creaci\u00f3n art\u00edstica y la promoci\u00f3n en el \u00e1rea de la m\u00fasica, a partir del uso de las nuevas tecnolog\u00edas y los medios.<\/p>\n","protected":false},"author":3,"featured_media":12449,"comment_status":"open","ping_status":"open","sticky":false,"template":"","format":"standard","meta":{"_monsterinsights_skip_tracking":false,"footnotes":""},"categories":[690,53],"tags":[],"class_list":["post-12448","post","type-post","status-publish","format-standard","has-post-thumbnail","category-690","category-internacional"],"_links":{"self":[{"href":"https:\/\/redsemlac.com\/semmexico\/wp-json\/wp\/v2\/posts\/12448","targetHints":{"allow":["GET"]}}],"collection":[{"href":"https:\/\/redsemlac.com\/semmexico\/wp-json\/wp\/v2\/posts"}],"about":[{"href":"https:\/\/redsemlac.com\/semmexico\/wp-json\/wp\/v2\/types\/post"}],"author":[{"embeddable":true,"href":"https:\/\/redsemlac.com\/semmexico\/wp-json\/wp\/v2\/users\/3"}],"replies":[{"embeddable":true,"href":"https:\/\/redsemlac.com\/semmexico\/wp-json\/wp\/v2\/comments?post=12448"}],"version-history":[{"count":0,"href":"https:\/\/redsemlac.com\/semmexico\/wp-json\/wp\/v2\/posts\/12448\/revisions"}],"wp:featuredmedia":[{"embeddable":true,"href":"https:\/\/redsemlac.com\/semmexico\/wp-json\/wp\/v2\/media\/12449"}],"wp:attachment":[{"href":"https:\/\/redsemlac.com\/semmexico\/wp-json\/wp\/v2\/media?parent=12448"}],"wp:term":[{"taxonomy":"category","embeddable":true,"href":"https:\/\/redsemlac.com\/semmexico\/wp-json\/wp\/v2\/categories?post=12448"},{"taxonomy":"post_tag","embeddable":true,"href":"https:\/\/redsemlac.com\/semmexico\/wp-json\/wp\/v2\/tags?post=12448"}],"curies":[{"name":"wp","href":"https:\/\/api.w.org\/{rel}","templated":true}]}}