{"id":12446,"date":"2019-09-30T20:27:32","date_gmt":"2019-09-30T20:27:32","guid":{"rendered":"https:\/\/redsemlac.com\/semmexico\/?p=12446"},"modified":"2023-07-21T15:11:30","modified_gmt":"2023-07-21T20:11:30","slug":"la-despenalizacion-del-aborto-asunto-de-salud-publica-y-de-justicia-social","status":"publish","type":"post","link":"https:\/\/redsemlac.com\/semmexico\/la-despenalizacion-del-aborto-asunto-de-salud-publica-y-de-justicia-social\/","title":{"rendered":"La despenalizaci\u00f3n del aborto asunto de salud p\u00fablica y de justicia social"},"content":{"rendered":"\n<ul class=\"wp-block-list\"><li><strong>Modificaci\u00f3n\na la Ley de Salud para el derecho a la salud sexual y reproductiva de las\nmujeres: Lorena Villavicencio<\/strong><\/li><\/ul>\n\n\n\n<p class=\"wp-block-paragraph\"><strong>Elda\nMontiel <\/strong><\/p>\n\n\n\n<p class=\"wp-block-paragraph\">SemM\u00e9xico. Ciudad de M\u00e9xico. 30 de septiembre 2019.- En la\nC\u00e1mara de Diputados, la discusi\u00f3n de la despenalizaci\u00f3n del aborto a nivel\nfederal ya est\u00e1 en la agenda con las diversas iniciativas que han promovido las\nlegisladoras de la paridad.<\/p>\n\n\n\n<p class=\"wp-block-paragraph\">Est\u00e1 la iniciativa para modificar el C\u00f3digo Penal Federal y la Ley General de Acceso a las Mujeres a una vida libre de violencia, as\u00ed como las iniciativas de la diputada Lorena Villavicencio para modificar la Ley General de la Salud que permita la interrupci\u00f3n del embarazo, para que las instituciones de salud, m\u00e9dicos y enfermeras garanticen el derecho a interrumpir el embarazo, as\u00ed como cada una de sus causales, y \u00a0la Ley de Amnist\u00eda que beneficie a las mujeres que se encuentran encarceladas por aborto, misma que refuerza a la enviada por el Poder Ejecutivo. <\/p>\n\n\n\n<p class=\"wp-block-paragraph\">El discurso\np\u00fablico sobre aborto cruza con el debate sobre la sexualidad, la reproducci\u00f3n,\nel embarazo, la maternidad y el rol de las mujeres en la sociedad. <\/p>\n\n\n\n<p class=\"wp-block-paragraph\">Las mujeres\nen la mayor\u00eda de los estados de la Rep\u00fablica, a excepci\u00f3n de la Ciudad de\nM\u00e9xico y ahora Oaxaca, viven una restricci\u00f3n directa de sus derechos humanos,\nen cuanto al acceso a la salud, a la decisi\u00f3n sobre el n\u00famero y espaciamiento\nde sus hijos, al ejercicio de la libre personalidad y a la decisi\u00f3n sobre su\ncuerpo. <\/p>\n\n\n\n<p class=\"wp-block-paragraph\">Esta\nrestricci\u00f3n est\u00e1 basada en la ausencia de servicios de salud sexual y\nreproductiva en la mayor\u00eda de las entidades federativas, se expone en la iniciativa\nque presento la legisladora morenista Villavicencio Ayala, en el pasado mes de\nagosto en Sesi\u00f3n de la Comisi\u00f3n Permanente. <\/p>\n\n\n\n<p class=\"wp-block-paragraph\">En la que destaca\nuna contradicci\u00f3n al principio de universalidad de los derechos humanos, es inconcebible\nque una delimitaci\u00f3n territorial determine los derechos para una poblaci\u00f3n y\npara otra, lo cual es una segregaci\u00f3n directa, afirm\u00f3 Villavicencio<\/p>\n\n\n\n<p class=\"wp-block-paragraph\">Por lo que se\npromueve incluir modificaciones en la Ley General de Salud, en materia de\nderechos sexuales y reproductivos de las mujeres, para garantizar el derecho a\nla interrupci\u00f3n legal del embarazo.<\/p>\n\n\n\n<p class=\"wp-block-paragraph\">Tambi\u00e9n se propone\nque los servicios de salud sexual y reproductiva para las mujeres, incluyendo\nla interrupci\u00f3n del embarazo, misma que proporcione en forma universal,\ngratuita y en condiciones de calidad, \u201csiempre que la mujer interesada lo\nsolicite, por voluntad propia y se encuentre el embarazo antes de cumplirse\ndoce semanas de gestaci\u00f3n\u201d.<\/p>\n\n\n\n<p class=\"wp-block-paragraph\">\u201cLa\nInstituci\u00f3n del Sector Salud deber\u00e1 proceder a la interrupci\u00f3n del embarazo, en\nun plazo no menor a cinco d\u00edas naturales posteriores a la solicitud por escrito\nde la mujer interesada, siempre que se satisfagan las disposiciones legales\naplicables\u201d, refiri\u00f3<\/p>\n\n\n\n<p class=\"wp-block-paragraph\">En esta\niniciativa se argument\u00f3 que existe una cifra negra de mujeres que mueren por\nabortos clandestinos, los cuales no son reportados por las repercusiones\npunitivas que esto tendr\u00eda; por lo que la mortalidad materna asociada al\naborto, es un problema de salud p\u00fablica, derivado principalmente de la\npenalizaci\u00f3n punitiva y en consecuencia de la ausencia de servicios de salud\npara las mujeres.<\/p>\n\n\n\n<p class=\"wp-block-paragraph\"><strong>Las leyes p\u00fablicas deben reflejar la\nrealidad de las mujeres<\/strong><\/p>\n\n\n\n<p class=\"wp-block-paragraph\">Las leyes y\npol\u00edticas p\u00fablicas deben de reflejar las experiencias reales de las mujeres,\nresaltando su presencia imprescindible en la sociedad democr\u00e1tica en la que\nvivimos, se precisa en el documento suscrito por organizaciones feministas \u00bfPor\nqu\u00e9 despenalizar el aborto en M\u00e9xico? <\/p>\n\n\n\n<p class=\"wp-block-paragraph\">En el\ndocumento se se\u00f1ala que el aborto es un asunto de salud p\u00fablica y de justicia\nsocial. &nbsp;El aborto es un tema de salud\np\u00fablica ya que la penalizaci\u00f3n del mismo crea condiciones inseguras para las\nmujeres que deciden interrumpir un embarazo, aquellas que viven un aborto espont\u00e1neo\ny\/ o cuyo embarazo representa un peligro para su salud y su vida.<\/p>\n\n\n\n<p class=\"wp-block-paragraph\">La exclusi\u00f3n de las mujeres y la falta de voz dentro de la pr\u00e1ctica democr\u00e1tica parecen particularmente injustas y dictatoriales con respecto a las leyes sobre el aborto.  <\/p>\n\n\n\n<p class=\"wp-block-paragraph\">Las restricciones\nal aborto afectan a las mujeres mucho m\u00e1s que a los hombres; adem\u00e1s, el debate\nsobre la regulaci\u00f3n del aborto es un debate, en realidad, sobre el papel, el\nestatus y el valor de la vida y decisiones de las mujeres, sobre el significado\ndel rol que desempe\u00f1an en la sociedad y la libertad para determinar el curso de\nsus vidas.<\/p>\n\n\n\n<p class=\"wp-block-paragraph\">A pesar de\nque M\u00e9xico es un pa\u00eds que permite algunas causales por aborto, la\ncriminalizaci\u00f3n ha ido incrementando. Las sanciones por aborto en M\u00e9xico\ndependen de los C\u00f3digos Penales locales y pueden incluir hasta seis a\u00f1os de\nprisi\u00f3n.<\/p>\n\n\n\n<p class=\"wp-block-paragraph\">De acuerdo a\nlas cifras del aborto, de acuerdo al Consejo Nacional de Poblaci\u00f3n\n(CONAPO)&nbsp; el 17.7% de las mujeres en edad\nreproductiva ha tenido al menos un aborto, lo que significa que una de cada 5\nmujeres en M\u00e9xico ha&nbsp; tenido al menos un\naborto.<\/p>\n\n\n\n<p class=\"wp-block-paragraph\">Y de acuerdo\nal Instituto Guttmacher, existen anualmente entre 725,000 y 1 000,000 abortos\ninducidos en M\u00e9xico.<\/p>\n\n\n\n<p class=\"wp-block-paragraph\">Por su parte\nen el documento que suscriben organizaciones feministas como As\u00ed Legal,\nConstituyentes CDMX, Liderazgo Simone de Beavior, Fondo Mar\u00eda, destacan que el\nderecho de las mujeres a acceder a servicios integrales de salud reproductiva,\nincluido el aborto, est\u00e1 arraigado en los est\u00e1ndares internacionales sobre\nDerechos Humanos.<\/p>\n\n\n\n<p class=\"wp-block-paragraph\">Algunos de\nestos tratados, firmados y ratificados por M\u00e9xico, son la Declaraci\u00f3n Universal\nde los Derechos Humanos; la Convenci\u00f3n sobre la Eliminaci\u00f3n de Todas las Formas\nde Discriminaci\u00f3n contra las Mujeres (CEDAW); la Convenci\u00f3n Interamericana para\nPrevenir, Sancionar y Erradicar la Violencia contra las Mujeres (Bel\u00e9m do\nPar\u00e1); la Conferencia Internacional sobre la Poblaci\u00f3n y el Desarrollo, El\nCairo (1994), y la Declaraci\u00f3n y Plataforma de Acci\u00f3n de Beijing. <\/p>\n\n\n\n<p class=\"wp-block-paragraph\">Cabe destacar\nque la Recomendaci\u00f3n General No. 24 del Comit\u00e9 de la CEDAW que establece que es\nobligaci\u00f3n de los Estados Parte &nbsp;\u201ca respetar\ny proteger los derechos de la mujer en materia de atenci\u00f3n m\u00e9dica\u201d. <\/p>\n\n\n\n<p class=\"wp-block-paragraph\">Tambi\u00e9n la &nbsp;Recomendaci\u00f3n establece expl\u00edcitamente: \u201cLa\nnegativa de un Estado Parte, a proveer la prestaci\u00f3n de determinados servicios\nde salud reproductiva a la mujer en condiciones legales resulta\ndiscriminatoria\u201d. <\/p>\n\n\n\n<p class=\"wp-block-paragraph\">Adem\u00e1s,\nM\u00e9xico suscribe al Consenso de Montevideo, el cual dentro de sus ejes\nprioritarios tiene el acceso universal a los servicios de salud sexual y\nreproductiva, incluido el aborto.<\/p>\n","protected":false},"excerpt":{"rendered":"<p>Modificaci\u00f3n a la Ley de Salud para el derecho a la salud sexual y reproductiva de las mujeres: Lorena Villavicencio<\/p>\n","protected":false},"author":3,"featured_media":12440,"comment_status":"open","ping_status":"open","sticky":false,"template":"","format":"standard","meta":{"_monsterinsights_skip_tracking":false,"footnotes":""},"categories":[690,50],"tags":[],"class_list":["post-12446","post","type-post","status-publish","format-standard","has-post-thumbnail","category-690","category-congreso"],"_links":{"self":[{"href":"https:\/\/redsemlac.com\/semmexico\/wp-json\/wp\/v2\/posts\/12446","targetHints":{"allow":["GET"]}}],"collection":[{"href":"https:\/\/redsemlac.com\/semmexico\/wp-json\/wp\/v2\/posts"}],"about":[{"href":"https:\/\/redsemlac.com\/semmexico\/wp-json\/wp\/v2\/types\/post"}],"author":[{"embeddable":true,"href":"https:\/\/redsemlac.com\/semmexico\/wp-json\/wp\/v2\/users\/3"}],"replies":[{"embeddable":true,"href":"https:\/\/redsemlac.com\/semmexico\/wp-json\/wp\/v2\/comments?post=12446"}],"version-history":[{"count":0,"href":"https:\/\/redsemlac.com\/semmexico\/wp-json\/wp\/v2\/posts\/12446\/revisions"}],"wp:featuredmedia":[{"embeddable":true,"href":"https:\/\/redsemlac.com\/semmexico\/wp-json\/wp\/v2\/media\/12440"}],"wp:attachment":[{"href":"https:\/\/redsemlac.com\/semmexico\/wp-json\/wp\/v2\/media?parent=12446"}],"wp:term":[{"taxonomy":"category","embeddable":true,"href":"https:\/\/redsemlac.com\/semmexico\/wp-json\/wp\/v2\/categories?post=12446"},{"taxonomy":"post_tag","embeddable":true,"href":"https:\/\/redsemlac.com\/semmexico\/wp-json\/wp\/v2\/tags?post=12446"}],"curies":[{"name":"wp","href":"https:\/\/api.w.org\/{rel}","templated":true}]}}