{"id":12420,"date":"2019-09-30T19:50:11","date_gmt":"2019-09-30T19:50:11","guid":{"rendered":"https:\/\/redsemlac.com\/semmexico\/?p=12420"},"modified":"2023-07-21T15:11:30","modified_gmt":"2023-07-21T20:11:30","slug":"28s-2","status":"publish","type":"post","link":"https:\/\/redsemlac.com\/semmexico\/28s-2\/","title":{"rendered":"#28s #GritoGlobal por el #AbortoLegal en M\u00e9xico"},"content":{"rendered":"\n<p class=\"wp-block-paragraph\">SemM\u00e9xico. 30 de septiembre 2019.- En el <strong>D\u00eda de Acci\u00f3n Global por el acceso al Aborto Legal y Seguro<\/strong>\u00a0conocido tambi\u00e9n como el\u00a0<strong>D\u00eda por la Despenalizaci\u00f3n y Legalizaci\u00f3n del Aborto<\/strong>\u00a0celebrado este \u00a028 de septiembre\u00a0 y como cada a\u00f1o fue convocada por los grupos de mujeres y el\u00a0movimiento feminista\u00a0para exigir a sus gobiernos despenalizar el\u00a0aborto\u00a0y facilitar el acceso al\u00a0aborto\u00a0con el objetivo de evitar que millones de mujeres en el mundo sigan muriendo por practicarse\u00a0abortos inseguros. <\/p>\n\n\n\n<p class=\"has-text-color has-medium-font-size has-vivid-green-cyan-color wp-block-paragraph\"><strong>En M\u00e9xico as\u00ed se vivi\u00f3 el #28s <\/strong><\/p>\n\n\n\n<h2 class=\"wp-block-heading\">Guerrero<\/h2>\n\n\n\n<ul class=\"wp-block-gallery columns-3 is-cropped wp-block-gallery-1 is-layout-flex wp-block-gallery-is-layout-flex\"><li class=\"blocks-gallery-item\"><figure><img decoding=\"async\" src=\"https:\/\/redsemlac.com\/semmexico\/wp-content\/uploads\/2019\/09\/guerrero-1-1-1024x768.jpeg\" alt=\"\" data-id=\"12423\" data-link=\"https:\/\/redsemlac.com\/semmexico\/?attachment_id=12423\" class=\"wp-image-12423\"\/><figcaption><em>Foto: Josefina Aguilar<\/em><\/figcaption><\/figure><\/li><li class=\"blocks-gallery-item\"><figure><img decoding=\"async\" src=\"https:\/\/redsemlac.com\/semmexico\/wp-content\/uploads\/2019\/09\/guerrero-2-1-1024x768.jpeg\" alt=\"\" data-id=\"12424\" data-link=\"https:\/\/redsemlac.com\/semmexico\/?attachment_id=12424\" class=\"wp-image-12424\"\/><figcaption> <em>Foto: Josefina Aguilar<\/em> <\/figcaption><\/figure><\/li><li class=\"blocks-gallery-item\"><figure><img decoding=\"async\" src=\"https:\/\/redsemlac.com\/semmexico\/wp-content\/uploads\/2019\/09\/guerrero-3-1-1024x768.jpeg\" alt=\"\" data-id=\"12425\" data-link=\"https:\/\/redsemlac.com\/semmexico\/?attachment_id=12425\" class=\"wp-image-12425\"\/><figcaption> <em>Foto: Josefina Aguilar<\/em> <\/figcaption><\/figure><\/li><\/ul>\n\n\n\n<h2 class=\"wp-block-heading\">Ciudad de M\u00e9xico<\/h2>\n\n\n\n<ul class=\"wp-block-gallery columns-2 is-cropped wp-block-gallery-2 is-layout-flex wp-block-gallery-is-layout-flex\"><li class=\"blocks-gallery-item\"><figure><img decoding=\"async\" src=\"https:\/\/redsemlac.com\/semmexico\/wp-content\/uploads\/2019\/09\/cdmx-1-1024x760.jpeg\" alt=\"\" data-id=\"12421\" data-link=\"https:\/\/redsemlac.com\/semmexico\/?attachment_id=12421\" class=\"wp-image-12421\"\/><\/figure><\/li><li class=\"blocks-gallery-item\"><figure><img decoding=\"async\" src=\"https:\/\/redsemlac.com\/semmexico\/wp-content\/uploads\/2019\/09\/cdmx-2-1024x760.jpeg\" alt=\"\" data-id=\"12422\" data-link=\"https:\/\/redsemlac.com\/semmexico\/?attachment_id=12422\" class=\"wp-image-12422\"\/><\/figure><\/li><\/ul>\n\n\n\n<h2 class=\"wp-block-heading\">Toluca<\/h2>\n\n\n\n<figure class=\"wp-block-image\"><img decoding=\"async\" src=\"https:\/\/redsemlac.com\/semmexico\/wp-content\/uploads\/2019\/09\/toluca-1-1024x768.jpeg\" alt=\"\" class=\"wp-image-12426\"\/><\/figure>\n\n\n\n<h2 class=\"wp-block-heading\">Jalisco<\/h2>\n\n\n\n<ul class=\"wp-block-gallery columns-3 is-cropped wp-block-gallery-3 is-layout-flex wp-block-gallery-is-layout-flex\"><li class=\"blocks-gallery-item\"><figure><img decoding=\"async\" src=\"https:\/\/redsemlac.com\/semmexico\/wp-content\/uploads\/2019\/09\/jalisco-1-1024x768.jpeg\" alt=\"\" data-id=\"12427\" data-link=\"https:\/\/redsemlac.com\/semmexico\/?attachment_id=12427\" class=\"wp-image-12427\"\/><figcaption><em>Foto: Analy Nu\u00f1o<\/em><\/figcaption><\/figure><\/li><li class=\"blocks-gallery-item\"><figure><img decoding=\"async\" src=\"https:\/\/redsemlac.com\/semmexico\/wp-content\/uploads\/2019\/09\/jalisco-2-1024x768.jpeg\" alt=\"\" data-id=\"12428\" data-link=\"https:\/\/redsemlac.com\/semmexico\/?attachment_id=12428\" class=\"wp-image-12428\"\/><figcaption> <em>Foto: Analy Nu\u00f1o<\/em> <\/figcaption><\/figure><\/li><li class=\"blocks-gallery-item\"><figure><img decoding=\"async\" src=\"https:\/\/redsemlac.com\/semmexico\/wp-content\/uploads\/2019\/09\/jalisco-3-768x1024.jpeg\" alt=\"\" data-id=\"12429\" data-link=\"https:\/\/redsemlac.com\/semmexico\/?attachment_id=12429\" class=\"wp-image-12429\"\/><figcaption> <em>Foto: Analy Nu\u00f1o<\/em> <\/figcaption><\/figure><\/li><li class=\"blocks-gallery-item\"><figure><img decoding=\"async\" src=\"https:\/\/redsemlac.com\/semmexico\/wp-content\/uploads\/2019\/09\/jalisco-4-768x1024.jpeg\" alt=\"\" data-id=\"12430\" data-link=\"https:\/\/redsemlac.com\/semmexico\/?attachment_id=12430\" class=\"wp-image-12430\"\/><figcaption> <em>Foto: Analy Nu\u00f1o<\/em> <\/figcaption><\/figure><\/li><\/ul>\n\n\n\n<h2 class=\"wp-block-heading\">Morelos<\/h2>\n\n\n\n<ul class=\"wp-block-gallery columns-3 is-cropped wp-block-gallery-4 is-layout-flex wp-block-gallery-is-layout-flex\"><li class=\"blocks-gallery-item\"><figure><img loading=\"lazy\" decoding=\"async\" width=\"960\" height=\"960\" src=\"https:\/\/redsemlac.com\/semmexico\/wp-content\/uploads\/2019\/09\/morelos-1.jpeg\" alt=\"\" data-id=\"12431\" data-link=\"https:\/\/redsemlac.com\/semmexico\/?attachment_id=12431\" class=\"wp-image-12431\"\/><\/figure><\/li><li class=\"blocks-gallery-item\"><figure><img decoding=\"async\" src=\"https:\/\/redsemlac.com\/semmexico\/wp-content\/uploads\/2019\/09\/morelos-2-1024x819.jpeg\" alt=\"\" data-id=\"12432\" data-link=\"https:\/\/redsemlac.com\/semmexico\/?attachment_id=12432\" class=\"wp-image-12432\"\/><\/figure><\/li><li class=\"blocks-gallery-item\"><figure><img decoding=\"async\" src=\"https:\/\/redsemlac.com\/semmexico\/wp-content\/uploads\/2019\/09\/morelos-3-1024x819.jpeg\" alt=\"\" data-id=\"12433\" data-link=\"https:\/\/redsemlac.com\/semmexico\/?attachment_id=12433\" class=\"wp-image-12433\"\/><\/figure><\/li><li class=\"blocks-gallery-item\"><figure><img decoding=\"async\" src=\"https:\/\/redsemlac.com\/semmexico\/wp-content\/uploads\/2019\/09\/morelos-4-1024x819.jpeg\" alt=\"\" data-id=\"12434\" data-link=\"https:\/\/redsemlac.com\/semmexico\/?attachment_id=12434\" class=\"wp-image-12434\"\/><\/figure><\/li><li class=\"blocks-gallery-item\"><figure><img decoding=\"async\" src=\"https:\/\/redsemlac.com\/semmexico\/wp-content\/uploads\/2019\/09\/morelos-5-1024x728.jpeg\" alt=\"\" data-id=\"12435\" data-link=\"https:\/\/redsemlac.com\/semmexico\/?attachment_id=12435\" class=\"wp-image-12435\"\/><\/figure><\/li><\/ul>\n\n\n\n<h2 class=\"wp-block-heading\">M\u00e9rida<\/h2>\n\n\n\n<ul class=\"wp-block-gallery columns-2 is-cropped wp-block-gallery-5 is-layout-flex wp-block-gallery-is-layout-flex\"><li class=\"blocks-gallery-item\"><figure><img loading=\"lazy\" decoding=\"async\" width=\"960\" height=\"640\" src=\"https:\/\/redsemlac.com\/semmexico\/wp-content\/uploads\/2019\/09\/merida-1.jpeg\" alt=\"\" data-id=\"12436\" data-link=\"https:\/\/redsemlac.com\/semmexico\/?attachment_id=12436\" class=\"wp-image-12436\"\/><figcaption> <em>Foto: Lorena Castellanos<\/em> <\/figcaption><\/figure><\/li><li class=\"blocks-gallery-item\"><figure><img loading=\"lazy\" decoding=\"async\" width=\"960\" height=\"640\" src=\"https:\/\/redsemlac.com\/semmexico\/wp-content\/uploads\/2019\/09\/merida-2.jpeg\" alt=\"\" data-id=\"12437\" data-link=\"https:\/\/redsemlac.com\/semmexico\/?attachment_id=12437\" class=\"wp-image-12437\"\/><figcaption> <em>Foto: Lorena Castellanos<\/em> <\/figcaption><\/figure><\/li><li class=\"blocks-gallery-item\"><figure><img loading=\"lazy\" decoding=\"async\" width=\"960\" height=\"638\" src=\"https:\/\/redsemlac.com\/semmexico\/wp-content\/uploads\/2019\/09\/merida-3.jpeg\" alt=\"\" data-id=\"12438\" data-link=\"https:\/\/redsemlac.com\/semmexico\/?attachment_id=12438\" class=\"wp-image-12438\"\/><figcaption><em>Foto: Lorena Castellanos<\/em><\/figcaption><\/figure><\/li><li class=\"blocks-gallery-item\"><figure><img loading=\"lazy\" decoding=\"async\" width=\"960\" height=\"630\" src=\"https:\/\/redsemlac.com\/semmexico\/wp-content\/uploads\/2019\/09\/merida-4.jpeg\" alt=\"\" data-id=\"12439\" data-link=\"https:\/\/redsemlac.com\/semmexico\/?attachment_id=12439\" class=\"wp-image-12439\"\/><figcaption> <em>Foto: Lorena Castellanos<\/em> <\/figcaption><\/figure><\/li><li class=\"blocks-gallery-item\"><figure><img loading=\"lazy\" decoding=\"async\" width=\"960\" height=\"604\" src=\"https:\/\/redsemlac.com\/semmexico\/wp-content\/uploads\/2019\/09\/merida-5.jpeg\" alt=\"\" data-id=\"12440\" data-link=\"https:\/\/redsemlac.com\/semmexico\/?attachment_id=12440\" class=\"wp-image-12440\"\/><figcaption> <em>Foto: Lorena Castellanos<\/em> <\/figcaption><\/figure><\/li><li class=\"blocks-gallery-item\"><figure><img loading=\"lazy\" decoding=\"async\" width=\"960\" height=\"960\" src=\"https:\/\/redsemlac.com\/semmexico\/wp-content\/uploads\/2019\/09\/morelos-1-1.jpeg\" alt=\"\" data-id=\"12441\" data-link=\"https:\/\/redsemlac.com\/semmexico\/?attachment_id=12441\" class=\"wp-image-12441\"\/><figcaption> <em>Foto: Lorena Castellanos<\/em> <\/figcaption><\/figure><\/li><\/ul>\n\n\n\n<h2 class=\"wp-block-heading\">Veracruz<\/h2>\n\n\n\n<ul class=\"wp-block-gallery columns-2 is-cropped wp-block-gallery-6 is-layout-flex wp-block-gallery-is-layout-flex\"><li class=\"blocks-gallery-item\"><figure><img decoding=\"async\" src=\"https:\/\/redsemlac.com\/semmexico\/wp-content\/uploads\/2019\/09\/veracruz-1-1024x682.jpg\" alt=\"\" data-id=\"12442\" data-link=\"https:\/\/redsemlac.com\/semmexico\/?attachment_id=12442\" class=\"wp-image-12442\"\/><figcaption><em>Foto:  Selene Ugalde <\/em><\/figcaption><\/figure><\/li><li class=\"blocks-gallery-item\"><figure><img decoding=\"async\" src=\"https:\/\/redsemlac.com\/semmexico\/wp-content\/uploads\/2019\/09\/veracruz-2-1024x682.jpg\" alt=\"\" data-id=\"12443\" data-link=\"https:\/\/redsemlac.com\/semmexico\/?attachment_id=12443\" class=\"wp-image-12443\"\/><figcaption> <em>Foto:  Selene Ugalde <\/em> <\/figcaption><\/figure><\/li><\/ul>\n","protected":false},"excerpt":{"rendered":"<p>En M\u00e9xico as\u00ed se vivi\u00f3 el #28s <\/p>\n","protected":false},"author":3,"featured_media":12444,"comment_status":"open","ping_status":"open","sticky":false,"template":"","format":"standard","meta":{"_monsterinsights_skip_tracking":false,"footnotes":""},"categories":[690,54],"tags":[],"class_list":["post-12420","post","type-post","status-publish","format-standard","has-post-thumbnail","category-690","category-mujeres"],"_links":{"self":[{"href":"https:\/\/redsemlac.com\/semmexico\/wp-json\/wp\/v2\/posts\/12420","targetHints":{"allow":["GET"]}}],"collection":[{"href":"https:\/\/redsemlac.com\/semmexico\/wp-json\/wp\/v2\/posts"}],"about":[{"href":"https:\/\/redsemlac.com\/semmexico\/wp-json\/wp\/v2\/types\/post"}],"author":[{"embeddable":true,"href":"https:\/\/redsemlac.com\/semmexico\/wp-json\/wp\/v2\/users\/3"}],"replies":[{"embeddable":true,"href":"https:\/\/redsemlac.com\/semmexico\/wp-json\/wp\/v2\/comments?post=12420"}],"version-history":[{"count":0,"href":"https:\/\/redsemlac.com\/semmexico\/wp-json\/wp\/v2\/posts\/12420\/revisions"}],"wp:featuredmedia":[{"embeddable":true,"href":"https:\/\/redsemlac.com\/semmexico\/wp-json\/wp\/v2\/media\/12444"}],"wp:attachment":[{"href":"https:\/\/redsemlac.com\/semmexico\/wp-json\/wp\/v2\/media?parent=12420"}],"wp:term":[{"taxonomy":"category","embeddable":true,"href":"https:\/\/redsemlac.com\/semmexico\/wp-json\/wp\/v2\/categories?post=12420"},{"taxonomy":"post_tag","embeddable":true,"href":"https:\/\/redsemlac.com\/semmexico\/wp-json\/wp\/v2\/tags?post=12420"}],"curies":[{"name":"wp","href":"https:\/\/api.w.org\/{rel}","templated":true}]}}