{"id":12412,"date":"2019-09-30T19:21:29","date_gmt":"2019-09-30T19:21:29","guid":{"rendered":"https:\/\/redsemlac.com\/semmexico\/?p=12412"},"modified":"2023-07-21T15:11:30","modified_gmt":"2023-07-21T20:11:30","slug":"guerrero-43","status":"publish","type":"post","link":"https:\/\/redsemlac.com\/semmexico\/guerrero-43\/","title":{"rendered":"#GritoGlobal por el #AbortoLegal se escuch\u00f3 en Guerrero"},"content":{"rendered":"\n<ul class=\"wp-block-list\"><li><strong>Exigen al Congreso local despenalizar el aborto<\/strong><\/li><\/ul>\n\n\n\n<p class=\"wp-block-paragraph\"><strong>Josefina\nAguilar Pastor<\/strong><\/p>\n\n\n\n<p class=\"wp-block-paragraph\">SemM\u00e9xico. Chilpancingo, Guerrero, 30 de septiembre de\n2019.-Activistas piden al Congreso del Estado, despenalizar la interrupci\u00f3n del\nembarazo, tal como lo acaba de hacer el legislativo de Oaxaca; en el pa\u00eds,\ndiariamente, se realizan alrededor de mil 640 denuncias de delitos por\nviolencia sexual, que representan solo el 10 por ciento de los que en realidad\nocurren, al tiempo que el aborto, sigue siendo inseguro, y se coloca como la\ncuarta causa de muerte materna.<\/p>\n\n\n\n<p class=\"wp-block-paragraph\">Este fin de semana, a pesar de la lluvia generada por la\ntormenta tropical \u201cNarda\u201d, activistas de distintas organizaciones feministas,\nsalieron del monumento \u201cLas Banderas\u201d, con rumbo a Congreso del Estado, donde\nal llegar, luego de algunas consignas y exigir la despenalizaci\u00f3n del aborto,\nsiguieron su camino, rumbo al z\u00f3calo. Durante todo el trayecto, la marcha\nestuvo llena de manifestaciones en contra de la violencia que se ejerce en\ncontra de las mujeres y ni\u00f1as.<\/p>\n\n\n\n<p class=\"wp-block-paragraph\">La lluvia que comenz\u00f3 a caer al filo de las 3:30 y se\nmantuvo por casi media hora, y reinici\u00f3 cerca de las 6 de la tarde, esto no\nimpidi\u00f3 el paso de las activistas ni baj\u00f3 sus \u00e1nimos, a pesar del fuerte\naguacero que se solt\u00f3 un par de cuadras antes de llegar al z\u00f3calo capitalino,\nel contingente se mantuvo. Al llegar, trataron de mantenerse en la explanada,\ndonde hab\u00edan planeado realizar un mitin y exponer un pronunciamiento; sin\nembargo, la fuerza de la lluvia las oblig\u00f3 a guarecerse en el corredor del\npalacio de la cultura. En el centro, quedaron decenas de veladoras apagadas.<\/p>\n\n\n\n<ul class=\"wp-block-gallery columns-3 is-cropped wp-block-gallery-1 is-layout-flex wp-block-gallery-is-layout-flex\"><li class=\"blocks-gallery-item\"><figure><img decoding=\"async\" src=\"https:\/\/redsemlac.com\/semmexico\/wp-content\/uploads\/2019\/09\/guerrero-1-1024x768.jpeg\" alt=\"\" data-id=\"12413\" data-link=\"https:\/\/redsemlac.com\/semmexico\/?attachment_id=12413\" class=\"wp-image-12413\"\/><\/figure><\/li><li class=\"blocks-gallery-item\"><figure><img decoding=\"async\" src=\"https:\/\/redsemlac.com\/semmexico\/wp-content\/uploads\/2019\/09\/guerrero-2-1024x768.jpeg\" alt=\"\" data-id=\"12414\" data-link=\"https:\/\/redsemlac.com\/semmexico\/?attachment_id=12414\" class=\"wp-image-12414\"\/><\/figure><\/li><li class=\"blocks-gallery-item\"><figure><img decoding=\"async\" src=\"https:\/\/redsemlac.com\/semmexico\/wp-content\/uploads\/2019\/09\/guerrero-3-1024x768.jpeg\" alt=\"\" data-id=\"12415\" data-link=\"https:\/\/redsemlac.com\/semmexico\/?attachment_id=12415\" class=\"wp-image-12415\"\/><\/figure><\/li><li class=\"blocks-gallery-item\"><figure><img decoding=\"async\" src=\"https:\/\/redsemlac.com\/semmexico\/wp-content\/uploads\/2019\/09\/guerrero-4-1024x768.jpeg\" alt=\"\" data-id=\"12416\" data-link=\"https:\/\/redsemlac.com\/semmexico\/?attachment_id=12416\" class=\"wp-image-12416\"\/><\/figure><\/li><\/ul>\n\n\n\n<p class=\"wp-block-paragraph\">Angie de la Rosa Palafox, representante de la\norganizaci\u00f3n Red por los Derechos\nSexuales y Reproductivos (REDefine) Guerrero, recalc\u00f3, que el aborto, es\nun tema de derechos humanos, y de justicia social y de salud p\u00fablica,\nactualmente, en el pa\u00eds, solo en dos entidades \u2013Ciudad de M\u00e9xico y\nrecientemente en Oaxaca-, la interrupci\u00f3n del embarazo no est\u00e1 penalizado, en\ntanto que en Guerrero, de acuerdo al c\u00f3digo penal actual, solo es permitido en\ncuatro causales;&nbsp; producto con\nmalformaciones cong\u00e9nitas, cuando pone en peligro la vida de la mujer, por\nresponsabilidad y violencia sexual, que en la pr\u00e1ctica no se cumple, mujeres\nque acuden a los centros hospitalarios para ello, no son atendidas.<\/p>\n\n\n\n<p class=\"wp-block-paragraph\">Cabe mencionar que entre 2016 y 2017, el sector salud,\nsolo atendi\u00f3 dos asistencias a v\u00edctimas de violaci\u00f3n. En M\u00e9xico agreg\u00f3, se\ncomenten alrededor de 6 mil delitos sexuales cada a\u00f1o, de los cuales, 9 de cada\n10 v\u00edctimas son mujeres, de ellas, 4 de 10, menores de 15 a\u00f1os, la mitad de los\ndelitos sexuales, se producen en el hogar de las v\u00edctimas y el 60 de las veces,\npor familiares o personas conocidas.<\/p>\n\n\n\n<p class=\"wp-block-paragraph\">Diariamente, se realizan alrededor de mil 640 denuncias\nde delitos por violencia sexual, que representan solo el 10 por ciento de los\nque en realidad ocurren, al tiempo que el aborto, sigue siendo inseguro, y se\ncoloca como la cuarta causa de muerte materna \u201cy seguir\u00e1 siendo s no se\nlegaliza\u201d recalc\u00f3 De la Rosa Palafox.<\/p>\n\n\n\n<p class=\"wp-block-paragraph\">Ni una ley que se despenaliza, a\u00f1adi\u00f3 la activista,\nobliga a ninguna mujer a abortar, \u201cy el d\u00eda de hoy exigimos al Congreso Local,\nque despenalice el aborto que se realice la legalizaci\u00f3n para que las mujeres\npodamos acudir a un aborto seguro, legal y gratuito, que se d\u00e9 cumplimiento a\nla norma 046\u201d exigi\u00f3. <\/p>\n\n\n\n<p class=\"wp-block-paragraph\">Se pronunciaron a favor de la vida y el derecho a decidir\ncon libertad, anunci\u00f3 que en pr\u00f3ximos d\u00edas, continuar\u00e1n con una serie de\nacciones, entre ellas, insistir ante el Congreso del Estado, hasta lograr la\ndespenalizaci\u00f3n del aborto.<\/p>\n\n\n\n<p class=\"wp-block-paragraph\">La jornada concluy\u00f3 con la presentaci\u00f3n de una\nperformance. Se hab\u00eda anunciado que promotores y promotoras de Pro vida,\niniciar\u00edan un enfrentamiento con las activistas, lo cual, no incurri\u00f3.<\/p>\n","protected":false},"excerpt":{"rendered":"<p>Exigen al Congreso local despenalizar el aborto<\/p>\n","protected":false},"author":3,"featured_media":12418,"comment_status":"open","ping_status":"open","sticky":false,"template":"","format":"standard","meta":{"_monsterinsights_skip_tracking":false,"footnotes":""},"categories":[690,54],"tags":[],"class_list":["post-12412","post","type-post","status-publish","format-standard","has-post-thumbnail","category-690","category-mujeres"],"_links":{"self":[{"href":"https:\/\/redsemlac.com\/semmexico\/wp-json\/wp\/v2\/posts\/12412","targetHints":{"allow":["GET"]}}],"collection":[{"href":"https:\/\/redsemlac.com\/semmexico\/wp-json\/wp\/v2\/posts"}],"about":[{"href":"https:\/\/redsemlac.com\/semmexico\/wp-json\/wp\/v2\/types\/post"}],"author":[{"embeddable":true,"href":"https:\/\/redsemlac.com\/semmexico\/wp-json\/wp\/v2\/users\/3"}],"replies":[{"embeddable":true,"href":"https:\/\/redsemlac.com\/semmexico\/wp-json\/wp\/v2\/comments?post=12412"}],"version-history":[{"count":0,"href":"https:\/\/redsemlac.com\/semmexico\/wp-json\/wp\/v2\/posts\/12412\/revisions"}],"wp:featuredmedia":[{"embeddable":true,"href":"https:\/\/redsemlac.com\/semmexico\/wp-json\/wp\/v2\/media\/12418"}],"wp:attachment":[{"href":"https:\/\/redsemlac.com\/semmexico\/wp-json\/wp\/v2\/media?parent=12412"}],"wp:term":[{"taxonomy":"category","embeddable":true,"href":"https:\/\/redsemlac.com\/semmexico\/wp-json\/wp\/v2\/categories?post=12412"},{"taxonomy":"post_tag","embeddable":true,"href":"https:\/\/redsemlac.com\/semmexico\/wp-json\/wp\/v2\/tags?post=12412"}],"curies":[{"name":"wp","href":"https:\/\/api.w.org\/{rel}","templated":true}]}}