{"id":12372,"date":"2019-09-28T18:06:13","date_gmt":"2019-09-28T18:06:13","guid":{"rendered":"https:\/\/redsemlac.com\/semmexico\/?p=12372"},"modified":"2023-07-21T15:11:31","modified_gmt":"2023-07-21T20:11:31","slug":"opinion-132","status":"publish","type":"post","link":"https:\/\/redsemlac.com\/semmexico\/opinion-132\/","title":{"rendered":"Mujeres y Pol\u00edtica"},"content":{"rendered":"\n<h2 class=\"wp-block-heading\"><strong>Murat en la hora de la decisi\u00f3n<\/strong><\/h2>\n\n\n\n<p class=\"wp-block-paragraph\"><strong>* Moral o la calidad humana<\/strong><\/p>\n\n\n\n<p class=\"wp-block-paragraph\"><strong>Soledad Jarqu\u00edn Edgar<\/strong><\/p>\n\n\n\n<p class=\"wp-block-paragraph\">SemM\u00e9xico,\n28 septiembre 2019.- El gobernador de Oaxaca, Alejandro Murat Hinojosa tiene en\nsus manos promulgar, mediante su publicaci\u00f3n, las reformas al C\u00f3digo Penal\naprobadas el pasado mi\u00e9rcoles para que la despenalizaci\u00f3n del aborto hasta la\n12 semana sea ley. Por lo pronto ya fueron aprobadas en el Congreso del Estado.\n<\/p>\n\n\n\n<p class=\"wp-block-paragraph\">Las\nreformas colocaron a Oaxaca en el concierto internacional como una entidad que\nreconoce ese derecho humano de las mujeres. Y, un dato adicional, es que\ndespu\u00e9s de 12 a\u00f1os, ser\u00eda apenas la segunda entidad en todo el pa\u00eds en no\ncriminalizar la interrupci\u00f3n legal del embarazo hasta la 12 semana.<\/p>\n\n\n\n<p class=\"wp-block-paragraph\">Hay\nquienes apuestan que el mandatario oaxaque\u00f1o podr\u00eda vetar las reformas, es\ndecir, no publicar el decreto correspondiente. Mal har\u00eda Murat Hinojosa si\npretendiera cambiar la historia que ya se empez\u00f3 a escribir, a pesar de la\npresi\u00f3n que recibe por parte de las iglesias y organismos que dicen defender la\nvida. <\/p>\n\n\n\n<p class=\"wp-block-paragraph\">Los\ngrupos antiderechos que adem\u00e1s ejecutan a diestra y siniestra toda clase de\ninsultos, amenazas, elucubran acciones terribles como echar \u00e1cido a las\nfeministas y dan muestra de su \u201cpoder\u201d medi\u00e1tico en contra de ellas y de manera\nincisiva contra las diputadas morenistas que plantaron las iniciativas y luego\nlos dict\u00e1menes correspondientes, que fueron aprobados por 24 votos a favor y 10\nen contra en el Congreso local.<\/p>\n\n\n\n<p class=\"wp-block-paragraph\">La\nlucha por el derecho a decidir de las mujeres tiene una larga historia y una\nnegaci\u00f3n persistente desde los otros, los se\u00f1ores que detentan el mundo y todo\nlo que es diferente a ellos, lo que incluye a las mujeres. Un mundo que, por si\nno se han enterado, ya cambi\u00f3 y lo hizo tan r\u00e1pidamente que todav\u00eda enfrenta\nresistencias decimon\u00f3nicas, sobre todo, cuando se trata del cuerpo de las\nmujeres.<\/p>\n\n\n\n<p class=\"wp-block-paragraph\">Por\neso la respuesta festiva de las feministas, no s\u00f3lo de las oaxaque\u00f1as, sino de\ntodas las feministas del pa\u00eds, frente a la determinaci\u00f3n de la mayor\u00eda\nlegislativa de Oaxaca: se llama reconocimiento y eso da solidez a un movimiento\nque se renueva y profundiza cada d\u00eda frente a la multiplicidad de violencias\nque las mujeres, feministas o no, enfrentan en lo cotidiano.<\/p>\n\n\n\n<p class=\"wp-block-paragraph\">Lo\nque sucedi\u00f3 en esta tierra de Ju\u00e1rez es hoy motivo de reconocimiento, incluso\nde organismos internacionales, como la Organizaci\u00f3n de las Naciones Unidas, que\nponder\u00f3 lo ocurrido el 25 de septiembre y eso debe ser suficiente para que\nAlejandro Murat, ponga sobre una balanza lo que ganar\u00eda o lo que perder\u00eda si\ndecidiera no promulgar la reforma al C\u00f3digo Penal o hacer caso omiso frente a\nla reforma constitucional que falta. <\/p>\n\n\n\n<p class=\"wp-block-paragraph\">Ning\u00fan\ngobernante puede fijar su postura desde sus creencias personales. Esas deben\nquedar fuera en estos momentos considerando las condiciones de desigualdad\nsustantiva que cada d\u00eda enfrentan cientos de mujeres ind\u00edgenas y no ind\u00edgenas,\nprecariedades que cuestan la vida a las mujeres. De ah\u00ed que se plantee como un\nacto de justicia social para ellas.<\/p>\n\n\n\n<p class=\"wp-block-paragraph\">La\nmala noticia es que la pobreza, ese fen\u00f3meno que limita toda esperanza de\nmujeres y hombres no disminuye, sino por el contrario, crece en esta entidad, de\nacuerdo con datos de CONEVAL. La poblaci\u00f3n en pobreza en 2008 era del 61.8 por\nciento, en 2018 aument\u00f3 al 66.41 por ciento; aunque disminuy\u00f3 el porcentaje de\npoblaci\u00f3n en pobreza extrema, el fen\u00f3meno afecta a\u00fan en 2018 al 23.3 por ciento\nde la poblaci\u00f3n; en el mismo lapso casi se duplic\u00f3 la poblaci\u00f3n vulnerable por\ningresos, hasta 2018 el porcentaje era de 2.6 por ciento. <\/p>\n\n\n\n<p class=\"wp-block-paragraph\">Es\nimportante saber que en los indicadores de carencia social en 2018 tienen un\nreflejo real en la vida de las personas, en su d\u00eda a d\u00eda: hablamos de rezago\neducativo (27.1 %), acceso a los servicios de salud (16.3 %), acceso a la\nseguridad social (76.2 %), acceso a alimentaci\u00f3n (27.9 %), calidad y espacios a\nla vivienda (25.1 %) y acceso a los servicios b\u00e1sicos de la vivienda (58.3 %).<\/p>\n\n\n\n<p class=\"wp-block-paragraph\">De\nah\u00ed que eso de que no solo de pan vive la gente, no haga gracia a varios miles\nde personas. <\/p>\n\n\n\n<p class=\"wp-block-paragraph\">La\npobreza afecta a siete de cada 10 mujeres, adolescentes y ni\u00f1as (de acuerdo con\nla Secretar\u00eda de Desarrollo Social y Humano de Oaxaca). Estamos hablando de\nmujeres que no tienen oportunidades m\u00ednimas cuando enfrentan embarazos no\ndeseados, consecuencia \u00e9stos de la falta de informaci\u00f3n y educaci\u00f3n sexual,\ninadecuado acceso a servicios de salud reproductiva en instituciones p\u00fablicas,\nya no digamos atenci\u00f3n m\u00e9dica al menos a anticonceptivos (para no abortar) sino\ntambi\u00e9n de violencia sexual. Porque ni duda hay de que la mala condici\u00f3n\nfinanciera aumenta o quiz\u00e1 multiplica el riesgo para ellas.<\/p>\n\n\n\n<p class=\"wp-block-paragraph\">El\ndato, tambi\u00e9n oficial, de enero a agosto de 2019, los Servicios de Salud de\nOaxaca reportaron tres mil 500 embarazos entre j\u00f3venes menores de 18 a\u00f1os, 200\nde ellos correspondieron a menores de 15 a\u00f1os de edad.<\/p>\n\n\n\n<p class=\"wp-block-paragraph\">Nadie,\nen verdad, podr\u00eda pensar que esos embarazos son producto del amor rom\u00e1ntico,\nno. Se trata, para no generalizar, de una mayor\u00eda de actos de violencia sexual,\npara las que, hay que decirlo, no existe ning\u00fan tipo de justicia: ni social, ni\ncompensaci\u00f3n econ\u00f3mica, ni mucho menos la justicia de ver a sus agresores en la\nc\u00e1rcel, muchos de ellos integrantes de su propia familia (padre, abuelo, t\u00edos,\nhermanos, etc.). <\/p>\n\n\n\n<p class=\"wp-block-paragraph\">Un\nhecho delincuencial que se repite, que es parte de las pr\u00e1cticas o costumbres\nda\u00f1inas, que se han naturalizado y que muchas veces no ofende la moral de\ncuras, pastores, m\u00e9dicos, autoridades municipales o maestros de las comunidades\ndonde sucede. Donde todo es taparle el ojo al macho. Incluso, muchas de esas\nni\u00f1as son obligadas a dejar la escuela primaria, secundaria o preparatoria\nporque se convierten en malos ejemplos para el resto de sus compa\u00f1eras, como\nconstatamos en al menos dos poblaciones de la mixteca. A todas ellas, el estado\nles debe.<\/p>\n\n\n\n<p class=\"wp-block-paragraph\">Por\neso, nada tiene que ver lo que opinen los grupos antiderechos, ll\u00e1mense como se\nllamen, con la decisi\u00f3n que deben tomar, por un lado, el gobernador Alejandro\nMurat, y por el otro las y los legisladores para concretar dos asuntos\npendientes: en el Congreso la reforma constitucional al art\u00edculo 12 y en el\nEjecutivo la promulgaci\u00f3n de ambas reformas. Hacer lo contrario eso s\u00ed es no\ntener, por lo menos \u00e9tica y por lo m\u00e1s calidad humana.<\/p>\n\n\n\n<p class=\"wp-block-paragraph\">Quienes\ngobiernan deben saber, como dice la ONU, que el acceso al aborto seguro y\nlegal es fundamental para garantizar la autonom\u00eda, la igualdad y la salud\nf\u00edsica y mental de las mujeres. Y lo contrario es condenar a muchas de ellas,\nincluso ni\u00f1as, a morir en manos de \u201cprofesionales no calificados\u201d como tambi\u00e9n\nse\u00f1ala ese organismo internacional. De eso se trata, solo de eso.<\/p>\n","protected":false},"excerpt":{"rendered":"<p>Murat en la hora de la decisi\u00f3n<\/p>\n","protected":false},"author":3,"featured_media":8460,"comment_status":"open","ping_status":"open","sticky":false,"template":"","format":"standard","meta":{"_monsterinsights_skip_tracking":false,"footnotes":""},"categories":[690,96,75],"tags":[],"class_list":["post-12372","post","type-post","status-publish","format-standard","has-post-thumbnail","category-690","category-mujeres-y-politica","category-soledad-jarquin-edgar"],"_links":{"self":[{"href":"https:\/\/redsemlac.com\/semmexico\/wp-json\/wp\/v2\/posts\/12372","targetHints":{"allow":["GET"]}}],"collection":[{"href":"https:\/\/redsemlac.com\/semmexico\/wp-json\/wp\/v2\/posts"}],"about":[{"href":"https:\/\/redsemlac.com\/semmexico\/wp-json\/wp\/v2\/types\/post"}],"author":[{"embeddable":true,"href":"https:\/\/redsemlac.com\/semmexico\/wp-json\/wp\/v2\/users\/3"}],"replies":[{"embeddable":true,"href":"https:\/\/redsemlac.com\/semmexico\/wp-json\/wp\/v2\/comments?post=12372"}],"version-history":[{"count":0,"href":"https:\/\/redsemlac.com\/semmexico\/wp-json\/wp\/v2\/posts\/12372\/revisions"}],"wp:featuredmedia":[{"embeddable":true,"href":"https:\/\/redsemlac.com\/semmexico\/wp-json\/wp\/v2\/media\/8460"}],"wp:attachment":[{"href":"https:\/\/redsemlac.com\/semmexico\/wp-json\/wp\/v2\/media?parent=12372"}],"wp:term":[{"taxonomy":"category","embeddable":true,"href":"https:\/\/redsemlac.com\/semmexico\/wp-json\/wp\/v2\/categories?post=12372"},{"taxonomy":"post_tag","embeddable":true,"href":"https:\/\/redsemlac.com\/semmexico\/wp-json\/wp\/v2\/tags?post=12372"}],"curies":[{"name":"wp","href":"https:\/\/api.w.org\/{rel}","templated":true}]}}