{"id":12363,"date":"2019-09-28T18:04:01","date_gmt":"2019-09-28T18:04:01","guid":{"rendered":"https:\/\/redsemlac.com\/semmexico\/?p=12363"},"modified":"2023-07-21T15:11:31","modified_gmt":"2023-07-21T20:11:31","slug":"oaxaca-60","status":"publish","type":"post","link":"https:\/\/redsemlac.com\/semmexico\/oaxaca-60\/","title":{"rendered":"Rosario Serrano, una joven madrina de la Vela Diidxazaa"},"content":{"rendered":"\n<p class=\"wp-block-paragraph\"><strong>* La vela de\nla istme\u00f1a Ciudad Ixtepec<\/strong><\/p>\n\n\n\n<p class=\"wp-block-paragraph\"><strong>* El verde\ncolor significativo para mujeres oaxaque\u00f1as<\/strong><\/p>\n\n\n\n<p class=\"wp-block-paragraph\"><strong>Soledad\nJarqu\u00edn Edgar<\/strong><\/p>\n\n\n\n<p class=\"wp-block-paragraph\">SemM\u00e9xico, Oaxaca, 28 septiembre 2019.- Rosario\nSerrano Villalobos madrina de la Vela Diidxazaa, dedicada al santo patrono del\nmunicipio de Ciudad Ixtepec, San Jer\u00f3nimo Doctor, escogi\u00f3 el color verde para\nlas faldas de sus 30 damas, por ser un color fresco y por ser significativo\npara las mujeres de Oaxaca.<\/p>\n\n\n\n<p class=\"wp-block-paragraph\">La fiesta, instaurada hace tres d\u00e9cadas, es una\nreuni\u00f3n, un encuentro entre familias y amistades, que busca preservar una\ntradici\u00f3n emblem\u00e1tica para las comunidades istme\u00f1as.<\/p>\n\n\n\n<figure class=\"wp-block-video\"><video height=\"352\" style=\"aspect-ratio: 640 \/ 352;\" width=\"640\" controls src=\"https:\/\/redsemlac.com\/semmexico\/wp-content\/uploads\/2019\/09\/WhatsApp-Video-2019-09-27-at-10.53.53-PM-1.mp4\"><\/video><\/figure>\n\n\n\n<p class=\"wp-block-paragraph\">Rosario Serrano Villalobos de 26 a\u00f1os, locutora de\nprofesi\u00f3n, se prepar\u00f3 durante varios meses para hacer frente al compromiso, que\nentra\u00f1a para ella preservar la costumbre de un pueblo ancestral, fundado por\nzapotecas en el siglo XVI.<\/p>\n\n\n\n<p class=\"wp-block-paragraph\">Dice que, a diferencia de otras velas de la regi\u00f3n\nistme\u00f1a, donde estas fiestas patronales son presididas por reinas, un concepto\ncontempor\u00e1neo, en la vela que representa, es una madrina la que encabeza la\nfiesta donde la vestimenta, la comida y la m\u00fasica son orgullosamente del lugar.<\/p>\n\n\n\n<p class=\"wp-block-paragraph\">Diidxazaa, vocablo zapoteca, que en castellano es\nGente de Antes, tiene en su madrina una joven comprometida con sus tradiciones,\nque no deja de lado sus convicciones, por eso el color verde.<\/p>\n\n\n\n<p class=\"wp-block-paragraph\">Hace mes y medio, se reuni\u00f3 con las 30 mujeres y\nni\u00f1as para entregarles a cada una su tela, chocolate y pan de manteca y como es\nla costumbre, planearon el protocolo tal como lo aprendi\u00f3 de su madre y de sus\nabuelas, porque, aunque la Vela Diidxazaa, 23 de septiembre, tiene tres\nd\u00e9cadas, desde sus ancestras aprendieron las tradiciones para honrar a su santo\npatr\u00f3n.<\/p>\n\n\n\n<ul class=\"wp-block-gallery columns-2 is-cropped wp-block-gallery-1 is-layout-flex wp-block-gallery-is-layout-flex\"><li class=\"blocks-gallery-item\"><figure><img decoding=\"async\" src=\"https:\/\/redsemlac.com\/semmexico\/wp-content\/uploads\/2019\/09\/WhatsApp-Image-2019-09-28-at-12.00.38-PM-1024x682.jpeg\" alt=\"\" data-id=\"12368\" data-link=\"https:\/\/redsemlac.com\/semmexico\/?attachment_id=12368\" class=\"wp-image-12368\"\/><\/figure><\/li><li class=\"blocks-gallery-item\"><figure><img loading=\"lazy\" decoding=\"async\" width=\"960\" height=\"640\" src=\"https:\/\/redsemlac.com\/semmexico\/wp-content\/uploads\/2019\/09\/WhatsApp-Image-2019-09-27-at-10.55.39-PM.jpeg\" alt=\"\" data-id=\"12366\" data-link=\"https:\/\/redsemlac.com\/semmexico\/?attachment_id=12366\" class=\"wp-image-12366\"\/><\/figure><\/li><li class=\"blocks-gallery-item\"><figure><img decoding=\"async\" src=\"https:\/\/redsemlac.com\/semmexico\/wp-content\/uploads\/2019\/09\/WhatsApp-Image-2019-09-27-at-10.55.09-PM-1024x682.jpeg\" alt=\"\" data-id=\"12365\" data-link=\"https:\/\/redsemlac.com\/semmexico\/?attachment_id=12365\" class=\"wp-image-12365\"\/><\/figure><\/li><\/ul>\n\n\n\n<p class=\"wp-block-paragraph\">Esta peculiar y alegre forma de pasar la historia,\ncomo dice \u201cCharito\u201d Serrano, est\u00e1 llena de sorpresas, como la entrega de la\nlimosna o cooperaci\u00f3n de vecinos, socios y familiares que desde d\u00edas antes\nllevan hasta su casa para que la botana istme\u00f1a no falte.<\/p>\n\n\n\n<p class=\"wp-block-paragraph\">El 22 de septiembre por la tarde noche inicia la\ncalenda. Las mujeres se ponen sus huipiles de bordados con coloridas flores,\nas\u00ed como sus faldas, rabonas o enaguas.<\/p>\n\n\n\n<p class=\"wp-block-paragraph\">Sali\u00f3 de su casa con su familia y sus damas, por las\ncalles se fueron encontrando con otros grupos de personas que se iban uniendo a\neste recorrido, con los toritos y marmotas as\u00ed como con pendones y la imagen de\nSan Jer\u00f3nimo Doctor, acompa\u00f1adas de la banda de m\u00fasica y cohetones. Esta\ncalenda es solo el anuncio de que la Vela Diidxazaa, se realizar\u00e1 al d\u00eda\nsiguiente.<\/p>\n\n\n\n<p class=\"wp-block-paragraph\">Cerca del palacio municipal, en un espacio abiero,\nla gente se re\u00fane a quemar los toritos y el castillo, se baila y bebe\nchingorolo \u2013una potente bomba de mezcal y licores mezclados-, hasta muy noche.<\/p>\n\n\n\n<p class=\"wp-block-paragraph\">Al d\u00eda siguiente, el 23 de septiembre, el sal\u00f3n se\nadorna; se instalan los puestos de socios que acarrean su botana; chiles\nrellenos, tamales de cambray, bolitas de queso, conitos de frijol, camar\u00f3n\nseco, totopos y queso.<\/p>\n\n\n\n<p class=\"wp-block-paragraph\">Rosario, Charito, empez\u00f3 a prepararse desde la misma\ntarde, para recibir a los invitados que llegan al filo de las 10 de la noche.\nCuando todos est\u00e1n instalados ingresan las damas, quienes haciendo una valla,\nse preparan y ella entra, empuja su silla de ruedas al ritmo del son que tocan,\nla acompa\u00f1an algunos j\u00f3venes.<\/p>\n\n\n\n<p class=\"wp-block-paragraph\">Es la vestimenta de las istme\u00f1as un reflejo del\nesplendor de sus pueblos. As\u00ed se muestra Rosario, con sus flecos de hilos de\noro, colgando sobre el huipil verde, junto con dos ahogadores (collares de los\nque cuelgan centenarios y monedas de oro), las flores sobre el pelo, peinados\nantiguos de Ciudad Ixtepec, sus pulseras y anillos, \u201cprestamos\u201d de su madre y\nde sus abuelas.<\/p>\n\n\n\n<p class=\"wp-block-paragraph\">El presidente municipal Rogelio Chen L\u00f3pez, la\npresenta, le coloca la banda de la Vela Diidxazaa 2019 y le entregan una flor\nde Stagabe\u00f1e o flor de Loto, hecha con papel y tela.<\/p>\n\n\n\n<p class=\"wp-block-paragraph\">Ella agradece ser la madrina de la grandiosa vela y\nrevela en su breve discurso el orgullo de ser una mujer jerome\u00f1a. A su madre\n(Rosario Villalobos Rueda) le agradece haber labrado sus pies en esa tierra,\nque es suya.<\/p>\n\n\n\n<p class=\"wp-block-paragraph\">\u201cUnidos como pueblo, como comunidad, cualquier\ndesastre es m\u00ednimo\u201d, dice, refiri\u00e9ndose a los estragos que hace apenas dos a\u00f1os\ndej\u00f3 en la comunidad el temblor de 8,2 grados, aquel 8 de septiembre.<\/p>\n\n\n\n<p class=\"wp-block-paragraph\">Rosario, Charito Serrano Villalobos ha cumplido la\nencomienda. La fiesta sigue.<\/p>\n\n\n\n<p class=\"wp-block-paragraph\">SEM\/sj<\/p>\n","protected":false},"excerpt":{"rendered":"<p>La vela de la istme\u00f1a Ciudad Ixtepec<\/p>\n","protected":false},"author":3,"featured_media":12367,"comment_status":"open","ping_status":"open","sticky":false,"template":"","format":"standard","meta":{"_monsterinsights_skip_tracking":false,"footnotes":""},"categories":[690,54],"tags":[],"class_list":["post-12363","post","type-post","status-publish","format-standard","has-post-thumbnail","category-690","category-mujeres"],"_links":{"self":[{"href":"https:\/\/redsemlac.com\/semmexico\/wp-json\/wp\/v2\/posts\/12363","targetHints":{"allow":["GET"]}}],"collection":[{"href":"https:\/\/redsemlac.com\/semmexico\/wp-json\/wp\/v2\/posts"}],"about":[{"href":"https:\/\/redsemlac.com\/semmexico\/wp-json\/wp\/v2\/types\/post"}],"author":[{"embeddable":true,"href":"https:\/\/redsemlac.com\/semmexico\/wp-json\/wp\/v2\/users\/3"}],"replies":[{"embeddable":true,"href":"https:\/\/redsemlac.com\/semmexico\/wp-json\/wp\/v2\/comments?post=12363"}],"version-history":[{"count":0,"href":"https:\/\/redsemlac.com\/semmexico\/wp-json\/wp\/v2\/posts\/12363\/revisions"}],"wp:featuredmedia":[{"embeddable":true,"href":"https:\/\/redsemlac.com\/semmexico\/wp-json\/wp\/v2\/media\/12367"}],"wp:attachment":[{"href":"https:\/\/redsemlac.com\/semmexico\/wp-json\/wp\/v2\/media?parent=12363"}],"wp:term":[{"taxonomy":"category","embeddable":true,"href":"https:\/\/redsemlac.com\/semmexico\/wp-json\/wp\/v2\/categories?post=12363"},{"taxonomy":"post_tag","embeddable":true,"href":"https:\/\/redsemlac.com\/semmexico\/wp-json\/wp\/v2\/tags?post=12363"}],"curies":[{"name":"wp","href":"https:\/\/api.w.org\/{rel}","templated":true}]}}