{"id":12351,"date":"2019-09-28T04:28:48","date_gmt":"2019-09-28T04:28:48","guid":{"rendered":"https:\/\/redsemlac.com\/semmexico\/?p=12351"},"modified":"2023-07-21T15:11:31","modified_gmt":"2023-07-21T20:11:31","slug":"silencios-de-olga-sanchez-cordero-ante-el-senado","status":"publish","type":"post","link":"https:\/\/redsemlac.com\/semmexico\/silencios-de-olga-sanchez-cordero-ante-el-senado\/","title":{"rendered":"Silencios de Olga S\u00e1nchez Cordero ante el Senado"},"content":{"rendered":"\n<p class=\"wp-block-paragraph\"><strong>* Asiste a la Glosa del Informe: de\npol\u00edtica de g\u00e9nero, casi nada<\/strong><\/p>\n\n\n\n<p class=\"wp-block-paragraph\"><strong>* Cuestionada en asamblea\nsemivac\u00eda; la califican como \u201cambiente feminista\u201d<\/strong><\/p>\n\n\n\n<p class=\"wp-block-paragraph\"><strong>Sara Lovera<\/strong><\/p>\n\n\n\n<p class=\"wp-block-paragraph\">SemM\u00e9xico, Cd.\nde M\u00e9xico, 27 septiembre 2019.- La violencia contra las mujeres es un problema\nde la intimidad de las parejas, se fortalecer\u00e1n los Centros de Justicia;\nsilencio frente al embarazo infantil y adolescente y abuso sexual que ha\ncrecido 300 por ciento; Gobernaci\u00f3n est\u00e1 firme, ya que \u201cla pol\u00edtica interior de este pa\u00eds tendr\u00e1 una visi\u00f3n distinta: la de los\nojos de una mujer\u201d, dijo Olga S\u00e1nchez Cordero, quien tambi\u00e9n guard\u00f3 largos\nsilencios frente a los y las senadoras este jueves.<\/p>\n\n\n\n<p class=\"wp-block-paragraph\">En un ambiente calificado por algunos\nmedios como \u201cfeminista\u201d, con una asamblea \u201csemivac\u00eda\u201d, rodeada de la mesa\ndirectiva del Senado, con mayor\u00eda femenina, vinieron los cuestionamientos sobre\nla pol\u00edtica de g\u00e9nero de muy variadas formas a la que ella respondi\u00f3 con subterfugios.\nDe la violencia contra las mujeres dijo que es, si federal, pero deben\nresponder los municipios y el ambiente familiar.<\/p>\n\n\n\n<p class=\"wp-block-paragraph\">Tambi\u00e9n se le pidi\u00f3 un pronunciamiento\nsobre el respeto al Estado laico, luego de que una cartilla moral circula en el\npa\u00eds gracias a la distribuci\u00f3n de grupos evang\u00e9licos.<\/p>\n\n\n\n<p class=\"wp-block-paragraph\">Olga S\u00e1nchez Cordero, con una historia\n\u201cimpecable\u201d, es la primera mujer encargada de la pol\u00edtica interior en 194 a\u00f1os.\nNo respondi\u00f3 nada sobre la Interrupci\u00f3n Legal del Embarazo (ILE), no obstante,\nlos 300 mil nacimientos de nuevos seres humanos, con madres de menos de 15\na\u00f1os. Y habl\u00f3, s\u00ed, de la participaci\u00f3n pol\u00edtica de las mujeres, s\u00f3lo al\nreferirse a los avances de la pluralidad democr\u00e1tica.<\/p>\n\n\n\n<p class=\"wp-block-paragraph\">En la apertura de la glosa del primer\ninforme del presidente Andr\u00e9s Manuel L\u00f3pez Obrador, escuch\u00f3 muchos\nreconocimientos y respetos. Ah\u00ed, hablaron cuatro senadoras en nombre de sus\nbancadas, varias de ellas se refirieron al feminicido, de la inseguridad, de la\nsalud, de la educaci\u00f3n y de la pol\u00edtica favorable a las mujeres desde\nGobernaci\u00f3n.<\/p>\n\n\n\n<figure class=\"wp-block-image\"><img loading=\"lazy\" decoding=\"async\" width=\"750\" height=\"512\" src=\"https:\/\/redsemlac.com\/semmexico\/wp-content\/uploads\/2019\/09\/nota-sara-3-1.jpg\" alt=\"\" class=\"wp-image-12354\"\/><\/figure>\n\n\n\n<p class=\"wp-block-paragraph\">Pero s\u00f3lo una senadora, Patricia Mercado\nCastro, del grupo parlamentario de Movimiento Ciudadano, habl\u00f3 de la ILE, a\nS\u00e1nchez Cordero se le cuestion\u00f3 si Gobernaci\u00f3n, por ser ella mujer, perdi\u00f3 peso\npol\u00edtico y poco se dijo del presupuesto disminuido para la salud y algunos\nprogramas integrales. Hubo qui\u00e9n, le cuestion\u00f3 el papel de la Guardia Nacional\ny la seguridad de las mujeres, \u201cporque han aumentado las violaciones\u201d.<\/p>\n\n\n\n<figure class=\"wp-block-image\"><img decoding=\"async\" src=\"https:\/\/redsemlac.com\/semmexico\/wp-content\/uploads\/2019\/09\/nota-sara-7-1024x682.jpg\" alt=\"\" class=\"wp-image-12358\"\/><\/figure>\n\n\n\n<p class=\"wp-block-paragraph\">La m\u00e1s directa respecto de la violencia de\ng\u00e9nero fue Ver\u00f3nica Delgadillo Garc\u00eda, del partido Movimiento Ciudadano, cuando\npregunt\u00f3 \u00bfPor qu\u00e9 este gobierno ha decidido callar frente a\nlos feminicidios? \u00bfPor qu\u00e9 se ha hablado m\u00e1s de b\u00e9isbol que de la violencia que\ntodos los d\u00edas nos arrebata la vida de nueve de nosotras? y afirm\u00f3 que el Senado\nha exigido que se declare una alerta de g\u00e9nero nacional. Silencio. <\/p>\n\n\n\n<figure class=\"wp-block-image\"><img decoding=\"async\" src=\"https:\/\/redsemlac.com\/semmexico\/wp-content\/uploads\/2019\/09\/nota-sara-6-1024x682.jpg\" alt=\"\" class=\"wp-image-12357\"\/><\/figure>\n\n\n\n<p class=\"wp-block-paragraph\">La senadora Patricia Mercado Castro le\npregunt\u00f3: \u00bfQu\u00e9 hace la SEGOB para resolver esas fallas institucionales que\ndejan a las ni\u00f1as y adolescentes sin el derecho a interrumpir esos embarazos\n(por violaci\u00f3n) bajo la protecci\u00f3n del Estado, tal como lo establece la NOM-046\ny valid\u00f3 recientemente la Suprema Corte? \u00bfCu\u00e1les son las acciones inmediatas\npara cumplir la meta de reducir en 50 por ciento la fecundidad adolescente y\nerradicar el embarazo infantil para el a\u00f1o 2030?.&nbsp;<\/p>\n\n\n\n<p class=\"wp-block-paragraph\">Mercado lo dijo precisamente en el D\u00eda\nMundial de la Prevenci\u00f3n del Embarazo en adolescentes y refiri\u00f3 que, en 2018,\n416 ni\u00f1as de entre 10 y 12 a\u00f1os fueron madres y pese a que el embarazo de\nadolescentes entre 15 y 17 a\u00f1os ha disminuido, no as\u00ed entre las de 10 y 14 a\u00f1os,\ngrupo etario en el que ha aumentado; a la par, las denuncias de abuso sexual\nhan crecido 300 por ciento en seis a\u00f1os.<\/p>\n\n\n\n<p class=\"wp-block-paragraph\">Patricia Mercado Castro y la tambi\u00e9n\nsenadora Beatriz Paredes Rangel plantearon claramente si habr\u00e1 respeto al\nEstado laico. Paredes Rangel tom\u00f3 la tribuna en representaci\u00f3n de la bancada\ndel Partido Revolucionario Institucional (PRI) y le dijo, sin ambages, que\nnuestro Estado es un Estado laico, como Estado laico \u201cexigimos que a Ju\u00e1rez no\ns\u00f3lo se le mencione ret\u00f3ricamente. Me alienta que al t\u00e9rmino de su intervenci\u00f3n\nusted ratificara su convicci\u00f3n juarista y su compromiso con el Estado laico.\nPor eso, rechazamos la participaci\u00f3n de las iglesias en cualquier tipo de\ndistribuci\u00f3n de instrumentos del gobierno y exigimos que no se coquetee con la\nposibilidad de darles concesiones a las iglesias en los medios de comunicaci\u00f3n\nmasiva\u201d.<\/p>\n\n\n\n<p class=\"wp-block-paragraph\">La senadora Mercado Castro expres\u00f3 su\npreocupaci\u00f3n ante los reportes de que asociaciones religiosas participar\u00edan en\nla distribuci\u00f3n de la Cartilla Moral y cuestion\u00f3 los lineamientos que se\nutilizar\u00e1n para que no se vulneren los principios de laicidad del Estado y la\nseparaci\u00f3n entre el Estado y la iglesia.<\/p>\n\n\n\n<p class=\"wp-block-paragraph\">La Secretaria de Gobernaci\u00f3n, encargada a\ntrav\u00e9s de la Comisi\u00f3n Nacional de Prevenci\u00f3n y Erradicaci\u00f3n de la Violencia\ncontra las Mujeres (CONAVIM), fue cuestionada por las legisladoras sobre la\nestrategia del gobierno ante el aumento de los feminicidios y la violencia\ncontra las mujeres. <\/p>\n\n\n\n<figure class=\"wp-block-image\"><img loading=\"lazy\" decoding=\"async\" width=\"750\" height=\"535\" src=\"https:\/\/redsemlac.com\/semmexico\/wp-content\/uploads\/2019\/09\/nota-sara-4-1.jpg\" alt=\"\" class=\"wp-image-12355\"\/><\/figure>\n\n\n\n<p class=\"wp-block-paragraph\">Ver\u00f3nica Quintanilla Garc\u00eda le aport\u00f3 los\ndatos: en los primeros ocho meses del a\u00f1o la cifra de feminicidios aument\u00f3 4.4\npor ciento, luego que dos mil 504 mujeres fueran asesinadas, seg\u00fan datos del\nSecretariado Ejecutivo del Sistema Nacional de Seguridad P\u00fablica (SESNSP).<\/p>\n\n\n\n<p class=\"wp-block-paragraph\">S\u00e1nchez Cordero, en su discurso, al\nreferirse al pluralismo dijo que se hace \u201ccon prudencia, con respeto a los\ndem\u00e1s, sin subir la voz ni usar palabras altisonantes que agravien a nuestros\ninterlocutores, a los que respetamos sin distinci\u00f3n de g\u00e9nero, partido\npol\u00edtico, religi\u00f3n, ideolog\u00eda o condici\u00f3n socioecon\u00f3mica\u201d, s\u00f3lo entonces\nmencion\u00f3 la palabra g\u00e9nero.<\/p>\n\n\n\n<p class=\"wp-block-paragraph\">Y de las mujeres en la pol\u00edtica, dijo que\neso, el pluralismo lo ve con optimismo\u201d. Veo que por fin se empieza a ser\nrealidad, en M\u00e9xico y en el mundo, la tesis de la ex presidenta de Chile,\nMichelle Bachelet, hoy Alta Comisionada de las Naciones Unidas de los Derechos\nHumanos: \u201csi una mujer entra a la pol\u00edtica, cambia la mujer; si muchas mujeres\nentran a la pol\u00edtica, cambia la pol\u00edtica\u201d.<\/p>\n\n\n\n<ul class=\"wp-block-gallery columns-2 is-cropped wp-block-gallery-1 is-layout-flex wp-block-gallery-is-layout-flex\"><li class=\"blocks-gallery-item\"><figure><img decoding=\"async\" src=\"https:\/\/redsemlac.com\/semmexico\/wp-content\/uploads\/2019\/09\/nota-sara-5-1024x682.jpg\" alt=\"\" data-id=\"12356\" data-link=\"https:\/\/redsemlac.com\/semmexico\/?attachment_id=12356\" class=\"wp-image-12356\"\/><\/figure><\/li><li class=\"blocks-gallery-item\"><figure><img loading=\"lazy\" decoding=\"async\" width=\"870\" height=\"522\" src=\"https:\/\/redsemlac.com\/semmexico\/wp-content\/uploads\/2019\/09\/nota-sara-2-1.jpg\" alt=\"\" data-id=\"12353\" data-link=\"https:\/\/redsemlac.com\/semmexico\/?attachment_id=12353\" class=\"wp-image-12353\"\/><\/figure><\/li><\/ul>\n\n\n\n<p class=\"wp-block-paragraph\">La senadora y coordinadora del Grupo Parlamentario\ndel Partido del Trabajo (PT), Geovanna Ba\u00f1uelos de la Torre, tambi\u00e9n habl\u00f3 de\nlas mujeres y reconoci\u00f3 las acciones\nemprendidas por la SEGOB en la estrategia en defensa de las mujeres.&nbsp;Dijo\nque es acertada la instalaci\u00f3n de comisiones para erradicar el delito de trata\nde personas, en el que las ni\u00f1as y mujeres son las m\u00e1s vulnerables, como la\npornograf\u00eda y prostituci\u00f3n. Tanto como la implementaci\u00f3n de la Iniciativa\n#SpotlightMX, para prevenir y eliminar el feminicidio en M\u00e9xico.<\/p>\n\n\n\n<p class=\"wp-block-paragraph\">Y al final de su intervenci\u00f3n, luego de quejarse de\nla falta de coordinaci\u00f3n entre esa Secretar\u00eda y el Senado, cuestion\u00f3: \u00bfqu\u00e9\ngarant\u00edas ofrece la Secretar\u00eda de Gobernaci\u00f3n para que las autoridades respeten\nlos derechos humanos y, en caso de alguna violaci\u00f3n grave, se sancione y se\notorgue la reparaci\u00f3n integral del da\u00f1o?<\/p>\n\n\n\n<p class=\"wp-block-paragraph\">La senadora panista, Kenya L\u00f3pez Rabad\u00e1n, fue quien\nhizo notar que en 194 a\u00f1os S\u00e1nchez Cordero es la primera Secretaria de\nGobernaci\u00f3n, entidad responsable de la gobernabilidad en el pa\u00eds. \u201cLas mujeres hemos dejado de ser floreros\u2026 para convertirnos en decisoras\u201d,\ndijo, para luego insinuar que la SEGOB perdi\u00f3 importancia en este sexenio. \u201cLe\napostamos a que este gobierno no s\u00f3lo le d\u00e9 el cargo, sino tambi\u00e9n la respete\nen el ejercicio del poder\u201d.<\/p>\n\n\n\n<p class=\"wp-block-paragraph\">Luego urgi\u00f3 a que Gobernaci\u00f3n \u201cd\u00e9 respuesta a las v\u00edctimas de\nviolaciones de derechos humanos, a los migrantes, a los desplazados, a los\nperiodistas, a los defensores de derechos humanos y tambi\u00e9n a los refugiados, a\nlos mexicanos que hoy viven lamentables consecuencias en un pa\u00eds inseguro, en\nd\u00f3nde te secuestran, violan o asesinan sin que haya consecuencias. <\/p>\n\n\n\n<p class=\"wp-block-paragraph\">\u00bfC\u00f3mo es posible, se\u00f1ora secretaria, que ahora la pol\u00edtica migratoria\nsea un asunto inminente de pol\u00edtica interior, pero sea conducido desde la\nSecretar\u00eda de Relaciones Exteriores, s\u00f3lo para complacer las exigencias de\nEstados Unidos? \u00bfC\u00f3mo es que no ejerce Gobernaci\u00f3n las atribuciones que\nlegalmente le corresponden? Por ello, \u201cla necesitamos fuerte para que se tomen\ndecisiones de Estado y no decisiones electorales, dijo la senadora de Acci\u00f3n\nNacional.<\/p>\n\n\n\n<p class=\"wp-block-paragraph\">Luego le record\u00f3 que a ella le preocupan los feminicidios, \u201cpero la\nverdad es que con este gobierno los feminicidios, lamentablemente, tambi\u00e9n han\naumentado\u201d; habl\u00f3 de los asesinatos de periodistas y le manifest\u00f3 directamente\nsu preocupaci\u00f3n de que \u201cdesde la Secretar\u00eda de Gobernaci\u00f3n se est\u00e9 pactando con\nel crimen organizado\u201d.<\/p>\n\n\n\n<p class=\"wp-block-paragraph\">S\u00e1nchez Cordero respondi\u00f3, en la segunda intervenci\u00f3n, que no es con el\ncrimen organizado con quien se habla, sino con grupos de autodefensa.<\/p>\n\n\n\n<p class=\"wp-block-paragraph\"><strong>Ambiente de mujeres<\/strong><\/p>\n\n\n\n<p class=\"wp-block-paragraph\">S\u00ed, el ambiente era de mujeres, ellas\nson el 49 por ciento en el Senado de la Rep\u00fablica, tal vez por ello en el\nmomento en que habl\u00f3 la senadora Beatriz Paredes Rangel, la presidenta de la\nmesa directiva, M\u00f3nica Fern\u00e1ndez Balboa, propuso: \u201cQuiero\naprovechar esto para que nos tomen una foto, porque ahora estamos las siete\nmujeres y la oradora (Beatriz Paredes)\u201d, y la ministra en retiro Olga S\u00e1nchez\nCordero, as\u00ed como a las otras senadoras que forman parte de la mesa directiva.<\/p>\n\n\n\n<p class=\"wp-block-paragraph\">Al final de la comparecencia, la presidenta\nde la mesa directiva la despidi\u00f3 as\u00ed:<\/p>\n\n\n\n<p class=\"wp-block-paragraph\">\u201cUsted es una muestra viva de que la lucha\ntenaz de las mujeres, obtiene reconocimiento merecido, a la preparaci\u00f3n, el\ntes\u00f3n y la constancia\u201d.<\/p>\n\n\n\n<figure class=\"wp-block-image\"><img decoding=\"async\" src=\"https:\/\/redsemlac.com\/semmexico\/wp-content\/uploads\/2019\/09\/nota-sara-8-1024x749.jpeg\" alt=\"\" class=\"wp-image-12359\"\/><\/figure>\n\n\n\n<p class=\"wp-block-paragraph\">Luego de exaltar sus credenciales, le dijo\na la titular de Gobernaci\u00f3n: \u201creiteramos la val\u00eda e importancia de su presencia\nen este recinto. Reafirmarnos la trascendencia de la participaci\u00f3n de las\nmujeres en la vida p\u00fablica de M\u00e9xico, resaltando especialmente que la apertura\nde estos espacios a mujeres altamente preparadas y destacadas; enaltece y\ndignifica nuestra lucha por la paridad de g\u00e9nero\u201d.<\/p>\n\n\n\n<p class=\"wp-block-paragraph\">SEM\/sl\/sj<\/p>\n","protected":false},"excerpt":{"rendered":"<p>Asiste a la Glosa del Informe: de pol\u00edtica de g\u00e9nero, casi nada.<\/p>\n","protected":false},"author":3,"featured_media":12352,"comment_status":"open","ping_status":"open","sticky":false,"template":"","format":"standard","meta":{"_monsterinsights_skip_tracking":false,"footnotes":""},"categories":[690,50],"tags":[],"class_list":["post-12351","post","type-post","status-publish","format-standard","has-post-thumbnail","category-690","category-congreso"],"_links":{"self":[{"href":"https:\/\/redsemlac.com\/semmexico\/wp-json\/wp\/v2\/posts\/12351","targetHints":{"allow":["GET"]}}],"collection":[{"href":"https:\/\/redsemlac.com\/semmexico\/wp-json\/wp\/v2\/posts"}],"about":[{"href":"https:\/\/redsemlac.com\/semmexico\/wp-json\/wp\/v2\/types\/post"}],"author":[{"embeddable":true,"href":"https:\/\/redsemlac.com\/semmexico\/wp-json\/wp\/v2\/users\/3"}],"replies":[{"embeddable":true,"href":"https:\/\/redsemlac.com\/semmexico\/wp-json\/wp\/v2\/comments?post=12351"}],"version-history":[{"count":0,"href":"https:\/\/redsemlac.com\/semmexico\/wp-json\/wp\/v2\/posts\/12351\/revisions"}],"wp:featuredmedia":[{"embeddable":true,"href":"https:\/\/redsemlac.com\/semmexico\/wp-json\/wp\/v2\/media\/12352"}],"wp:attachment":[{"href":"https:\/\/redsemlac.com\/semmexico\/wp-json\/wp\/v2\/media?parent=12351"}],"wp:term":[{"taxonomy":"category","embeddable":true,"href":"https:\/\/redsemlac.com\/semmexico\/wp-json\/wp\/v2\/categories?post=12351"},{"taxonomy":"post_tag","embeddable":true,"href":"https:\/\/redsemlac.com\/semmexico\/wp-json\/wp\/v2\/tags?post=12351"}],"curies":[{"name":"wp","href":"https:\/\/api.w.org\/{rel}","templated":true}]}}