{"id":12348,"date":"2019-09-28T04:11:52","date_gmt":"2019-09-28T04:11:52","guid":{"rendered":"https:\/\/redsemlac.com\/semmexico\/?p=12348"},"modified":"2023-07-21T15:11:31","modified_gmt":"2023-07-21T20:11:31","slug":"todos-los-estados-deben-garantizar-el-aborto-seguro-y-legal-onu","status":"publish","type":"post","link":"https:\/\/redsemlac.com\/semmexico\/todos-los-estados-deben-garantizar-el-aborto-seguro-y-legal-onu\/","title":{"rendered":"Todos los Estados deben garantizar el aborto seguro y legal: ONU"},"content":{"rendered":"\n<p class=\"wp-block-paragraph\"><strong>* Es <\/strong><strong>una cuesti\u00f3n de derechos humanos, dicen expertos <\/strong><\/p>\n\n\n\n<p class=\"wp-block-paragraph\"><strong>* Abortos inseguros\nprovocan la muerte evitable de al menos 22 mil mujeres<\/strong><strong><\/strong><\/p>\n\n\n\n<p class=\"wp-block-paragraph\"><strong>Redacci\u00f3n<\/strong><\/p>\n\n\n\n<p class=\"wp-block-paragraph\">SemM\u00e9xico, Ginebra, 27\nseptiembre 2019.- Como un servicio\nesencial de salud reproductiva para mujeres y ni\u00f1as, el acceso al aborto seguro\ny legal es fundamental para garantizar su derecho fundamental a la autonom\u00eda,\nla igualdad y la salud f\u00edsica y mental.<\/p>\n\n\n\n<p class=\"wp-block-paragraph\">Se\u00f1alan expertos en\nderechos humanos de la Organizaci\u00f3n de las Naciones Unidas (ONU) al emitir una\ndeclaraci\u00f3n con motivo del D\u00eda Internacional del Aborto Seguro, que se conmemora\neste 28 de septiembre:<\/p>\n\n\n\n<p class=\"wp-block-paragraph\">La negaci\u00f3n del\nacceso a un aborto seguro y legal lleva la prestaci\u00f3n de servicios a las manos\nde profesionales no calificados y exacerba los riesgos para la salud y la\nseguridad de las mujeres afectadas, en forma de lesiones y muerte relacionadas\ncon el embarazo.&nbsp;Se estima que cada a\u00f1o se realizan 25 millones de abortos\ninseguros, que causan la muerte evitable de aproximadamente 22,000 mujeres,\ncasi todas en pa\u00edses en desarrollo.<\/p>\n\n\n\n<p class=\"wp-block-paragraph\">Siete millones de\nmujeres y ni\u00f1as sufren lesiones que resultan en discapacidad e\ninfertilidad.&nbsp;En contraste, los pa\u00edses donde las mujeres tienen el derecho\nefectivo al aborto a pedido, con el apoyo de medidas de planificaci\u00f3n familiar\nasequibles y efectivas, tienen las tasas de aborto m\u00e1s bajas.<\/p>\n\n\n\n<p class=\"wp-block-paragraph\">En demasiados\nEstados, el aborto todav\u00eda est\u00e1 criminalizado o no es accesible en la pr\u00e1ctica,\nincluso donde es legal.&nbsp;Algunas mujeres enfrentan encarcelamiento por la\ndecisi\u00f3n de interrumpir un embarazo, incluso cuando su propia salud est\u00e1 en\nriesgo.&nbsp;Algunas est\u00e1n encarceladas por casos de aborto espont\u00e1neo.&nbsp;<\/p>\n\n\n\n<p class=\"wp-block-paragraph\">De acuerdo con las\nnormas internacionales de derechos humanos, los Estados tienen la obligaci\u00f3n de\nabstenerse del uso del derecho penal para castigar a las mujeres por\ninterrumpir un embarazo, as\u00ed como de derogar leyes y pol\u00edticas restrictivas que\nponen en riesgo la salud, la seguridad y la vida de las mujeres y las ni\u00f1as.&nbsp;<\/p>\n\n\n\n<p class=\"wp-block-paragraph\">Los estados deben\ngarantizar el acceso a servicios de aborto legal, seguro y asequible y atenci\u00f3n\npost aborto para todas las mujeres y ni\u00f1as.&nbsp;Las personas que viven en la\npobreza, en \u00e1reas rurales, con discapacidades, as\u00ed como las mujeres migrantes e\nind\u00edgenas y las pertenecientes a minor\u00edas \u00e9tnicas, contin\u00faan siendo las m\u00e1s\nafectadas por la discriminaci\u00f3n estructural que limita su acceso a la atenci\u00f3n\nm\u00e9dica, incluidos los servicios de aborto.&nbsp;<\/p>\n\n\n\n<p class=\"wp-block-paragraph\">Las mujeres y las\nni\u00f1as en situaciones de crisis, ya sea debido a conflictos, desastres naturales\no medidas de austeridad econ\u00f3mica, tambi\u00e9n enfrentan un mayor riesgo de da\u00f1os.<\/p>\n\n\n\n<p class=\"wp-block-paragraph\">En este contexto,\nacogemos con benepl\u00e1cito la adopci\u00f3n por parte de la Asamblea General de la ONU\nde una hist\u00f3rica &#8216;Declaraci\u00f3n pol\u00edtica sobre la cobertura universal de salud&#8217;\nel 23 de septiembre de 2019, que reitera la necesidad de garantizar el acceso\nuniversal a los servicios de salud sexual y reproductiva y los derechos\nreproductivos.<\/p>\n\n\n\n<p class=\"wp-block-paragraph\">En los \u00faltimos a\u00f1os,\nhemos observado una tendencia positiva en varias partes del mundo hacia la\neliminaci\u00f3n de barreras para acceder al aborto legal y seguro, que esperamos\nsea seguido por otros pa\u00edses tambi\u00e9n.&nbsp;Se eliminaron las prohibiciones\nconstitucionales, los tribunales constitucionales derogaron las disposiciones\npenales, se aprobaron leyes que eliminaban el aborto de los c\u00f3digos penales y\nregulaban el servicio en la legislaci\u00f3n de salud, y algunos tribunales\nnacionales reafirmaron el derecho al aborto seguro como un derecho protegido\nconstitucionalmente.&nbsp;En otros pa\u00edses, las mujeres que hab\u00edan sido\ndetenidas y condenadas a largos encarcelamientos despu\u00e9s de la muerte fetal o\naborto involuntario fueron liberadas.<\/p>\n\n\n\n<p class=\"wp-block-paragraph\">Sin embargo, tambi\u00e9n\nhay intentos, en varias partes del mundo, de restringir el acceso a este\nservicio esencial de salud para las mujeres.&nbsp;Los movimientos conservadores\nreligiosos politizados est\u00e1n haciendo un esfuerzo concertado para revertir los\nderechos de las mujeres y las ni\u00f1as presionando por la criminalizaci\u00f3n del\nprocedimiento, con castigos severos para quienes buscan y proporcionan\nabortos.&nbsp;<\/p>\n\n\n\n<p class=\"wp-block-paragraph\">En algunos pa\u00edses,\nla introducci\u00f3n de restricciones legales sobre el acceso al financiamiento\nestatal y la cobertura universal de los servicios sexuales y reproductivos\nafecta la capacidad de las mujeres, en particular las m\u00e1s pobres y marginadas,\npara acceder al aborto, con graves consecuencias para los derechos\nhumanos.&nbsp;Estas medidas son regresivas y perpet\u00faan el estigma del aborto\nque es perjudicial para la capacidad de las mujeres y las ni\u00f1as de tomar\ndecisiones importantes sobre su salud.<\/p>\n\n\n\n<p class=\"wp-block-paragraph\">Veinticinco a\u00f1os\ndespu\u00e9s de la Conferencia Internacional sobre Poblaci\u00f3n y Desarrollo, donde los\ngobiernos se comprometieron a poner fin al aborto inseguro en todo el mundo,\nque se volvi\u00f3 a confirmar en la Cuarta Conferencia Mundial de Mujeres, no\npodemos retroceder.&nbsp;Las devastadoras consecuencias sobre la vida y la\nsalud de las mujeres y las ni\u00f1as causadas por los abortos inseguros no dejan\nespacio para el retroceso.&nbsp;<\/p>\n\n\n\n<p class=\"wp-block-paragraph\">Todos los Estados\ndeben reconocer que el aborto es parte de la atenci\u00f3n m\u00e9dica y es una cuesti\u00f3n\nde derechos humanos, integralmente vinculado a la dignidad de las mujeres y las\nni\u00f1as y los derechos a la vida, la salud, la igualdad y la privacidad.<\/p>\n\n\n\n<p class=\"wp-block-paragraph\">SEM\/sj<\/p>\n","protected":false},"excerpt":{"rendered":"<p>Es una cuesti\u00f3n de derechos humanos, dicen expertos <\/p>\n","protected":false},"author":3,"featured_media":12361,"comment_status":"open","ping_status":"open","sticky":false,"template":"","format":"standard","meta":{"_monsterinsights_skip_tracking":false,"footnotes":""},"categories":[690,51],"tags":[],"class_list":["post-12348","post","type-post","status-publish","format-standard","has-post-thumbnail","category-690","category-ejecutivo"],"_links":{"self":[{"href":"https:\/\/redsemlac.com\/semmexico\/wp-json\/wp\/v2\/posts\/12348","targetHints":{"allow":["GET"]}}],"collection":[{"href":"https:\/\/redsemlac.com\/semmexico\/wp-json\/wp\/v2\/posts"}],"about":[{"href":"https:\/\/redsemlac.com\/semmexico\/wp-json\/wp\/v2\/types\/post"}],"author":[{"embeddable":true,"href":"https:\/\/redsemlac.com\/semmexico\/wp-json\/wp\/v2\/users\/3"}],"replies":[{"embeddable":true,"href":"https:\/\/redsemlac.com\/semmexico\/wp-json\/wp\/v2\/comments?post=12348"}],"version-history":[{"count":0,"href":"https:\/\/redsemlac.com\/semmexico\/wp-json\/wp\/v2\/posts\/12348\/revisions"}],"wp:featuredmedia":[{"embeddable":true,"href":"https:\/\/redsemlac.com\/semmexico\/wp-json\/wp\/v2\/media\/12361"}],"wp:attachment":[{"href":"https:\/\/redsemlac.com\/semmexico\/wp-json\/wp\/v2\/media?parent=12348"}],"wp:term":[{"taxonomy":"category","embeddable":true,"href":"https:\/\/redsemlac.com\/semmexico\/wp-json\/wp\/v2\/categories?post=12348"},{"taxonomy":"post_tag","embeddable":true,"href":"https:\/\/redsemlac.com\/semmexico\/wp-json\/wp\/v2\/tags?post=12348"}],"curies":[{"name":"wp","href":"https:\/\/api.w.org\/{rel}","templated":true}]}}