{"id":12344,"date":"2019-09-28T00:44:04","date_gmt":"2019-09-28T00:44:04","guid":{"rendered":"https:\/\/redsemlac.com\/semmexico\/?p=12344"},"modified":"2023-07-21T15:11:31","modified_gmt":"2023-07-21T20:11:31","slug":"exigen-que-el-gobierno-defina-su-postura-sobre-aborto","status":"publish","type":"post","link":"https:\/\/redsemlac.com\/semmexico\/exigen-que-el-gobierno-defina-su-postura-sobre-aborto\/","title":{"rendered":"Exigen que el gobierno defina su postura sobre aborto"},"content":{"rendered":"\n<p class=\"wp-block-paragraph\"><strong>* Pa\u00f1uelazo en la C\u00e1mara de Diputados<\/strong><\/p>\n\n\n\n<p class=\"wp-block-paragraph\"><strong>* Villavicencio pide amnist\u00eda; Almaguer, C\u00f3digo\nPenal \u00danico<\/strong><\/p>\n\n\n\n<p class=\"wp-block-paragraph\">Elda Montiel<\/p>\n\n\n\n<p class=\"wp-block-paragraph\">SemM\u00e9xico, Cd. de\nM\u00e9xico, 27 septiembre 2019.- La presentaci\u00f3n de un punto de acuerdo para\nexigirle al gobierno federal que tome una postura clara sobre la\ndespenalizaci\u00f3n del aborto, la modificaci\u00f3n al Art\u00edculo 73 de la Constituci\u00f3n\npara que se genere un C\u00f3digo Penal \u00danico, as\u00ed como acudir a los congresos\nlocales para sumar a los diversos partidos pol\u00edticos para despenalizar el\naborto y avanzar en la Amnist\u00eda ser\u00e1 presentado al pleno de la C\u00e1mara de\nDiputados. <\/p>\n\n\n\n<p class=\"wp-block-paragraph\">Como resultado de\nlas mesas de trabajo del \u201cPa\u00f1uelazo y Parlamente Abierto, Despenalizaci\u00f3n y\nAmnist\u00eda\u201d, que se llev\u00f3 a cabo en la C\u00e1mara de Diputados, dentro de las\nacciones del 28 de septiembre D\u00eda por la Despenalizaci\u00f3n del Aborto en Am\u00e9rica\nLatina y el Caribe.<\/p>\n\n\n\n<p class=\"wp-block-paragraph\">En las discusiones\ndel Parlamento Abierto, que presidi\u00f3 la diputada Lorena Villavicencio Ayala, de\nla Subcomisi\u00f3n de Feminicidio de la Comisi\u00f3n de Justicia de la LXIV\nLegislatura, participaron organizaciones feministas, acad\u00e9micas, defensoras de\nderechos humanos, quienes exigieron el derecho a una vida digna de las mujeres,\ncomenzando por la autonom\u00eda de su cuerpo. <\/p>\n\n\n\n<p class=\"wp-block-paragraph\">Entre olas de marea\nverde, la principal demanda fue garantizar el aborto legal, seguro y gratuito a\nnivel nacional, sin discriminaci\u00f3n y con perspectiva de g\u00e9nero, y felicitaron\nal congreso de Oaxaca por establecer el marco jur\u00eddico de la Interrupci\u00f3n Legal\ndel Embarazo. <\/p>\n\n\n\n<p class=\"wp-block-paragraph\">El fortalecimiento\nde la laicidad fue la segunda exigencia en la que coincidieron todas las\nparticipantes, rechazaron cualquier intervenci\u00f3n de cualquier iglesia o\ncreencias al se\u00f1alar que no se pueden anteponer a los derechos humanos de las\nni\u00f1as y las mujeres. <\/p>\n\n\n\n<p class=\"wp-block-paragraph\">Se destac\u00f3 que el\naborto no es un tema de moral sino de salud p\u00fablica y, en este sentido,\ndemandaron terminar con la criminalizaci\u00f3n de las mujeres que interrumpen su\nembarazo, y sobre todo cuando son abortos espont\u00e1neos, ya que generalmente\nacusan a las mujeres. <\/p>\n\n\n\n<p class=\"wp-block-paragraph\">El Estado no cumple\ncon la normatividad internacional, como la CEDAW, para armonizar las leyes\nfederales y estatales relativas al aborto a fin de eliminar los obst\u00e1culos que\nenfrentan las mujeres que desean interrumpir un embarazo en forma legal y\nampli\u00e9 el acceso al aborto legal. <\/p>\n\n\n\n<p class=\"wp-block-paragraph\"><strong>Legislar con perspectiva de g\u00e9nero<\/strong><\/p>\n\n\n\n<p class=\"wp-block-paragraph\">La diputada\nGuadalupe Almaguer pidi\u00f3 a sus compa\u00f1eras legislar con perspectivas de g\u00e9nero y\n\u2013dijo- el asunto no es de cifras, sino de voluntades, de prejuicios de las y\nlos integrantes de los congresos locales. <\/p>\n\n\n\n<p class=\"wp-block-paragraph\">Es muy dif\u00edcil en\nlos estados despenalizar el aborto, por lo que insisti\u00f3 que en la necesidad de\ncrear un C\u00f3digo Penal \u00danico en materia de interrupci\u00f3n legal del aborto y otros\ndelitos relacionados con las mujeres.<\/p>\n\n\n\n<p class=\"wp-block-paragraph\">Almaguer habl\u00f3\nsobre las dificultades que enfrentan cuando presentan una iniciativa, \u201clas\nturnan y tenemos que sacarlas antes de que caduquen\u201d. Hemos avanzado, pero\ntenemos que insistir, hacemos parlamentos abiertos, y luego no nos hacen caso. <\/p>\n\n\n\n<figure class=\"wp-block-image\"><img decoding=\"async\" src=\"https:\/\/redsemlac.com\/semmexico\/wp-content\/uploads\/2019\/09\/NOTA-ELDA-1-1024x576.jpeg\" alt=\"\" class=\"wp-image-12345\"\/><\/figure>\n\n\n\n<p class=\"wp-block-paragraph\">Tambi\u00e9n preciso que\nen nuestro pa\u00eds se vive una crisis humanitaria, es el pa\u00eds de los\ndesaparecidos, de los feminicidios, de una crisis migratoria, en esta LXIV\nLegislatura la Comisi\u00f3n de Derechos Humanos sencillamente no funciona. <\/p>\n\n\n\n<p class=\"wp-block-paragraph\">Por otra parte,\ndijo que se sigue estigmatizando a las mujeres que abortan \u201ccomo mujeres\nlibertinas, que andan de locas\u201d y critic\u00f3 la violencia que se ejerce contra las\nmujeres y feministas en las marchas \u201cprovida\u201d.<\/p>\n\n\n\n<p class=\"wp-block-paragraph\"><strong>Amnist\u00eda a mujeres procesadas por aborto<\/strong><\/p>\n\n\n\n<p class=\"wp-block-paragraph\">La\ndiputad de Morena, Lorena Villavicencio se refiri\u00f3 tambi\u00e9n a la iniciativa\npresentada ante el Congreso de amnist\u00eda para mujeres que abortan para cientos\nde mujeres est\u00e1n en proceso, encarceladas y con sentencia. <\/p>\n\n\n\n<p class=\"wp-block-paragraph\">La\namnist\u00eda obligar\u00e1 a su liberaci\u00f3n inmediata, el archivo de sus expedientes y\nelimina cualquier antecedente penal, por los supuestos de delito de aborto. Hay\n15 mujeres procesadas por aborto, ya que generalmente las acusan con otro\ndelito y llegan a tener hasta 50 a\u00f1os de c\u00e1rcel por infanticidio, mientras que\na los hombres no se les penaliza por no mantener a sus hijos o por\nabandonarlos.<\/p>\n\n\n\n<p class=\"wp-block-paragraph\">Por otra parte,\nEnma Obrador, de Redefine, abogada feminista, record\u00f3 que la lucha de las mujeres\nviene de mucho tiempo atr\u00e1s, no ten\u00edamos derecho a votar, las mujeres mexicanas\nhemos estado en lucha hasta llegar hoy a la paridad legislativa. Hoy se trata\nde la autonom\u00eda del cuerpo, del derecho humano a la salud sexual y reproductiva\ny que se nos deje de criminalizar.<\/p>\n\n\n\n<p class=\"wp-block-paragraph\">Tania Roque, del\nPRD, se\u00f1al\u00f3 que las mujeres tenemos que sobrevivir a un Estado que no le\ninteresan las mujeres, desde el Ejecutivo, que quiere implantar un pensamiento\n\u00fanico, de una cartilla moral de los a\u00f1os 50, cuya distribuci\u00f3n se dej\u00f3 en manos\nde l\u00edderes religiosos, violentando la tradici\u00f3n laica del gobierno mexicano. <\/p>\n\n\n\n<p class=\"wp-block-paragraph\">Dijo que la Marea\nVerde no va a descansar hasta ser consideradas mujeres sujetas de derechos\nplenos, al ejercicio sexual, a determinar sobre su cuerpo, para haya una\npol\u00edtica de salud p\u00fablica para que no haya m\u00e1s mujeres muertas por abortos\nclandestinos. <\/p>\n\n\n\n<p class=\"wp-block-paragraph\">Mariana L\u00f3pez, de\nEquis Justicia, se pronunci\u00f3 a favor de la Ley de Amnist\u00eda, ya que existen\nmujeres que no tendr\u00edan por qu\u00e9 estar en la c\u00e1rcel, sobre todo, cit\u00f3 el caso de\nuna mujer ind\u00edgena que sufri\u00f3 un aborto espont\u00e1neo, quien fue sentenciada\ninjustamente por no hablar espa\u00f1ol.<\/p>\n\n\n\n<p class=\"wp-block-paragraph\">Esperanza Olgu\u00edn,\nde las Constituyentes CDMX, expres\u00f3 que est\u00e1n en contra de la violaci\u00f3n a los\nderechos sexuales y reproductivos de las mujeres, y demand\u00f3 poner fin a la\ncriminalizaci\u00f3n de las mujeres que interrumpen su embarazo. Se pronunci\u00f3 por el\nfortalecimiento de un Estado laico y por la integraci\u00f3n de una Comisi\u00f3n\nLegislativa Ordinaria al respecto. <\/p>\n\n\n\n<p class=\"wp-block-paragraph\">As\u00ed como un sistema\nnacional de Salud P\u00fablica que permita a los profesionales de la medicina\nejercer su objeci\u00f3n de conciencia sin violentar los derechos de las mujeres. <\/p>\n\n\n\n<p class=\"wp-block-paragraph\">Participaron\nrepresentantes de organizaciones como Fondo Mar\u00eda, Redefine M\u00e9xico, Marea Verde,\nYa es hora, AsiLegal, Instituto Simone de Beauvior y feministas como Rosa Mar\u00eda\nLofte e Yndira Salgado. <\/p>\n\n\n\n<p class=\"wp-block-paragraph\">SEM\/em\/sj<\/p>\n","protected":false},"excerpt":{"rendered":"<p>Pa\u00f1uelazo en la C\u00e1mara de Diputados<\/p>\n","protected":false},"author":3,"featured_media":12346,"comment_status":"open","ping_status":"open","sticky":false,"template":"","format":"standard","meta":{"_monsterinsights_skip_tracking":false,"footnotes":""},"categories":[690,50],"tags":[],"class_list":["post-12344","post","type-post","status-publish","format-standard","has-post-thumbnail","category-690","category-congreso"],"_links":{"self":[{"href":"https:\/\/redsemlac.com\/semmexico\/wp-json\/wp\/v2\/posts\/12344","targetHints":{"allow":["GET"]}}],"collection":[{"href":"https:\/\/redsemlac.com\/semmexico\/wp-json\/wp\/v2\/posts"}],"about":[{"href":"https:\/\/redsemlac.com\/semmexico\/wp-json\/wp\/v2\/types\/post"}],"author":[{"embeddable":true,"href":"https:\/\/redsemlac.com\/semmexico\/wp-json\/wp\/v2\/users\/3"}],"replies":[{"embeddable":true,"href":"https:\/\/redsemlac.com\/semmexico\/wp-json\/wp\/v2\/comments?post=12344"}],"version-history":[{"count":0,"href":"https:\/\/redsemlac.com\/semmexico\/wp-json\/wp\/v2\/posts\/12344\/revisions"}],"wp:featuredmedia":[{"embeddable":true,"href":"https:\/\/redsemlac.com\/semmexico\/wp-json\/wp\/v2\/media\/12346"}],"wp:attachment":[{"href":"https:\/\/redsemlac.com\/semmexico\/wp-json\/wp\/v2\/media?parent=12344"}],"wp:term":[{"taxonomy":"category","embeddable":true,"href":"https:\/\/redsemlac.com\/semmexico\/wp-json\/wp\/v2\/categories?post=12344"},{"taxonomy":"post_tag","embeddable":true,"href":"https:\/\/redsemlac.com\/semmexico\/wp-json\/wp\/v2\/tags?post=12344"}],"curies":[{"name":"wp","href":"https:\/\/api.w.org\/{rel}","templated":true}]}}