{"id":12333,"date":"2019-09-27T22:10:54","date_gmt":"2019-09-27T22:10:54","guid":{"rendered":"https:\/\/redsemlac.com\/semmexico\/?p=12333"},"modified":"2023-07-21T15:11:32","modified_gmt":"2023-07-21T20:11:32","slug":"jalisco-11","status":"publish","type":"post","link":"https:\/\/redsemlac.com\/semmexico\/jalisco-11\/","title":{"rendered":"Cuentan, 2,600 mujeres sus historias tras un aborto"},"content":{"rendered":"\n<p class=\"wp-block-paragraph\"><strong>* FOCOS, la plataforma pensada para\nM\u00e9xico ha tenido impacto en Am\u00e9rica Latina<\/strong><\/p>\n\n\n\n<p class=\"wp-block-paragraph\"><strong>* Visibiliza la recurrencia del aborto\nen este pa\u00eds<\/strong><\/p>\n\n\n\n<p class=\"wp-block-paragraph\"><strong>Analy S. Nu\u00f1o<\/strong><\/p>\n\n\n\n<p class=\"wp-block-paragraph\">SemM\u00e9xico,\nGuadalajara, Jal., 27 septiembre 2019.- A trav\u00e9s de la plataforma FOCOS, 2 mil\n608 mujeres mexicanas han confirmado que se realizaron un aborto y 485 han\ncompartido su historia. A est\u00e1s se suman casi mil mujeres de Am\u00e9rica Latina.<\/p>\n\n\n\n<p class=\"wp-block-paragraph\">Durante\nla presentaci\u00f3n de los primeros resultados de la plataforma FOCOS\n(focos.org.mx), la representante en Jalisco de la Red por los Derechos Sexuales\ny reproductivos, Patricia Ortega explic\u00f3 que la estrategia digital que est\u00e1 dise\u00f1ada\npara visibilizar la recurrencia del aborto en M\u00e9xico, la diversidad de mujeres\nque recurren a est\u00e1 practica reproductiva y abrir un espacio para compartir sus\nexperiencias en torno al aborto, ha superado las expectativas iniciales.<\/p>\n\n\n\n<p class=\"wp-block-paragraph\">\u201cEn\nM\u00e9xico se han encendido 2 mil 600 focos, esto supera las expectativas en\nt\u00e9rminos de respuesta, de \u00e9stas 485 mujeres han compartido su experiencia. Por\ncada una que relata hay otra mujer que se siente acompa\u00f1ada, por eso insistimos\nen la historia de vida. Muchas mujeres no le han contado a nadie en su vida que\nse realizaron este procedimiento y ese silencio tambi\u00e9n implica una carga\u201d. <\/p>\n\n\n\n<p class=\"wp-block-paragraph\">Detall\u00f3\nque est\u00e1 plataforma se cre\u00f3 con la idea de visibilizar la recurrencia del\naborto ante el discurso de que los \u201cantiderechos\u201d plantean respecto a que \u201cno\ntodas las mujeres abortamos, que la mayor\u00eda de las mujeres no lo han hecho y la\nverdad es que est\u00e1 informaci\u00f3n un poco se confirma cuando no hay mujeres\nhablando de aborto, pero lo que pasa es que hablar de aborto no es una cosa muy\nsencilla, no es que podemos hablar abiertamente o decir \u2018yo he abortado\u2019 y\ncomentar a cualquiera la experiencia\u201d.<\/p>\n\n\n\n<ul class=\"wp-block-gallery columns-2 is-cropped wp-block-gallery-1 is-layout-flex wp-block-gallery-is-layout-flex\"><li class=\"blocks-gallery-item\"><figure><img decoding=\"async\" src=\"https:\/\/redsemlac.com\/semmexico\/wp-content\/uploads\/2019\/09\/WhatsApp-Image-2019-09-27-at-4.36.09-PM1-1024x602.jpeg\" alt=\"\" data-id=\"12334\" data-link=\"https:\/\/redsemlac.com\/semmexico\/?attachment_id=12334\" class=\"wp-image-12334\"\/><\/figure><\/li><li class=\"blocks-gallery-item\"><figure><img decoding=\"async\" src=\"https:\/\/redsemlac.com\/semmexico\/wp-content\/uploads\/2019\/09\/WhatsApp-Image-2019-09-27-at-4.36.09-PM-1024x650.jpeg\" alt=\"\" data-id=\"12335\" data-link=\"https:\/\/redsemlac.com\/semmexico\/?attachment_id=12335\" class=\"wp-image-12335\"\/><\/figure><\/li><\/ul>\n\n\n\n<p class=\"wp-block-paragraph\">\u201cEs\nuna plataforma digital que pretende visibilizar que el tema aborto est\u00e1 ah\u00ed,\nque no es cierto que es raro, que no es cierto que muy pocas mujeres piensan en\ninterrumpir un embarazo o que las mujeres que lo piensan es porque son malas\nmujeres, sino que es un tema que est\u00e1 presente\u201d. <\/p>\n\n\n\n<p class=\"wp-block-paragraph\">Bajo\nesta premisa, para mostrar la diversidad de mujeres que han recurrido a un\nprocedimiento de interrupci\u00f3n, las organizaciones que conforman la Alianza\nNacional por el Derecho a Decidir (ANDAR) determinaron que cada mujer con su\nexperiencia ser\u00eda representada con un foco, as\u00ed al poder hablarlo enciende su\nluz.<\/p>\n\n\n\n<p class=\"wp-block-paragraph\">\u201cCada\nexperiencia es una luz en nuestro mapa virtual, est\u00e1 mujer se convierte en una\nluz, pero tambi\u00e9n para ella misma, una vez que procesa su experiencia, que la\nrevisa, que se hace consciente y se apropia de ella reconoce que es parte de lo\nque ha vivido, parte de su historia y deja de verlo como algo de lo que tiene\nque arrepentirse o tiene que esconder para que la gente no la juzgue\u201d.<\/p>\n\n\n\n<p class=\"wp-block-paragraph\">Aunque\nla intenci\u00f3n de Focos es visibilizar los procedimientos de aborto en M\u00e9xico y\nlas historias de las mujeres que se sometieron a uno, el impacto de la\nplataforma ya es a nivel Am\u00e9rica Latina. \u201cSe encienden los focos en Am\u00e9rica\nLatina, no solo en M\u00e9xico, estar en internet es no tener control territorial y\ngeogr\u00e1fico entonces hemos tenido 729 focos en Estados Unidos, 23 Argentina, 14\nen Ecuador, 31 en Brasil, 20 en Colombia, 11 en Canad\u00e1, 14 en Per\u00fa, 10 en\nChile, 9 en Guatemala, 4 en Costa Rica, 5 en Nicaragua, 2 en El Salvador, 5 en\nVenezuela, 4 en Bolivia, 1 en Paraguay y 1 en Uruguay\u201d.<\/p>\n\n\n\n<p class=\"wp-block-paragraph\">\u201cEs\nimportante se\u00f1alar que algunos de estos pa\u00edses tienen una restricci\u00f3n absoluta\nal aborto, es decir, ni siquiera cuando es producto de una violaci\u00f3n est\u00e1\npermitido. Entonces es muy interesante que haya expresiones en Centro Am\u00e9rica,\nparticularmente, y es muy significativo\u201d, refiri\u00f3 Ortega.<\/p>\n\n\n\n<p class=\"wp-block-paragraph\">En\nel caso Jalisco, explic\u00f3 que, aunque en Ciudad de M\u00e9xico m\u00e1s de 400 mujeres\nprovenientes de Jalisco se han practicado una interrupci\u00f3n legal del embarazo,\nla plataforma registra que en ese estado se han encendido 125 focos, y solo 26\nmujeres han compartido sus historias. <\/p>\n\n\n\n<p class=\"wp-block-paragraph\">\u201cInvitamos\na encender su voz, a decir ya no m\u00e1s silencio, un poco como ese mensaje breve\npara que las personas sepan que si esto se empieza a hablar puede quitarle un\npoco de peso y estigma a las mujeres que se han hecho estos procedimientos\u201d. <\/p>\n\n\n\n<p class=\"wp-block-paragraph\">Cada\nuna de las mujeres que desea \u201cencender el foco\u201d y contar su experiencia a\ntrav\u00e9s de esta plataforma creada en 2017, puede hacerlo mediante video, carta,\nexvoto, audio y fotograf\u00eda. Sus datos personales e identidad son protegidas.<\/p>\n\n\n\n<p class=\"wp-block-paragraph\">La\nplataforma es un proyecto de la Alianza Nacional por el Derecho a Decidir\n(ANDAR) entre las organizaciones Cat\u00f3licas por el Derecho a Decidir; Equidad de\ng\u00e9nero, ciudadan\u00eda, trabajo y familia; Grupo de Informaci\u00f3n en Reproducci\u00f3n\nElegida (GIRE) e IPAS.<\/p>\n\n\n\n<p class=\"wp-block-paragraph\"><strong>Apagar el silencio en torno al aborto<\/strong><\/p>\n\n\n\n<p class=\"wp-block-paragraph\"><em><strong>Fuerza<\/strong><\/em><\/p>\n\n\n\n<p class=\"wp-block-paragraph\">\u201cCuando supe que estaba embarazada ten\u00eda apenas 19\na\u00f1os, reci\u00e9n hab\u00eda entrado a la universidad, sin pensarlo supe que no pod\u00eda\ntener un beb\u00e9 y tampoco quer\u00eda. Despu\u00e9s de tanto\npensarlo decid\u00ed acercarme a una t\u00eda m\u00e1s cercana, ella me apoyo sin condici\u00f3n,\nno pod\u00eda contarle a mi mam\u00e1 porque ella me obligar\u00eda a tenerlo, como hizo con\nmis hermanas\u201d.<\/p>\n\n\n\n<p class=\"wp-block-paragraph\"><em><strong>No era para mi<\/strong><\/em><\/p>\n\n\n\n<p class=\"wp-block-paragraph\">\u201cMe\nenter\u00e9 en noviembre y abort\u00e9 unos d\u00edas antes de Navidad. En mi ciudad el aborto\nest\u00e1 prohibido y no pod\u00eda ir a la CDMX para que me practicaran uno legal. Lo\nhice en un consultorio horrendo, con un obstetra que me hizo sentir una mala\npersona y que me hizo un legrado doloros\u00edsimo. Yo estaba sola, me daban mucho\nmiedo las consecuencias legales y no le avis\u00e9 a nadie, as\u00ed que mientras estaba\nmirando al techo, expuesta y vulnerable, s\u00f3lo deseaba no morir en esa camilla\nsucia a manos de un tipo de bata blanca que me juzgaba con dureza. Despu\u00e9s de\npasar por ese trauma f\u00edsico, ahora m\u00e1s que nunca lucho por el aborto legal en\ntodo el pa\u00eds, para que ninguna otra chica tenga que enfrentar un aborto en un\ncuarto deprimente, con medios limitados y el miedo de morir en el intento\u201d.<\/p>\n\n\n\n<p class=\"wp-block-paragraph\"><em><strong>El secreto que quisiera gritar<\/strong><\/em><\/p>\n\n\n\n<p class=\"wp-block-paragraph\">\u201cAcud\u00ed a hacerme una prueba de sangre, mi novio no\npod\u00eda acompa\u00f1arme, no quer\u00eda ir sola, estaba triste, una de mis hermanas me\nacompa\u00f1\u00f3; cuando llegamos al laboratorio ten\u00eda muchos nervios, esper\u00e9 los\nresultados y llor\u00e9 al saber que estaba embarazada, mi hermana me abraz\u00f3 fuerte,\nme dijo que me amaba que siempre me apoyar\u00eda y que estar\u00eda conmigo, le ped\u00ed que\nllamara a mi pareja, necesitaba dec\u00edrselo, estar con \u00e9l, me sent\u00eda enojada,\ntriste y con miedo.\nA la ma\u00f1ana siguiente yo no pod\u00eda dejar\nde llorar y \u00e9l me pregunto que, si estaba segura de querer interrumpirlo, me\ndijo que la decisi\u00f3n que fuera \u00e9l la apoyar\u00eda y que estar\u00edamos juntos para\nsuperarlo. Ese d\u00eda acudimos a la\nfarmacia, compramos misoprostol y con un manual que yo ten\u00eda me practique un\naborto en casa, fue el momento y la decisi\u00f3n m\u00e1s dif\u00edcil que he tomado en la\nvida, me doli\u00f3 el cuerpo, me doli\u00f3 el alma, la vida. Hace un a\u00f1o quien era mi pareja en ese\nmomento de pronto decidi\u00f3 que ya no quer\u00eda estar conmigo, no pudimos superarlo\njuntos\u201d.<\/p>\n\n\n\n<p class=\"wp-block-paragraph\"><em><strong>Abrazando mis decisiones<\/strong><\/em><\/p>\n\n\n\n<p class=\"wp-block-paragraph\">\u201cSab\u00eda que estaba embarazada, me negaba a creerlo,\nsolo necesitaba confirmarlo, cuando la prueba de embarazo dio positivo mi\nansiedad y angustia se fueron a tope. Por el n\u00famero de semanas y mi condici\u00f3n recurrimos a un m\u00e9dico aliado en\nla Ciudad para que se me practicara una AMEU porque en mi estado es ilegal y me\nera imposible viajar, me explic\u00f3 el paso a paso a detalle. El d\u00eda de la intervenci\u00f3n mi pareja estuvo a\nmi lado en todo momento, durante el proceso pas\u00f3 por mi mente que mientras yo\nestaba siendo atendida en condiciones seguras, gracias al acompa\u00f1amiento de la\norganizaci\u00f3n, a la par muchas mujeres en ese momento estaban en riesgo\npractic\u00e1ndose abortos inseguros \u00bfpor qu\u00e9 decidir sobre nuestro cuerpo es el\nprivilegio de unas cuantas? Todas deber\u00edamos tener ese derecho\u201d.<\/p>\n\n\n\n<p class=\"wp-block-paragraph\">SEM\/asn\/sj<\/p>\n","protected":false},"excerpt":{"rendered":"<p>FOCOS, la plataforma pensada para M\u00e9xico ha tenido impacto en Am\u00e9rica Latina<\/p>\n","protected":false},"author":3,"featured_media":12336,"comment_status":"open","ping_status":"open","sticky":false,"template":"","format":"standard","meta":{"_monsterinsights_skip_tracking":false,"footnotes":""},"categories":[690,54],"tags":[],"class_list":["post-12333","post","type-post","status-publish","format-standard","has-post-thumbnail","category-690","category-mujeres"],"_links":{"self":[{"href":"https:\/\/redsemlac.com\/semmexico\/wp-json\/wp\/v2\/posts\/12333","targetHints":{"allow":["GET"]}}],"collection":[{"href":"https:\/\/redsemlac.com\/semmexico\/wp-json\/wp\/v2\/posts"}],"about":[{"href":"https:\/\/redsemlac.com\/semmexico\/wp-json\/wp\/v2\/types\/post"}],"author":[{"embeddable":true,"href":"https:\/\/redsemlac.com\/semmexico\/wp-json\/wp\/v2\/users\/3"}],"replies":[{"embeddable":true,"href":"https:\/\/redsemlac.com\/semmexico\/wp-json\/wp\/v2\/comments?post=12333"}],"version-history":[{"count":0,"href":"https:\/\/redsemlac.com\/semmexico\/wp-json\/wp\/v2\/posts\/12333\/revisions"}],"wp:featuredmedia":[{"embeddable":true,"href":"https:\/\/redsemlac.com\/semmexico\/wp-json\/wp\/v2\/media\/12336"}],"wp:attachment":[{"href":"https:\/\/redsemlac.com\/semmexico\/wp-json\/wp\/v2\/media?parent=12333"}],"wp:term":[{"taxonomy":"category","embeddable":true,"href":"https:\/\/redsemlac.com\/semmexico\/wp-json\/wp\/v2\/categories?post=12333"},{"taxonomy":"post_tag","embeddable":true,"href":"https:\/\/redsemlac.com\/semmexico\/wp-json\/wp\/v2\/tags?post=12333"}],"curies":[{"name":"wp","href":"https:\/\/api.w.org\/{rel}","templated":true}]}}