{"id":12327,"date":"2019-09-27T21:57:18","date_gmt":"2019-09-27T21:57:18","guid":{"rendered":"https:\/\/redsemlac.com\/semmexico\/?p=12327"},"modified":"2023-07-21T15:11:32","modified_gmt":"2023-07-21T20:11:32","slug":"merida-6","status":"publish","type":"post","link":"https:\/\/redsemlac.com\/semmexico\/merida-6\/","title":{"rendered":"28S no es una respuesta al FNF: colectivas feministas en Yucat\u00e1n"},"content":{"rendered":"\n<p class=\"wp-block-paragraph\"><strong>* Conmemoran del\nD\u00eda Internacional para la Despenalizaci\u00f3n del Aborto en AL y el Caribe<\/strong><\/p>\n\n\n\n<p class=\"wp-block-paragraph\"><strong>* En M\u00e9rida\npreparan la marcha para este s\u00e1bado<\/strong><\/p>\n\n\n\n<p class=\"wp-block-paragraph\"><strong>Lorena\nCastellanos Rinc\u00f3n&nbsp;<\/strong><\/p>\n\n\n\n<p class=\"wp-block-paragraph\">SemM\u00e9xico, M\u00e9rida, Yuc., 27\nseptiembre 2019.- Rumbo a la \u201cManifestaci\u00f3n por la Autonom\u00eda de Nuestras\nCuerpas\u201d, colectivas y activistas feministas de la entidad han circulado en\nredes sociales comunicados y publicaciones informativas para la sociedad\nyucateca.<\/p>\n\n\n\n<p class=\"wp-block-paragraph\">A nivel nacional, la manifestaci\u00f3n\ndel 28 de septiembre o 28S se realiza con motivo del D\u00eda Internacional para la\nDespenalizaci\u00f3n del Aborto en Am\u00e9rica Latina y el Caribe. En M\u00e9rida tendr\u00e1\nlugar en el Parque de la Madre, ubicado en el Centro Hist\u00f3rico de la ciudad, en\npunto de las 8:00 de la noche.&nbsp;<\/p>\n\n\n\n<div class=\"wp-block-image\"><figure class=\"alignleft\"><img decoding=\"async\" src=\"https:\/\/redsemlac.com\/semmexico\/wp-content\/uploads\/2019\/09\/yucatan-4-300x300.jpg\" alt=\"\" class=\"wp-image-12330\"\/><\/figure><\/div>\n\n\n\n<p class=\"wp-block-paragraph\">Durante toda la semana, colectivas\ncomo Somos Violetas e Igualdad Sustantiva han realizado publicaciones que\nexplican lo anterior, desmintiendo que sea una respuesta al movimiento que\nplanea realizar el Frente Nacional por la Familia (FNF) Yucat\u00e1n en este mismo\nd\u00eda en el Monumento a la Patria.&nbsp;<\/p>\n\n\n\n<p class=\"wp-block-paragraph\">Asimismo, Igualdad Sustantiva lanz\u00f3 un comunicado oficial, desvinculando su participaci\u00f3n y de las otras colectivas que estar\u00e1n presentes en el 28S, con otra marcha que se realizar\u00e1 ese mismo d\u00eda, denominada \u201cMitin Contra el Oscurantismo Meridano\u201d, el cual, bajo la premisa de \u201cqueremos una M\u00e9rida de colores\u201d plantea \u201chacerle frente\u201d al FNF.<\/p>\n\n\n\n<div class=\"wp-block-image\"><figure class=\"alignright is-resized\"><img loading=\"lazy\" decoding=\"async\" src=\"https:\/\/redsemlac.com\/semmexico\/wp-content\/uploads\/2019\/09\/yucatan-2-212x300.jpg\" alt=\"\" class=\"wp-image-12329\" width=\"216\" height=\"306\"\/><\/figure><\/div>\n\n\n\n<p class=\"wp-block-paragraph\">A este comunicado se suma el Colectivo por la Protecci\u00f3n de Todas las Familias en Yucat\u00e1n, que, adem\u00e1s de solidarizarse con la \u201cManifestaci\u00f3n por la Autonom\u00eda de Nuestras Cuerpas\u201d, asegura que no llevar\u00e1n a cabo ninguna actividad en ese d\u00eda \u201cpor respeto a la causa\u201d, y exhorta a los hombres y aliados de su comunidad a hacer lo mismo.\u00a0<\/p>\n\n\n\n<p class=\"wp-block-paragraph\"><\/p>\n\n\n\n<div class=\"wp-block-image\"><figure class=\"alignleft is-resized\"><img loading=\"lazy\" decoding=\"async\" src=\"https:\/\/redsemlac.com\/semmexico\/wp-content\/uploads\/2019\/09\/yucatan-1-485x1024.jpg\" alt=\"\" class=\"wp-image-12328\" width=\"226\" height=\"477\"\/><\/figure><\/div>\n\n\n\n<p class=\"wp-block-paragraph\"><\/p>\n\n\n\n<p class=\"wp-block-paragraph\">Por su parte, Somos Violetas ha publicado en todas sus redes im\u00e1genes que explican el objetivo del 28S y la necesidad de la manifestaci\u00f3n, as\u00ed como \u00e1lbum donde informan las razones por las que el contingente ser\u00e1 separatista y c\u00f3mo deben abordarlo los medios, para evitar caer en la desinformaci\u00f3n y la difamaci\u00f3n del mismo.\u00a0 \u00a0<\/p>\n\n\n\n<p class=\"wp-block-paragraph\">La manifestaci\u00f3n del 28S es\norganizada por la Asamblea Feminista de Yucat\u00e1n, conformada por diversas\ncolectivas feministas locales.<\/p>\n\n\n\n<p class=\"wp-block-paragraph\">SEM\/lcr\/sj<\/p>\n","protected":false},"excerpt":{"rendered":"<p>Conmemoran del D\u00eda Internacional para la Despenalizaci\u00f3n del Aborto en AL y el Caribe<\/p>\n","protected":false},"author":3,"featured_media":12331,"comment_status":"open","ping_status":"open","sticky":false,"template":"","format":"standard","meta":{"_monsterinsights_skip_tracking":false,"footnotes":""},"categories":[690,54],"tags":[],"class_list":["post-12327","post","type-post","status-publish","format-standard","has-post-thumbnail","category-690","category-mujeres"],"_links":{"self":[{"href":"https:\/\/redsemlac.com\/semmexico\/wp-json\/wp\/v2\/posts\/12327","targetHints":{"allow":["GET"]}}],"collection":[{"href":"https:\/\/redsemlac.com\/semmexico\/wp-json\/wp\/v2\/posts"}],"about":[{"href":"https:\/\/redsemlac.com\/semmexico\/wp-json\/wp\/v2\/types\/post"}],"author":[{"embeddable":true,"href":"https:\/\/redsemlac.com\/semmexico\/wp-json\/wp\/v2\/users\/3"}],"replies":[{"embeddable":true,"href":"https:\/\/redsemlac.com\/semmexico\/wp-json\/wp\/v2\/comments?post=12327"}],"version-history":[{"count":0,"href":"https:\/\/redsemlac.com\/semmexico\/wp-json\/wp\/v2\/posts\/12327\/revisions"}],"wp:featuredmedia":[{"embeddable":true,"href":"https:\/\/redsemlac.com\/semmexico\/wp-json\/wp\/v2\/media\/12331"}],"wp:attachment":[{"href":"https:\/\/redsemlac.com\/semmexico\/wp-json\/wp\/v2\/media?parent=12327"}],"wp:term":[{"taxonomy":"category","embeddable":true,"href":"https:\/\/redsemlac.com\/semmexico\/wp-json\/wp\/v2\/categories?post=12327"},{"taxonomy":"post_tag","embeddable":true,"href":"https:\/\/redsemlac.com\/semmexico\/wp-json\/wp\/v2\/tags?post=12327"}],"curies":[{"name":"wp","href":"https:\/\/api.w.org\/{rel}","templated":true}]}}