{"id":12319,"date":"2019-09-27T20:33:45","date_gmt":"2019-09-27T20:33:45","guid":{"rendered":"https:\/\/redsemlac.com\/semmexico\/?p=12319"},"modified":"2023-07-21T15:11:32","modified_gmt":"2023-07-21T20:11:32","slug":"se-limita-la-libertad-y-se-infringe-violencia-en-los-cuerpos-de-las-mujeres","status":"publish","type":"post","link":"https:\/\/redsemlac.com\/semmexico\/se-limita-la-libertad-y-se-infringe-violencia-en-los-cuerpos-de-las-mujeres\/","title":{"rendered":"Se limita la libertad y se infringe violencia en los cuerpos de las mujeres"},"content":{"rendered":"\n<ul class=\"wp-block-list\"><li><strong>Investigadora del CIESAS CDMX presenta sus hallazgos sobre pueblos ind\u00edgenas nicarag\u00fcenses <\/strong><\/li><li><strong>Explica en Costa Rica como la violencia tiene efectos sobre las mujeres<\/strong><\/li><\/ul>\n\n\n\n<p class=\"wp-block-paragraph\"><strong>Redacci\u00f3n<\/strong><br> SemM\u00e9xico, Cd. de M\u00e9xico, 27 septiembre 2019.- Cuando hablamos de la crisis actual de Nicaragua es importante tomar en cuenta que la violencia que sucede hoy en d\u00eda tiene efectos muy claros y en el caso de las mujeres ind\u00edgenas de la costa atl\u00e1ntica est\u00e1 relacionado con la falta de acceso a la tierra y a procesos internos de desplazamiento muy fuertes.<\/p>\n\n\n\n<p class=\"wp-block-paragraph\">La investigadora mexicana Dolores Figueroa se\u00f1al\u00f3 lo anterior en una entrevista realizada para la Universidad de Costa Rica, donde se present\u00f3 con motivo del encuentro \u201cNicaragua 1979-2019: de la revoluci\u00f3n a la insurrecci\u00f3n\u201d, organizado por el Instituto de Investigaciones Sociales (IIS) tanto en la Sede Rodrigo Facio como en las sedes de Occidente y el Pac\u00edfico.<\/p>\n\n\n\n<p class=\"wp-block-paragraph\">La acad\u00e9mica del Centro de Investigaci\u00f3n y Estudios Avanzados en Antropolog\u00eda Social (CIESAS) en Ciudad de M\u00e9xico present\u00f3 el papel de las ind\u00edgenas nicarag\u00fcenses a lo largo de los \u00faltimos 40 a\u00f1os de revoluci\u00f3n, problem\u00e1tica de la que es experta gracias a sus trabajos en la costa del caribe de Nicaragua.<\/p>\n\n\n\n<p class=\"wp-block-paragraph\">Su referencia \u2013dijo- est\u00e1 basada en lo que sucede con la invasi\u00f3n a las tierras comunitarias ind\u00edgenas en gran parte de la costa norte de Nicaragua, sobre todo, en territorios ancestrales del pueblo Miskito. Se dan encontronazos de violencia en el momento que pobladores campesinos mestizos en busca de un lugar d\u00f3nde vivir invaden tierras ind\u00edgenas, porque ellos perciben que son territorios que no son de nadie.<\/p>\n\n\n\n<p class=\"wp-block-paragraph\">Algunos de estos campesinos van solos o con familia, pero otros tambi\u00e9n van auspiciados por algunas fuerzas pol\u00edticas y parte de esa gente va armada, entonces van empujando a los comunitarios que usan esas \u00e1reas y sus recursos naturales para su subsistencia.<\/p>\n\n\n\n<p class=\"wp-block-paragraph\">Las mujeres son afectadas porque ya no pueden ir a las fincas, ya no pueden ir a recolectar frutos, si van a los r\u00edos a pescar son secuestradas, son hostigadas o son violentadas. A las mujeres se les limita su libertad, se infringe violencia a sus cuerpos.<\/p>\n\n\n\n<p class=\"wp-block-paragraph\">Los que se quedan en las comunidades son los l\u00edderes varones, las mujeres, los ancianos y los ni\u00f1os son desplazados a otros lados que se consideran m\u00e1s seguros, entonces las comunidades comienzan a moverse de manera forzada cada vez m\u00e1s hacia la costa o buscan refugio en cascos urbanos.<\/p>\n\n\n\n<p class=\"wp-block-paragraph\">Ha habido tambi\u00e9n un gran acercamiento por parte de defensores de derechos humanos coste\u00f1os que est\u00e1n tratando de hacer visible el reclamo de paz de estas familias.<\/p>\n\n\n\n<p class=\"wp-block-paragraph\">La soci\u00f3loga retrata en sus trabajos la violencia que sufren constantemente los pueblos ind\u00edgenas, quienes han sido desplazados de sus tierras hist\u00f3ricamente como resultado del contexto de crisis pol\u00edtica que enfrenta su pa\u00eds y que han resentido no s\u00f3lo el abandono que sufren por parte de los gobiernos, sino tambi\u00e9n las mentiras de jerarcas actuales para mantenerse en el poder mientras pagan el precio los pueblos aut\u00f3ctonos, dice en la publicaci\u00f3n hecha por la Universidad de Costa Rica.<\/p>\n\n\n\n<p class=\"wp-block-paragraph\">\u2013 \u00bfC\u00f3mo se expresa la violencia hacia las mujeres ind\u00edgenas actualmente? \u00bfA cambiado en algo en los \u00faltimos a\u00f1os?<\/p>\n\n\n\n<p class=\"wp-block-paragraph\">\u2013 DF: Yo tengo la perspectiva de que es importante segmentar los hitos hist\u00f3ricos en estos 40 a\u00f1os, es un lapso de tiempo muy grande. Para hablar de la afectaci\u00f3n de las mujeres ind\u00edgenas en la costa atl\u00e1ntica es importante hacer una distinci\u00f3n entre el conflicto contrarrevolucionario de los ochentas y el conflicto de invasi\u00f3n de tierras de hoy.<\/p>\n\n\n\n<p class=\"wp-block-paragraph\">La revoluci\u00f3n de los ochentas fue un clima de total hostilidad con presencia militar en las comunidades, donde la gente vivi\u00f3 en carne propia desplazamiento, tortura y hostigamiento debido a la presencia de militares que limitaban su libertad y se sospechaba de ellos por ser ind\u00edgenas y por supuestamente representar un apoyo para la contra revolucionaria. Todo esto fue propio de la guerra de los ochentas.<\/p>\n\n\n\n<p class=\"wp-block-paragraph\">Sin embargo, al terminar el conflicto de los ochentas mucha gente intent\u00f3 reconstruir los da\u00f1os, recuperarse espiritualmente, en especial los comunitarios ind\u00edgenas que viv\u00edan a lo largo del r\u00edo Coco (o r\u00edo Wanki en Miskito), fueron familias que perdieron personas y nunca volvieron a estar unidos. Esa vida anterior no fue posible reconstruirla.<\/p>\n\n\n\n<p class=\"wp-block-paragraph\">Ocurri\u00f3 tambi\u00e9n que alzaron los \u00edndices de alcoholismo, drogadicci\u00f3n, o incluso violaci\u00f3n en los hogares ind\u00edgenas. Todo esto fueron manifestaciones de la violencia hacia la mujer. <\/p>\n\n\n\n<p class=\"wp-block-paragraph\">\u2013 \u00bfQu\u00e9 postura toman las poblaciones ind\u00edgenas en el contexto de insurrecci\u00f3n actual? \u00bfBuscan tener un rol activo o prefieren mantenerse distantes?<\/p>\n\n\n\n<p class=\"wp-block-paragraph\">\u2013DF: Desde 2007 cuando el frente sandinista volvi\u00f3 a tomar poder en el gobierno, se empez\u00f3 a implementar una nueva pol\u00edtica hacia la costa atl\u00e1ntica que descans\u00f3 en alianzas estrat\u00e9gicas con YATAMA (partido pol\u00edtico del pueblo Miskito).<\/p>\n\n\n\n<p class=\"wp-block-paragraph\">YATAMA controla el 35 % del electorado en la costa atl\u00e1ntica, entonces a principios de la campa\u00f1a electoral hicieron una alianza con Daniel Ortega, quien aseguraba el voto ind\u00edgena a su favor y ganaba el poder, tal como ocurri\u00f3. <\/p>\n\n\n\n<p class=\"wp-block-paragraph\">Daniel fue al r\u00edo a pedir disculpas por el enfrentamiento que sucedi\u00f3 en los ochentas y los simpatizantes de YATAMA votaron por \u00e9l. Pero una vez que lleg\u00f3 al poder \u00e9l empez\u00f3 a implementar mecanismos de control pol\u00edtico en la costa atl\u00e1ntica, es decir, a violar sistem\u00e1ticamente el principio de autodeterminaci\u00f3n y autonom\u00eda pol\u00edtica de los pueblos de la costa.<\/p>\n\n\n\n<p class=\"wp-block-paragraph\">Lo que han vivido los pueblos coste\u00f1os es como un robo por parte del frente y eso a generado otras din\u00e1micas como que gente del pueblo coste\u00f1o est\u00e9 metida en toda una din\u00e1mica de especulaci\u00f3n de tierras y son tierras ind\u00edgenas que deber\u00edan ser reserva ecol\u00f3gica, pero est\u00e1n siendo vendidas a particulares.<\/p>\n\n\n\n<p class=\"wp-block-paragraph\">Los coste\u00f1os se oponen a estos procesos con los medios que ellos conocen: denunciar, oponerse y sufrir en carne propia. Ellos denuncian que hay grupos de campesinos mestizos que llegan armados y los obligan a desplazarse.<\/p>\n\n\n\n<p class=\"wp-block-paragraph\">Ahora bien, en el contexto de las crisis del 2013, los medios de comunicaci\u00f3n pusieron mayor \u00e9nfasis en lo que pasaba en la costa del pac\u00edfico, en la figura de los estudiantes en las manifestaciones p\u00fablicas, lo cual est\u00e1 muy bien porque as\u00ed el mundo supo del autoritarismo de Daniel. <\/p>\n\n\n\n<p class=\"wp-block-paragraph\">Pero por otro lado ese enfoque en el pac\u00edfico de alguna manera deja en segundo plano lo que sufren los pueblos ind\u00edgenas de la costa atl\u00e1ntica, es decir, no se conoce, no se sabe, es una situaci\u00f3n compleja y adem\u00e1s es una regi\u00f3n aislada y de escasos recursos. Nadie lo ve.<\/p>\n\n\n\n<p class=\"wp-block-paragraph\">SEM\/UdC<\/p>\n","protected":false},"excerpt":{"rendered":"<p>Investigadora del CIESAS CDMX presenta sus hallazgos sobre pueblos ind\u00edgenas nicarag\u00fcenses <\/p>\n","protected":false},"author":3,"featured_media":12320,"comment_status":"open","ping_status":"open","sticky":false,"template":"","format":"standard","meta":{"_monsterinsights_skip_tracking":false,"footnotes":""},"categories":[690,56],"tags":[],"class_list":["post-12319","post","type-post","status-publish","format-standard","has-post-thumbnail","category-690","category-redes"],"_links":{"self":[{"href":"https:\/\/redsemlac.com\/semmexico\/wp-json\/wp\/v2\/posts\/12319","targetHints":{"allow":["GET"]}}],"collection":[{"href":"https:\/\/redsemlac.com\/semmexico\/wp-json\/wp\/v2\/posts"}],"about":[{"href":"https:\/\/redsemlac.com\/semmexico\/wp-json\/wp\/v2\/types\/post"}],"author":[{"embeddable":true,"href":"https:\/\/redsemlac.com\/semmexico\/wp-json\/wp\/v2\/users\/3"}],"replies":[{"embeddable":true,"href":"https:\/\/redsemlac.com\/semmexico\/wp-json\/wp\/v2\/comments?post=12319"}],"version-history":[{"count":0,"href":"https:\/\/redsemlac.com\/semmexico\/wp-json\/wp\/v2\/posts\/12319\/revisions"}],"wp:featuredmedia":[{"embeddable":true,"href":"https:\/\/redsemlac.com\/semmexico\/wp-json\/wp\/v2\/media\/12320"}],"wp:attachment":[{"href":"https:\/\/redsemlac.com\/semmexico\/wp-json\/wp\/v2\/media?parent=12319"}],"wp:term":[{"taxonomy":"category","embeddable":true,"href":"https:\/\/redsemlac.com\/semmexico\/wp-json\/wp\/v2\/categories?post=12319"},{"taxonomy":"post_tag","embeddable":true,"href":"https:\/\/redsemlac.com\/semmexico\/wp-json\/wp\/v2\/tags?post=12319"}],"curies":[{"name":"wp","href":"https:\/\/api.w.org\/{rel}","templated":true}]}}