{"id":12315,"date":"2019-09-27T20:27:34","date_gmt":"2019-09-27T20:27:34","guid":{"rendered":"https:\/\/redsemlac.com\/semmexico\/?p=12315"},"modified":"2023-07-21T15:11:32","modified_gmt":"2023-07-21T20:11:32","slug":"demanda-diputada-renuncia-del-titular-de-poder-judicial-de-tabasco","status":"publish","type":"post","link":"https:\/\/redsemlac.com\/semmexico\/demanda-diputada-renuncia-del-titular-de-poder-judicial-de-tabasco\/","title":{"rendered":"Demanda diputada renuncia del titular de Poder Judicial de Tabasco"},"content":{"rendered":"\n<ul class=\"wp-block-list\"><li><strong>La agresi\u00f3n a una v\u00edctima es el juzgado por no activar protocolos de seguridad<\/strong><\/li><\/ul>\n\n\n\n<ul class=\"wp-block-list\"><li><strong>Dolores Zurita Guti\u00e9rrez tambi\u00e9n pidi\u00f3 que por \u00e9tica deje su cargo titular de la SSP<\/strong><\/li><\/ul>\n\n\n\n<p class=\"wp-block-paragraph\"><strong>Lorena Vaniezcot<\/strong><br> SemM\u00e9xico, Tabasco, 27 septiembre 2019.- La diputada local Dolores Guti\u00e9rrez Zurita responsabiliz\u00f3 al Poder Judicial de Tabasco y a la Secretar\u00eda de Seguridad P\u00fablica y pidi\u00f3 la renuncia de sus titulares por los hechos registrados este jueves, donde una mujer fue lesionada por su ex pareja mientras esperaban el inicio de la audiencia intermedia por un juicio de violencia familiar.<\/p>\n\n\n\n<p class=\"wp-block-paragraph\">La presidenta de la Comisi\u00f3n de Derechos Humanos, Igualdad de G\u00e9nero y Asuntos de la Frontera Sur de la LXIII Legislatura del Estado, en su cuenta de Facebook y que confirm\u00f3 v\u00eda telef\u00f3nica, pidi\u00f3 la renuncia del Presidente del Tribunal Superior de Justicia de esa entidad, Enrique Priego Oropeza, as\u00ed como del titular de la Secretar\u00eda de Seguridad P\u00fablica, \u00c1ngel Mario Balc\u00e1zar.<\/p>\n\n\n\n<p class=\"wp-block-paragraph\">Que renuncien \u201cpor \u00e9tica profesional, pero no lo har\u00e1n porque carecen de ella y porque forman parte del c\u00edrculo \u00edntimo de amigos del Gobernador Ad\u00e1n Augusto L\u00f3pez Hern\u00e1ndez\u201d, escribe la diputada tabasque\u00f1a.<\/p>\n\n\n\n<p class=\"wp-block-paragraph\">Guti\u00e9rrez Zurita, del PRD, se\u00f1ala que lo ocurrido en los juzgados, \u201ccuando una se\u00f1ora asisti\u00f3 valientemente a su audiencia en un caso de violencia de g\u00e9nero y fue cobardemente apu\u00f1aleada al parecer por su ex pareja, es responsabilidad del Poder Judicial y de la Secretar\u00eda de Seguridad P\u00fablica del Estado, por no activar los protocolos de protecci\u00f3n a v\u00edctimas dentro de las instalaciones del Juzgado. <\/p>\n\n\n\n<p class=\"wp-block-paragraph\"><strong>TSJ: resultado de la descomposici\u00f3n<\/strong><\/p>\n\n\n\n<p class=\"wp-block-paragraph\">El poder Judicial de Tabasco lament\u00f3 los hechos en los que una mujer fue lesionada por su expareja, mientras esperaba el inicio de la audiencia intermedia relativa al juicio de violencia familiar, y asegur\u00f3 que \u201cestos hechos que muestran el nivel de descomposici\u00f3n que presenta nuestra sociedad\u201d.<\/p>\n\n\n\n<p class=\"wp-block-paragraph\">En un comunicado, se comprometi\u00f3 a aplicar de forma irrestricta la ley y garantizar \u201ca los tabasque\u00f1os\u201d la acci\u00f3n punitiva del Estado bajo las garant\u00edas que nos proporcionan la Constituci\u00f3n y las leyes que de ella emanan.<\/p>\n\n\n\n<p class=\"wp-block-paragraph\">Lo anterior luego de que la ma\u00f1ana de este jueves Ana Mar\u00eda \u201cN\u201d fue lesionada con un cuchillo que llevaba escondido dentro de una carpeta, por Roberto \u201cN\u201d, su ex pareja, en la sala 4 del Centro de Justicia de Oralidad, de la regi\u00f3n 9, donde ambos esperaban el inicio de la audiencia intermedia del juicio por violencia familiar.<\/p>\n\n\n\n<p class=\"wp-block-paragraph\">Tambi\u00e9n se\u00f1ala que el Poder Judicial ha demostrado su compromiso con acciones afirmativas para prevenir, sancionar y erradicar la violencia contra la mujer, tal como establece la Convenci\u00f3n Interamericana de Belem do Par\u00e1. Y asegura que toda agresi\u00f3n contra las mujeres es contra la sociedad, \u201cvivimos en un Estado de derecho y las desavenencias deben ser procesadas en el marco que nos da la ley\u201d.<\/p>\n\n\n\n<p class=\"wp-block-paragraph\">Explica que luego de la agresi\u00f3n contra la v\u00edctima, la brigada de salud que se encontraba en el lugar prest\u00f3 los primeros auxilios y m\u00e1s tarde param\u00e9dicos de la Cruz Roja la trasladaron en ambulancia al hospital Gustavo A. Rovirosa P\u00e9rez, para recibir atenci\u00f3n m\u00e9dica especializada.<\/p>\n\n\n\n<p class=\"wp-block-paragraph\">Jorge Ortiz P\u00e9rez, coordinador de asistencia m\u00e9dica del hospital Gustavo A. Rovirosa, inform\u00f3 que la v\u00edctima presenta 11 lesiones causadas por arma punzocortante, lo que provoc\u00f3 da\u00f1os en el intestino, pero su estado de salud es estable.<\/p>\n\n\n\n<p class=\"wp-block-paragraph\">Adem\u00e1s, dice en su comunicado, polic\u00edas estatales que atend\u00edan otra audiencia en el centro de justicia ubicado en la rancher\u00eda Medell\u00edn y Pig\u00fca, en el kil\u00f3metro 6+800 de la carretera Villahermosa-Frontera, detuvieron al agresor y lo trasladaron a los separos de una de las salas de juicios orales.<\/p>\n\n\n\n<p class=\"wp-block-paragraph\">SEM\/sj<\/p>\n","protected":false},"excerpt":{"rendered":"<p>La agresi\u00f3n a una v\u00edctima es el juzgado por no activar protocolos de seguridad<\/p>\n","protected":false},"author":3,"featured_media":12316,"comment_status":"open","ping_status":"open","sticky":false,"template":"","format":"standard","meta":{"_monsterinsights_skip_tracking":false,"footnotes":""},"categories":[690,50],"tags":[],"class_list":["post-12315","post","type-post","status-publish","format-standard","has-post-thumbnail","category-690","category-congreso"],"_links":{"self":[{"href":"https:\/\/redsemlac.com\/semmexico\/wp-json\/wp\/v2\/posts\/12315","targetHints":{"allow":["GET"]}}],"collection":[{"href":"https:\/\/redsemlac.com\/semmexico\/wp-json\/wp\/v2\/posts"}],"about":[{"href":"https:\/\/redsemlac.com\/semmexico\/wp-json\/wp\/v2\/types\/post"}],"author":[{"embeddable":true,"href":"https:\/\/redsemlac.com\/semmexico\/wp-json\/wp\/v2\/users\/3"}],"replies":[{"embeddable":true,"href":"https:\/\/redsemlac.com\/semmexico\/wp-json\/wp\/v2\/comments?post=12315"}],"version-history":[{"count":0,"href":"https:\/\/redsemlac.com\/semmexico\/wp-json\/wp\/v2\/posts\/12315\/revisions"}],"wp:featuredmedia":[{"embeddable":true,"href":"https:\/\/redsemlac.com\/semmexico\/wp-json\/wp\/v2\/media\/12316"}],"wp:attachment":[{"href":"https:\/\/redsemlac.com\/semmexico\/wp-json\/wp\/v2\/media?parent=12315"}],"wp:term":[{"taxonomy":"category","embeddable":true,"href":"https:\/\/redsemlac.com\/semmexico\/wp-json\/wp\/v2\/categories?post=12315"},{"taxonomy":"post_tag","embeddable":true,"href":"https:\/\/redsemlac.com\/semmexico\/wp-json\/wp\/v2\/tags?post=12315"}],"curies":[{"name":"wp","href":"https:\/\/api.w.org\/{rel}","templated":true}]}}