{"id":12310,"date":"2019-09-27T17:42:24","date_gmt":"2019-09-27T17:42:24","guid":{"rendered":"https:\/\/redsemlac.com\/semmexico\/?p=12310"},"modified":"2023-07-21T15:11:32","modified_gmt":"2023-07-21T20:11:32","slug":"28s","status":"publish","type":"post","link":"https:\/\/redsemlac.com\/semmexico\/28s\/","title":{"rendered":"28 de septiembre: D\u00eda de Acci\u00f3n Global por aborto legal y seguro, mujeres se preparan para la movilizaci\u00f3n"},"content":{"rendered":"\n<ul class=\"wp-block-list\"><li><strong>Se unir\u00e1n al \u201cGrito Global por el\nAborto Legal\u201d<\/strong><\/li><\/ul>\n\n\n\n<p class=\"wp-block-paragraph\"><strong>Elda Montiel <\/strong><\/p>\n\n\n\n<p class=\"wp-block-paragraph\">SemM\u00e9xico.\nCiudad de M\u00e9xico. 27 de septiembre 2019.- El 28 de septiembre es el \u201cD\u00eda de\nAcci\u00f3n Global por el acceso al aborto legal y seguro\u201d convocada por los grupos\nde mujeres y el movimiento feminista para exigir a sus gobiernos a despenalizar\nel aborto. <\/p>\n\n\n\n<p class=\"wp-block-paragraph\">Este a\u00f1o, la\nCampa\u00f1a Nacional por el Derecho al aborto legal, Seguro y Gratuito en Argentina\nlanzo un llamado internacional para unirse al \u201cGrito Global por el Aborto Legal\u201d\n<\/p>\n\n\n\n<p class=\"wp-block-paragraph\">El tambi\u00e9n\nconocido como el \u201cD\u00eda por la Despenalizaci\u00f3n y\nLegalizaci\u00f3n del Aborto\u201d celebrado a nivel mundial desde 1990, se iniciar\u00e1 en\nM\u00e9xico con las actividades en la C\u00e1mara de Diputados a las 11 de la ma\u00f1ana con\nel \u201cPa\u00f1uelazo y Parlamento Abierto por el Aborto seguro y gratuito\u201d con la participaci\u00f3n de especialistas, acad\u00e9micas, defensoras\nde DDHH, ciudadanas, organizaciones de la sociedad civil y colectivas. <\/p>\n\n\n\n<figure class=\"wp-block-image\"><img decoding=\"async\" src=\"https:\/\/redsemlac.com\/semmexico\/wp-content\/uploads\/2019\/09\/71481667_2686737568055652_4468107065608372224_o-682x1024.jpg\" alt=\"\" class=\"wp-image-12313\"\/><\/figure>\n\n\n\n<p class=\"wp-block-paragraph\">Convocada por el Parlamento Abierto de la LXIV Legislatura encabezada\npor la diputada Lorena Villavicencio.<\/p>\n\n\n\n<p class=\"wp-block-paragraph\">Asimismo,\neste &nbsp;28 de septiembre seguir\u00e1n las\nactividades en 16 ciudades, en la Ciudad de\nM\u00e9xico se convoca a una marcha que iniciar\u00e1 a las 3 de la tarde que parte del Monumento\nen la Madre. Los estados que est\u00e1n convocando a marcha adem\u00e1s de la Ciudad de\nM\u00e9xico son: Aguascalientes, Chihuahua, Monterrey, Quintana Roo, Tamaulipas. <\/p>\n\n\n\n<p class=\"wp-block-paragraph\">En otras entidades del pa\u00eds como\nChiapas, Guadalajara, Hermosillo, Le\u00f3n, Matamoros, Guadalajara, Hermosillo,\nMonterrey, Oaxaca, Quintana Roo, Michoac\u00e1n, Tijuana, Toluca, Veracruz y Yucat\u00e1n\ntambi\u00e9n realizar\u00e1n diversas actividades.<\/p>\n\n\n\n<p class=\"wp-block-paragraph\">En el Encuentro Feminista\nLatinoamericano y del Caribe celebrado en Argentina en 1990, la Asamblea del\nMovimiento Feminista Latinoamericano decidi\u00f3 declarar el 28 de septiembre como\nel D\u00eda por la Despenalizaci\u00f3n del Aborto, ante las complicaciones por el aborto\ninseguro y clandestino que constituyen la primera causa de mortalidad de las\nmujeres en muchos pa\u00edses de la regi\u00f3n.<\/p>\n\n\n\n<p class=\"wp-block-paragraph\">A partir de entonces m\u00e1s\norganizaciones de mujeres se han sumado a la campa\u00f1a de presi\u00f3n para demandar\nla despenalizaci\u00f3n del aborto en la regi\u00f3n latinoamericana y caribe\u00f1a. <\/p>\n","protected":false},"excerpt":{"rendered":"<p>Se unir\u00e1n al \u201cGrito Global por el Aborto Legal\u201d<\/p>\n","protected":false},"author":3,"featured_media":12311,"comment_status":"open","ping_status":"open","sticky":false,"template":"","format":"standard","meta":{"_monsterinsights_skip_tracking":false,"footnotes":""},"categories":[690,54],"tags":[],"class_list":["post-12310","post","type-post","status-publish","format-standard","has-post-thumbnail","category-690","category-mujeres"],"_links":{"self":[{"href":"https:\/\/redsemlac.com\/semmexico\/wp-json\/wp\/v2\/posts\/12310","targetHints":{"allow":["GET"]}}],"collection":[{"href":"https:\/\/redsemlac.com\/semmexico\/wp-json\/wp\/v2\/posts"}],"about":[{"href":"https:\/\/redsemlac.com\/semmexico\/wp-json\/wp\/v2\/types\/post"}],"author":[{"embeddable":true,"href":"https:\/\/redsemlac.com\/semmexico\/wp-json\/wp\/v2\/users\/3"}],"replies":[{"embeddable":true,"href":"https:\/\/redsemlac.com\/semmexico\/wp-json\/wp\/v2\/comments?post=12310"}],"version-history":[{"count":0,"href":"https:\/\/redsemlac.com\/semmexico\/wp-json\/wp\/v2\/posts\/12310\/revisions"}],"wp:featuredmedia":[{"embeddable":true,"href":"https:\/\/redsemlac.com\/semmexico\/wp-json\/wp\/v2\/media\/12311"}],"wp:attachment":[{"href":"https:\/\/redsemlac.com\/semmexico\/wp-json\/wp\/v2\/media?parent=12310"}],"wp:term":[{"taxonomy":"category","embeddable":true,"href":"https:\/\/redsemlac.com\/semmexico\/wp-json\/wp\/v2\/categories?post=12310"},{"taxonomy":"post_tag","embeddable":true,"href":"https:\/\/redsemlac.com\/semmexico\/wp-json\/wp\/v2\/tags?post=12310"}],"curies":[{"name":"wp","href":"https:\/\/api.w.org\/{rel}","templated":true}]}}