{"id":12307,"date":"2019-09-27T17:24:00","date_gmt":"2019-09-27T17:24:00","guid":{"rendered":"https:\/\/redsemlac.com\/semmexico\/?p=12307"},"modified":"2023-07-21T15:11:32","modified_gmt":"2023-07-21T20:11:32","slug":"opinion-131","status":"publish","type":"post","link":"https:\/\/redsemlac.com\/semmexico\/opinion-131\/","title":{"rendered":"Mujer y Poder"},"content":{"rendered":"\n<h2 class=\"wp-block-heading\"><strong>El Lustro de Ayotzinapa<\/strong><\/h2>\n\n\n\n<p class=\"wp-block-paragraph\"><strong>Natalia\nVidales Rodr\u00edguez <\/strong><\/p>\n\n\n\n<p class=\"wp-block-paragraph\">SemM\u00e9xico. 27 de septiembre 2019<strong>.- <\/strong>Los Lustros en la Roma antigua \u2013que se celebraban cada\ncinco a\u00f1os y de ah\u00ed el t\u00e9rmino actual\u2014 era una costumbre&nbsp; que ten\u00eda por objeto limpiar,&nbsp; renovarse &nbsp;mediante una serie de ritos y ceremoniales para\ndar paso a lo purificado (ac\u00e1 en M\u00e9xico le llamar\u00edamos sexenio, por aquello de\nque cada Presidente cree que lleg\u00f3 para&nbsp;\npartir&nbsp; los montes). <\/p>\n\n\n\n<p class=\"wp-block-paragraph\">As\u00ed, la investigaci\u00f3n sobre los\nhomicidios de los 43 normalistas de Ayotzinapa, se iniciar\u00e1 \u201cde cero\u201d, dando\npor hecho de que todo lo descubierto anteriormente&nbsp; sobre el caso&nbsp;\nest\u00e1 corrompido. <\/p>\n\n\n\n<p class=\"wp-block-paragraph\">Pero \u00bfqu\u00e9 pregunta de los deudos\nde los estudiantes no ha sido ya contestada hasta lo ministerialmente posible?:\nPas\u00f3 que los j\u00f3venes fueron secuestrados, asesinados, incinerados y sus&nbsp; restos arrojados al R\u00edo San Juan en las\ncercan\u00edas de un basurero de Cocula para hacerlos desaparecer. <\/p>\n\n\n\n<p class=\"wp-block-paragraph\">Pero los padres de los j\u00f3venes piden\nque les regresen a&nbsp; sus hijos vivos, tal\ny como se los llevaron, lo cual es imposible, y, a sabiendas,&nbsp; el actual gobierno alimenta\nirresponsablemente la&nbsp; vana\nesperanza&nbsp; de que eso suceda.&nbsp;&nbsp; &nbsp;&nbsp;<\/p>\n\n\n\n<p class=\"wp-block-paragraph\">La ley se\u00f1ala, por cierto, &nbsp;que, en un caso como ese, tras dos a\u00f1os de la\ndesaparici\u00f3n de una persona ha de ten\u00e9rsele por presuntamente muerta. &nbsp;<\/p>\n\n\n\n<p class=\"wp-block-paragraph\">Y es parad\u00f3jico que el gobierno\nse refiera a los parientes de los desaparecidos como deudos, mientras&nbsp; \u00e9stos elevan la petici\u00f3n de que \u201csi vivos se\nlos llevaron, vivos los queremos\u201d. La esperanza de los padres ha sido avivada\npor el nuevo r\u00e9gimen, aunque todo indica que el tema&nbsp; se limitar\u00e1 en realidad a culpar a los\nresponsables de la investigaci\u00f3n del sexenio pasado, &nbsp;para saciar, &nbsp;de alguna manera, &nbsp;aquella leg\u00edtima exigencia de Justicia,&nbsp; mezcl\u00e1ndola con lo espurio de exhibir al\ngobierno anterior como incapaz&nbsp; (una\nobsesi\u00f3n que ya no provoca ninguna reacci\u00f3n de la ciudadan\u00eda porque ahora la\nresponsabilidad es del nuevo r\u00e9gimen). &nbsp;<\/p>\n\n\n\n<p class=\"wp-block-paragraph\">Lo elemental ya est\u00e1 probado: &nbsp;que los j\u00f3venes fueron secuestrados,\nasesinados, incinerados y sus restos arrojados a un r\u00edo, &nbsp;por el grupo <em>Guerrero Unidos<\/em>, &nbsp;apoyados\npor polic\u00edas municipales de Iguala, en el Estado de Guerrero, al haber sido\nse\u00f1alados como miembros de la banda rival<em>\nLos Rojos,<\/em> en hechos&nbsp; derivados luego\nde que el alcalde, Jos\u00e9 Luis Abarca,&nbsp;\nordenara la intercepci\u00f3n del autob\u00fas en que viajaban suponiendo que\nllegaban&nbsp; a&nbsp; boicotear,&nbsp;\nal d\u00eda siguiente, &nbsp;un evento de su\nesposa, Mar\u00eda de los \u00c1ngeles Pineda, directora del DIF municipal ( hoy ambos\npresos), cuando en realidad&nbsp; ah\u00ed solo\niban de paso a la CDMX para estar presentes en la conmemoraci\u00f3n del \u00b468. &nbsp;<\/p>\n\n\n\n<p class=\"wp-block-paragraph\">Pero ese resultado ministerial &#8211;producto\n&nbsp;de testimonios de&nbsp; participantes&nbsp;\nen los hechos, de peritajes, ex\u00e1menes y dem\u00e1s&#8211;&nbsp; simplemente no es aceptado por los familiares\nde los j\u00f3venes, porque, y&nbsp; como es muy\nfrecuente en los casos de las desapariciones, no se aceptan los hechos por el\npesar que significan y suele &nbsp;construirse\nuna realidad diferente. <\/p>\n\n\n\n<p class=\"wp-block-paragraph\">Ni la versi\u00f3n&nbsp; del padre Alejandro Solalinde (sacerdote&nbsp; de cabecera del Presidente L\u00f3pez Obrador), &nbsp;de que uno de los criminales le confes\u00f3\nsacramentalmente que as\u00ed ocurrieron las cosas; ni la localizaci\u00f3n de restos\n\u00f3seos en el basurero de uno de ellos, Alexander Mora Venancio; ni el hecho de\nque en el &nbsp;&nbsp;&nbsp;enfrentamiento inicial &nbsp;con la polic\u00eda, al ser interceptados, &nbsp;murieron seis personas, entre ellos tres\nnormalistas, &nbsp;25 m\u00e1s resultaron heridas y\nlos &nbsp;43 estudiantes entregados a la banda\nde criminales; nada de ello &nbsp;ha\nconvencido a los deudos. Y menos ocurrir\u00e1 mientras el gobierno les siga dando\nfalsas esperanzas y que solo &nbsp;alargar\u00e1 el\nperiodo de aceptaci\u00f3n de la realidad&nbsp;\n(\u201cla \u00fanica verdad hist\u00f3rica es que no hay verdad\u201d, dijo el nuevo\nencargado de las investigaciones, Alejandro Encinas, reanimando ya no la\nesperanza de los deudos sino solo su fe ciega). <\/p>\n\n\n\n<p class=\"wp-block-paragraph\">Es la realidad &#8211;no las entelequias\ndel actual gobierno&#8211;&nbsp;&nbsp;&nbsp; la que lleva a &nbsp;la resignaci\u00f3n: de haber operado normalmente\nel proceso de duelo, hoy, por&nbsp; el tiempo\ntranscurrido,&nbsp; ya le hubiera restado&nbsp; un tanto de dolor&nbsp; a la p\u00e9rdida, d\u00e1ndose paso&nbsp; al recuerdo del ser querido ya desprovisto de\nla ira, la negaci\u00f3n y dem\u00e1s per\u00edodos tanatol\u00f3gicos. <\/p>\n\n\n\n<p class=\"wp-block-paragraph\">Lo que hoy requieren los deudos\nes confortaci\u00f3n para &nbsp;dar esos pasos\naceptando los hechos; pero el gobierno les remueve la herida y, as\u00ed, permanecen\n&nbsp;atrapados sin salida.<\/p>\n\n\n\n<p class=\"wp-block-paragraph\">Todas las personas hemos pasado\npor momentos de duelo y hemos cre\u00eddo no poder superar la tristeza o el coraje,\npero,&nbsp; como escribi\u00f3 S\u00e9neca,&nbsp; <em>el<\/em> <em>Tiempo es un Dios que todo lo cura<\/em>, que\nle va quitando&nbsp; el ingrediente de dolor y\ndejando limpio&nbsp; al recuerdo. &nbsp;Sin embargo,&nbsp;\nes menester aceptar&nbsp; la presunci\u00f3n\nde la muerte, en este caso la desaparici\u00f3n definitiva de&nbsp; los j\u00f3venes&nbsp;\n(dado los hechos) para que empiece a correr ese tiempo.<\/p>\n\n\n\n<p class=\"wp-block-paragraph\">De otra manera ser\u00e1n rehenes de\nun gobierno que aprovecha tambi\u00e9n esta ocasi\u00f3n para decir que \u00e9l purificar\u00e1 los\nhechos, como ocurr\u00eda en la Roma antigua cada Lustro. <\/p>\n","protected":false},"excerpt":{"rendered":"<p>El Lustro de Ayotzinapa<\/p>\n","protected":false},"author":3,"featured_media":12308,"comment_status":"open","ping_status":"open","sticky":false,"template":"","format":"standard","meta":{"_monsterinsights_skip_tracking":false,"footnotes":""},"categories":[690,100,72],"tags":[],"class_list":["post-12307","post","type-post","status-publish","format-standard","has-post-thumbnail","category-690","category-mujer-y-poder","category-natalia-vidales"],"_links":{"self":[{"href":"https:\/\/redsemlac.com\/semmexico\/wp-json\/wp\/v2\/posts\/12307","targetHints":{"allow":["GET"]}}],"collection":[{"href":"https:\/\/redsemlac.com\/semmexico\/wp-json\/wp\/v2\/posts"}],"about":[{"href":"https:\/\/redsemlac.com\/semmexico\/wp-json\/wp\/v2\/types\/post"}],"author":[{"embeddable":true,"href":"https:\/\/redsemlac.com\/semmexico\/wp-json\/wp\/v2\/users\/3"}],"replies":[{"embeddable":true,"href":"https:\/\/redsemlac.com\/semmexico\/wp-json\/wp\/v2\/comments?post=12307"}],"version-history":[{"count":0,"href":"https:\/\/redsemlac.com\/semmexico\/wp-json\/wp\/v2\/posts\/12307\/revisions"}],"wp:featuredmedia":[{"embeddable":true,"href":"https:\/\/redsemlac.com\/semmexico\/wp-json\/wp\/v2\/media\/12308"}],"wp:attachment":[{"href":"https:\/\/redsemlac.com\/semmexico\/wp-json\/wp\/v2\/media?parent=12307"}],"wp:term":[{"taxonomy":"category","embeddable":true,"href":"https:\/\/redsemlac.com\/semmexico\/wp-json\/wp\/v2\/categories?post=12307"},{"taxonomy":"post_tag","embeddable":true,"href":"https:\/\/redsemlac.com\/semmexico\/wp-json\/wp\/v2\/tags?post=12307"}],"curies":[{"name":"wp","href":"https:\/\/api.w.org\/{rel}","templated":true}]}}