{"id":12300,"date":"2019-09-27T16:23:48","date_gmt":"2019-09-27T16:23:48","guid":{"rendered":"https:\/\/redsemlac.com\/semmexico\/?p=12300"},"modified":"2023-07-21T15:11:32","modified_gmt":"2023-07-21T20:11:32","slug":"merida-5","status":"publish","type":"post","link":"https:\/\/redsemlac.com\/semmexico\/merida-5\/","title":{"rendered":"Yalitza Aparicio celebra despenalizaci\u00f3n del aborto en Oaxaca"},"content":{"rendered":"\n<ul class=\"wp-block-list\"><li><strong>Se\npronunci\u00f3 abiertamente a favor del derecho de las mujeres a decidir sobre sus\ncuerpos.<\/strong><\/li><\/ul>\n\n\n\n<p class=\"wp-block-paragraph\"><strong>Lorena Castellanos\nRinc\u00f3n<\/strong><\/p>\n\n\n\n<p class=\"wp-block-paragraph\">SemM\u00e9xico. M\u00e9rida, Yucat\u00e1n. 27 de septiembre de 2019.- La\nactriz Yalitza Aparicio celebr\u00f3 la decisi\u00f3n del Congreso de Oaxaca de\ndespenalizar el aborto y se pronunci\u00f3 abiertamente a favor del derecho de las\nmujeres a decidir sobre sus cuerpos.<\/p>\n\n\n\n<p class=\"wp-block-paragraph\">Con motivo de su participaci\u00f3n en la Cumbre de Mujeres\nL\u00edderes Latinoamericanas y en el Congreso \u201cGente de Nueva\u201d, que se llevan a\ncabo este jueves y viernes en M\u00e9rida, la nominada al Oscar como Mejor Actriz\ndio estas declaraciones en conferencia de prensa.<\/p>\n\n\n\n<p class=\"wp-block-paragraph\">Ante m\u00e1s c\u00e1maras, mencion\u00f3 que para ella, la legalizaci\u00f3n\ndel aborto \u00abes correcta\u00bb, ya que en M\u00e9xico hay miles de mujeres y\nni\u00f1as que sufren abuso sexual, por lo que deben tener derecho a decidir si\nquieren tener o no al producto.<\/p>\n\n\n\n<p class=\"wp-block-paragraph\">En este sentido, Aparicio critic\u00f3 las posturas de muchos\nhombres que se pronuncian en contra del aborto, cuando ellos mismos han\n\u00ababandonado\u00bb a sus hijos.<\/p>\n\n\n\n<p class=\"wp-block-paragraph\">\u00abVeo mensajes de hombres donde dicen &#8216;\u00bfqu\u00e9 les pasa a\nlas mujeres? \u00bfPor qu\u00e9 quieren abortar? Son unas asesinas&#8217; y luego volteo a ver\na las mujeres que son madres solteras, que solas sacan adelante a sus hijos\ncreo que no es justo que hombres que han dejado sin apoyo econ\u00f3mico a sus\nhijos, que los han abandonado digan que no es justo un aborto cuando ellos no\nhan apoyado\u00bb.<\/p>\n\n\n\n<p class=\"wp-block-paragraph\">Por otra parte, la actriz se declar\u00f3 feminista y envi\u00f3 un\nmensaje a las mujeres de sororidad y empat\u00eda.<\/p>\n\n\n\n<p class=\"wp-block-paragraph\">\u00abSiempre he dicho que para que entre mujeres digamos\nhacia adelante nos debemos apoyar entre todas, eso lo aprend\u00ed durante el tour\nque tuvimos con la pel\u00edcula y fue maravilloso aprenderlo de manos de Marina de\nTavira, una gran mujer que me ense\u00f1\u00f3 con el ejemplo&#8230; Eso le dir\u00eda a las\nmujeres\u00bb.<\/p>\n\n\n\n<p class=\"wp-block-paragraph\">Cuestionada respecto a otros temas, tambi\u00e9n se pronunci\u00f3 a\nfavor del matrimonio igualitario, mismo que ya es legal en su natal Oaxaca.<\/p>\n\n\n\n<p class=\"wp-block-paragraph\">La Cumbre de Mujeres L\u00edderes re\u00fane en la capital yucateca a m\u00e1s de 300 mujeres de 10 diferentes pa\u00edses que intercambiar\u00e1n experiencias para impulsar la activaci\u00f3n econ\u00f3mica, cient\u00edfica, empresarial, tecnolog\u00eda y social de este sector de la poblaci\u00f3n. <\/p>\n","protected":false},"excerpt":{"rendered":"<p>Se pronunci\u00f3 abiertamente a favor del derecho de las mujeres a decidir sobre sus cuerpos.<\/p>\n","protected":false},"author":3,"featured_media":12301,"comment_status":"open","ping_status":"open","sticky":false,"template":"","format":"standard","meta":{"_monsterinsights_skip_tracking":false,"footnotes":""},"categories":[690,54],"tags":[],"class_list":["post-12300","post","type-post","status-publish","format-standard","has-post-thumbnail","category-690","category-mujeres"],"_links":{"self":[{"href":"https:\/\/redsemlac.com\/semmexico\/wp-json\/wp\/v2\/posts\/12300","targetHints":{"allow":["GET"]}}],"collection":[{"href":"https:\/\/redsemlac.com\/semmexico\/wp-json\/wp\/v2\/posts"}],"about":[{"href":"https:\/\/redsemlac.com\/semmexico\/wp-json\/wp\/v2\/types\/post"}],"author":[{"embeddable":true,"href":"https:\/\/redsemlac.com\/semmexico\/wp-json\/wp\/v2\/users\/3"}],"replies":[{"embeddable":true,"href":"https:\/\/redsemlac.com\/semmexico\/wp-json\/wp\/v2\/comments?post=12300"}],"version-history":[{"count":0,"href":"https:\/\/redsemlac.com\/semmexico\/wp-json\/wp\/v2\/posts\/12300\/revisions"}],"wp:featuredmedia":[{"embeddable":true,"href":"https:\/\/redsemlac.com\/semmexico\/wp-json\/wp\/v2\/media\/12301"}],"wp:attachment":[{"href":"https:\/\/redsemlac.com\/semmexico\/wp-json\/wp\/v2\/media?parent=12300"}],"wp:term":[{"taxonomy":"category","embeddable":true,"href":"https:\/\/redsemlac.com\/semmexico\/wp-json\/wp\/v2\/categories?post=12300"},{"taxonomy":"post_tag","embeddable":true,"href":"https:\/\/redsemlac.com\/semmexico\/wp-json\/wp\/v2\/tags?post=12300"}],"curies":[{"name":"wp","href":"https:\/\/api.w.org\/{rel}","templated":true}]}}