{"id":12298,"date":"2019-09-27T00:19:59","date_gmt":"2019-09-27T00:19:59","guid":{"rendered":"https:\/\/redsemlac.com\/semmexico\/?p=12298"},"modified":"2023-07-21T15:11:32","modified_gmt":"2023-07-21T20:11:32","slug":"opinion-130","status":"publish","type":"post","link":"https:\/\/redsemlac.com\/semmexico\/opinion-130\/","title":{"rendered":"Ambig\u00fa"},"content":{"rendered":"\n<h2 class=\"wp-block-heading\"><strong>Federalismo: con eso no se juega<\/strong><\/h2>\n\n\n\n<p class=\"wp-block-paragraph\"><strong>+ Germ\u00e1n le trae ganas a Silvano; lo quiere \u201cdesaparecer\u201d<\/strong><\/p>\n\n\n\n<p class=\"wp-block-paragraph\"><strong>+ IV Informe: las variantes y lo de siempre<\/strong><\/p>\n\n\n\n<p class=\"wp-block-paragraph\"><strong>+ Los recomendados de Batres; corrupci\u00f3n solo cambia de nombre<\/strong><\/p>\n\n\n\n<p class=\"wp-block-paragraph\"> <strong>Martha Elba Torres Mart\u00ednez<\/strong><\/p>\n\n\n\n<p class=\"wp-block-paragraph\">SemM\u00e9xico. 26 de septiembre 2019.- Efectivamente, moralmente derrota, la oposici\u00f3n \u2013espec\u00edficamente el PAN- abri\u00f3 un juego de inmensurables consecuencias que puede llevar a M\u00e9xico a escenarios catastr\u00f3ficos y a etapas superadas de autoritarismo. Comenz\u00f3 promoviendo la desaparici\u00f3n de Poderes en Veracruz por un tema de orden local, gobernado por Morena, y este revir\u00f3 con lo mismo para Guanajuato y Tamaulipas, por grave crisis de violencia e inseguridad.<\/p>\n\n\n\n<p class=\"wp-block-paragraph\">Que seamos francos, la delincuencia organizada ha cobrado la\nvida de cerca de 18 mil hombres, mujeres, ni\u00f1as y ni\u00f1os, en lo que va de este\n2019 y las instancias a las que le toca por ser delito de orden federal, no\nhacen nada por detener tal matanza. Hasta el a\u00f1o pasado, las jornadas\nsangrientas se cifraban en decenas, hoy son de centenas.<\/p>\n\n\n\n<p class=\"wp-block-paragraph\">Anteayer por la ma\u00f1ana, con Ciro G\u00f3mez Leyva escuchaba al ex\npanista y ahora morenista, el senador Germ\u00e1n Mart\u00ednez C\u00e1sares, proponiendo que\ntambi\u00e9n deber\u00edan desaparecer los Poderes en otros estados, entre ellos\nMichoac\u00e1n, por la frivolidad del gobernador. Mencion\u00f3 a Tepalcatepec,\ncolindante con Jalisco, por la incursi\u00f3n del CJNG el pasado 1 de septiembre,\npero ni una palabra por las masacres en Veracruz y Morelos, donde gobierna su\nahora partido.<\/p>\n\n\n\n<p class=\"wp-block-paragraph\">No s\u00e9 desde cuando la frivolidad es una causal para un\nprop\u00f3sito de tal naturaleza, pero da la idea de hasta d\u00f3nde puede avanzar\nMorena en reimplantar el autoritarismo, as\u00ed sea dinamitando el Sistema Federal\nMexicano, para imponer a fuerzas, la 4T.<\/p>\n\n\n\n<p class=\"wp-block-paragraph\">Y no nos perdamos en el laberinto de las especulaciones. La\ndesaparici\u00f3n de los poderes de un Estado \u2013de acuerdo al 76 constitucional- se\npuede suscitar en los casos de que los titulares de los poderes\nconstitucionales: i) quebranten los principios del r\u00e9gimen federal; ii)\nabandonen el ejercicio de sus funciones, a no ser que medie causa de fuerza\nmayor; iii) est\u00e9n imposibilitados f\u00edsicamente para el ejercicio de las\nfunciones inherentes a sus cargos, que afecten la vida del Estado, impidiendo\nla plena vigencia del orden jur\u00eddico; iv) prorroguen su permanencia en sus\ncargos despu\u00e9s de fenecido el per\u00edodo para el que fueron electos o nombrados\n\u2013aqu\u00ed s\u00ed aplicar\u00eda para Baja California, que a\u00fan no entra en funciones- y v)\npromuevan o adopten forma de gobierno o base de organizaci\u00f3n pol\u00edtica distintas\nde las fijadas en los art\u00edculos 40 y 115 de la Constituci\u00f3n.<\/p>\n\n\n\n<p class=\"wp-block-paragraph\">Cito a Gamboa (2006): \u201cSe atentar\u00eda contra la autonom\u00eda de\nlos estados al depositar en un \u00f3rgano federal, como lo es la C\u00e1mara de\nSenadores, la facultad suprema de calificar a su arbitrio, la legitimidad de\nlos poderes estaduales, as\u00ed como la legalidad de sus actos y la posibilidad de\nremover a los titulares de dichos poderes sin ninguna consideraci\u00f3n\u201d.<\/p>\n\n\n\n<p class=\"wp-block-paragraph\">Y ten\u00eda que suceder. Abocarnos a la documentaci\u00f3n hist\u00f3rica,\nporque la desaparici\u00f3n de poderes sirvi\u00f3 como instrumento de control autoritario\ndurante gran parte del siglo XX. Le serv\u00eda al presidente en turno para\ndestituir a un gobernador que no sirviera a su causa. As\u00ed, entre 1917 y 1975,\nel Senado dio causa a 62 solicitudes del Ejecutivo Federal, hasta que en 1978,\ncon la Ley Reglamentaria de la fracci\u00f3n V del art\u00edculo 76 pararon los procesos.\n<\/p>\n\n\n\n<p class=\"wp-block-paragraph\">\u00bfQu\u00e9 pas\u00f3? Pues que los presidentes encontraron maneras\nmenos formales para deshacerse de los gobernadores inc\u00f3modos, con las renuncias\n\u201cpor motivos de salud\u201d y con Carlos Salinas de Gortari que innov\u00f3 las\n\u201cconcertacesiones\u201d ante las asonadas electorales que en los noventas detonaba\nla oposici\u00f3n. Ejemplos.<\/p>\n\n\n\n<p class=\"wp-block-paragraph\">A Cuauht\u00e9moc C\u00e1rdenas, en Michoac\u00e1n, se le entregaron dos\ncabezas \u2013sentido figurado- Luis Mart\u00ednez Villica\u00f1a (1988) y Eduardo Villase\u00f1or\n(1992); en Tabasco, la de Salvador Neme (1992), hab\u00eda competido con L\u00f3pez\nObrador. Ya Ernesto Zedillo en la Presidencia intent\u00f3 tumbar a Roberto Madrazo\n(1994), por las presiones de Amlo, pero se le ceb\u00f3. Tambi\u00e9n fueron\nconcertacesionados, pero con el PAN, Ram\u00f3n Aguirre en Guanajuato y Fausto\nZapata en San Luis Potos\u00ed, ambos en 1991.<\/p>\n\n\n\n<p class=\"wp-block-paragraph\">Y vayamos al fondo: la desaparici\u00f3n de Poderes implica si\nbien el Ejecutivo, tambi\u00e9n el Legislativo y Judicial, as\u00ed que habr\u00eda que\narrasar con todas las estructuras y nombrar provisionales, comenzando por el\ngobernador. A este me refiero con las consecuencias inmensurables, porque\nsiguiendo la idiotez de Mart\u00ednez C\u00e1zares, a Silvano Aureoles y a la 74\nLegislatura, solo les faltan dos a\u00f1os para concluir el mandato y de acuerdo a\ntodas las mediciones oficiales, la estrategia de coordinaci\u00f3n con el Gobierno\nFederal en seguridad, est\u00e1 funcionando.<\/p>\n\n\n\n<p class=\"wp-block-paragraph\">Entonces, \u00bfse imaginan? Hay que parar todo, programas, leyes\ny juicios, solamente porque a Germ\u00e1n Mart\u00ednez se le hace fr\u00edvolo el gobernador.\nY bueno, tambi\u00e9n como si los mandatarios estatales estuvieran mancos, porque\nlos Poderes pueden recurrir a la Suprema Corte. Y sucede que cuando resuelva\n\u00a1chin! ya estamos en campa\u00f1as electorales.<\/p>\n\n\n\n<p class=\"wp-block-paragraph\">Pudo ser una puntada de quien, como director general del\nIMSS, se pudo considerar para competir por la gubernatura del que dice, es su\nestado, pero tampoco fue tranquilizante la respuesta de L\u00f3pez Obrador, ayer que\nle preguntaron al respecto: no est\u00e1 de acuerdo, pero los senadores \u2013sus\nlacayos- son libres de decidir\u2026<\/p>\n\n\n\n<p class=\"wp-block-paragraph\">\u00a0\u00a0\u00a0\u00a0\u00a0\u00a0\u00a0\u00a0\u00a0\u00a0\u00a0\u00a0\u00a0\u00a0\u00a0 \u00a0\u00a0\u00a0\u00a0\u00a0\u00a0\u00a0\u00a0\u00a0\u00a0\u00a0\u00a0\u00a0\u00a0\u00a0\u00a0\u00a0\u00a0\u00a0\u00a0\u00a0\u00a0\u00a0\u00a0\u00a0\u00a0\u00a0\u00a0\u00a0\u00a0\u00a0\u00a0\u00a0\u00a0\u00a0\u00a0\u00a0\u00a0\u00a0\u00a0\u00a0\u00a0\u00a0\u00a0\u00a0\u00a0\u00a0\u00a0\u00a0\u00a0\u00a0\u00a0\u00a0\u00a0\u00a0\u00a0\u00a0\u00a0<strong>\u00a0\u00a0\u00a0\u00a0 ***<\/strong><\/p>\n\n\n\n<p class=\"wp-block-paragraph\">La otra de Germ\u00e1n Mart\u00ednez, es que le enviaba su regalito a\nAureoles, con motivo de su IV Informe de Gobierno, ese mismo mi\u00e9rcoles 25.<\/p>\n\n\n\n<p class=\"wp-block-paragraph\">Puedo se\u00f1alar que fue un evento con variantes: 1.- no invit\u00f3\na nadie, ni presidente ni representante, ni a gobernadores vecinos; 2.- fue m\u00e1s\nuna comparecencia, llev\u00f3 sus l\u00e1minas para ilustrar con palitos y manzanitas e\nimprovisaba. Lo de siempre: 1.- el cerco de seguridad y las marchas, este d\u00eda\nlos ex empleados de la extinta Junta Local de Caminos y la inefable CNTE; 2.-\nel enanismo pol\u00edtico del presidente de la Mesa Directiva, el morenista Antonio\nMadriz.<\/p>\n\n\n\n<p class=\"wp-block-paragraph\">La organizaci\u00f3n y log\u00edstica estuvo a cargo del Congreso que\naprob\u00f3 en un principio el acceso a la prensa, en los palcos a reporteros, y por\ngoteo a c\u00e1maras en la planta baja. A la hora, ni lo uno ni lo otro, por lo que armaron\nla gorda. \u00bfY para qu\u00e9? si fue transmitido en vivo por el Sistema Michoacano de\nRadio y Televisi\u00f3n y por redes sociales. Por eso, esta columnista, bien c\u00f3moda\nen la oficina siguiendo el informe en vivo. <\/p>\n\n\n\n<p class=\"wp-block-paragraph\">En el siglo pasado, la prensa no toleraba este tipo de\ngroser\u00edas. Hasta por empezar tarde los eventos o las conferencias, acord\u00e1bamos\nel retiro en bola y a ver qui\u00e9n los segu\u00eda. Ya no. Con la p\u00e9rdida de la\nexclusividad para gestionar informaci\u00f3n, perdimos nuestra dignidad. Hoy, quien\nsea, con un dispositivo, comunica.<\/p>\n\n\n\n<p class=\"wp-block-paragraph\">Y retomo a Antonio Madriz, porque Morena, si quiere\nprogresar, debe sacudirse de ser el rompe y rasga de la pol\u00edtica. Silvano\nrecord\u00f3 que ya nada m\u00e1s le quedan dos a\u00f1os, que se lo sigan puteando, pero que\ntodos cerremos filas por Michoac\u00e1n, como \u00e9l cierra filas con el Presidente, por\nM\u00e9xico. Y cierto. No coincide en muchas decisiones de L\u00f3pez Obrador, pero ya no\nse confronta. Se aplac\u00f3. Todo por el estado. Pero sale este diputado con un\ndiscurso, de plano arrabalero. Vamos, no tuvo la capacidad mental de siquiera\nresponder a este planteamiento del mandatario.<\/p>\n\n\n\n<p class=\"wp-block-paragraph\">Antonio Madriz es como estos alcaldes \u2013en total 33, de\nMorena y otros partidos- que no firman el Mando \u00danico en seguridad, a pesar de\nque lo ha pedido el Presidente y Alfonso Durazo. La raz\u00f3n de tal rebeld\u00eda para\ncon la estrategia federal, ya dudo que sea exclusivamente financiera o\npol\u00edtica. Algo o alguien los detiene. <\/p>\n\n\n\n<p class=\"wp-block-paragraph\">El d\u00eda que realmente L\u00f3pez Obrador y Durazo le pongan atenci\u00f3n\na la negativa de sus ediles no solo de Michoac\u00e1n sino en otros estados, para\ncoordinarse, se van a encontrar con muchas sorpresas\u2026<\/p>\n\n\n\n<p class=\"wp-block-paragraph\">\u00a0\u00a0\u00a0\u00a0\u00a0\u00a0\u00a0\u00a0\u00a0\u00a0\u00a0\u00a0\u00a0\u00a0\u00a0\u00a0\u00a0\u00a0\u00a0\u00a0\u00a0\u00a0\u00a0\u00a0\u00a0\u00a0\u00a0\u00a0\u00a0\u00a0\u00a0\u00a0\u00a0\u00a0\u00a0\u00a0\u00a0\u00a0\u00a0\u00a0\u00a0\u00a0\u00a0\u00a0\u00a0\u00a0\u00a0\u00a0\u00a0\u00a0\u00a0\u00a0\u00a0\u00a0\u00a0\u00a0\u00a0\u00a0\u00a0\u00a0\u00a0\u00a0\u00a0\u00a0\u00a0\u00a0\u00a0\u00a0\u00a0\u00a0\u00a0\u00a0\u00a0\u00a0<strong>\u00a0\u00a0\u00a0 ***<\/strong><\/p>\n\n\n\n<p class=\"wp-block-paragraph\"><strong>LA COMIDILLA<\/strong><\/p>\n\n\n\n<p class=\"wp-block-paragraph\">La renuncia, el lunes 23, de Irene Levy Mustri al cargo de\nintegrante del Comit\u00e9 de Participaci\u00f3n Ciudadana del Sistema Nacional\nAnticorrupci\u00f3n, a trav\u00e9s de su cuenta de Twitter: \u201cLes deseo mucha suerte en la\nlucha contra la corrupci\u00f3n y la impunidad que tanto afecta a nuestro querido\nM\u00e9xico\u201d.<\/p>\n\n\n\n<p class=\"wp-block-paragraph\">Vio lo que muchos vemos, que la corrupci\u00f3n solo est\u00e1\ncambiando de nombres. <\/p>\n\n\n\n<p class=\"wp-block-paragraph\">Ese mismo d\u00eda, Exc\u00e9lsior document\u00f3 las liquidaciones\nestratosf\u00e9ricas que el Senado tendr\u00e1 que pagar a las y los 35 despedidos\n\u2013varios sin t\u00edtulo profesional-, que por recomendaci\u00f3n suya, entraron a laborar\na la C\u00e1mara. Son 11 millones de pesos de erogaci\u00f3n no prevista. \u00bfD\u00f3nde est\u00e1 la\npol\u00edtica de austeridad, anticorrupci\u00f3n; nada de recomendados ni asesores? <\/p>\n\n\n\n<p class=\"wp-block-paragraph\">Pero el Presidente dice que gobierna con el ejemplo. Claro,\nen su realidad palaciega\u2026<\/p>\n\n\n\n<p class=\"wp-block-paragraph\"><strong>Bibliograf\u00eda<\/strong><\/p>\n\n\n\n<p class=\"has-small-font-size wp-block-paragraph\">Gamboa, Claudia y Ayala, Arturo (2006) \u201cDesaparici\u00f3n de\nPoderes. Estudio Te\u00f3rico Doctrinal, de Antecedentes Constitucionales e\nHist\u00f3ricos, y de Iniciativas presentadas\u201d. C\u00e1mara de Diputados. M\u00e9xico.\nDisponible: http:\/\/www.diputados.gob.mx\/sedia\/<\/p>\n","protected":false},"excerpt":{"rendered":"<p>Federalismo: con eso no se juega<\/p>\n","protected":false},"author":3,"featured_media":9024,"comment_status":"open","ping_status":"open","sticky":false,"template":"","format":"standard","meta":{"_monsterinsights_skip_tracking":false,"footnotes":""},"categories":[690,99,90],"tags":[],"class_list":["post-12298","post","type-post","status-publish","format-standard","has-post-thumbnail","category-690","category-ambigu","category-martha-elba-torres-martinez"],"_links":{"self":[{"href":"https:\/\/redsemlac.com\/semmexico\/wp-json\/wp\/v2\/posts\/12298","targetHints":{"allow":["GET"]}}],"collection":[{"href":"https:\/\/redsemlac.com\/semmexico\/wp-json\/wp\/v2\/posts"}],"about":[{"href":"https:\/\/redsemlac.com\/semmexico\/wp-json\/wp\/v2\/types\/post"}],"author":[{"embeddable":true,"href":"https:\/\/redsemlac.com\/semmexico\/wp-json\/wp\/v2\/users\/3"}],"replies":[{"embeddable":true,"href":"https:\/\/redsemlac.com\/semmexico\/wp-json\/wp\/v2\/comments?post=12298"}],"version-history":[{"count":0,"href":"https:\/\/redsemlac.com\/semmexico\/wp-json\/wp\/v2\/posts\/12298\/revisions"}],"wp:featuredmedia":[{"embeddable":true,"href":"https:\/\/redsemlac.com\/semmexico\/wp-json\/wp\/v2\/media\/9024"}],"wp:attachment":[{"href":"https:\/\/redsemlac.com\/semmexico\/wp-json\/wp\/v2\/media?parent=12298"}],"wp:term":[{"taxonomy":"category","embeddable":true,"href":"https:\/\/redsemlac.com\/semmexico\/wp-json\/wp\/v2\/categories?post=12298"},{"taxonomy":"post_tag","embeddable":true,"href":"https:\/\/redsemlac.com\/semmexico\/wp-json\/wp\/v2\/tags?post=12298"}],"curies":[{"name":"wp","href":"https:\/\/api.w.org\/{rel}","templated":true}]}}