{"id":12292,"date":"2019-09-26T23:56:36","date_gmt":"2019-09-26T23:56:36","guid":{"rendered":"https:\/\/redsemlac.com\/semmexico\/?p=12292"},"modified":"2023-07-21T15:11:33","modified_gmt":"2023-07-21T20:11:33","slug":"la-iglesia-catolica-no-condena-el-aborto-en-muchos-casos","status":"publish","type":"post","link":"https:\/\/redsemlac.com\/semmexico\/la-iglesia-catolica-no-condena-el-aborto-en-muchos-casos\/","title":{"rendered":"La iglesia Cat\u00f3lica no condena el aborto en muchos casos"},"content":{"rendered":"\n<ul class=\"wp-block-list\"><li><strong>CDD hace un llamado a la jerarqu\u00eda de la Iglesia cat\u00f3lica y a la\nfeligres\u00eda a respetar la decisi\u00f3n de las mujeres a interrumpir un embarazo<\/strong><strong><\/strong><\/li><li><strong>Las y los cat\u00f3licos <\/strong><strong>apoyan que una mujer pueda hacerse un aborto en algunas circunstancias<\/strong><strong><\/strong><\/li><\/ul>\n\n\n\n<p class=\"wp-block-paragraph\"><strong>Redacci\u00f3n<\/strong><\/p>\n\n\n\n<p class=\"wp-block-paragraph\">SemM\u00e9xico,\nCiudad de M\u00e9xico, 26 septiembre 2019.- Oaxaca se convirti\u00f3 en el segundo estado\ndel pa\u00eds en despenalizar el aborto y garantizar los derechos reproductivos de\nlas mujeres, se\u00f1ala Cat\u00f3licas por el Derecho a Decidir.<\/p>\n\n\n\n<p class=\"wp-block-paragraph\">En\nun comunicado afirma que la condena de la jerarqu\u00eda de la\nIglesia cat\u00f3lica y los grupos conservadores hacia el aborto genera un ambiente\nde juicio, rechazo y discriminaci\u00f3n hacia las mujeres que han interrumpido un\nembarazo. <\/p>\n\n\n\n<p class=\"wp-block-paragraph\">El aborto inseguro es un serio problema de salud p\u00fablica\ny una violaci\u00f3n de los derechos humanos de las mujeres que necesita ser\nresuelto. De acuerdo con la Organizaci\u00f3n Mundial de la Salud, cada a\u00f1o mueren\n24 mil mujeres por abortos inseguros en el mundo. <\/p>\n\n\n\n<p class=\"wp-block-paragraph\">Ante esta realidad, nuestros obispos deber\u00edan\npreocuparse por defender la vida de las mujeres que se ven en la necesidad de\ninterrumpir un embarazo. Por ello, hacemos un llamado a la jerarqu\u00eda de\nla Iglesia cat\u00f3lica y a la feligres\u00eda a respetar la decisi\u00f3n de las mujeres a\ninterrumpir un embarazo y no juzgarlas, dice la organizaci\u00f3n.<\/p>\n\n\n\n<p class=\"wp-block-paragraph\">Se\u00f1ala\nque en un pa\u00eds predominantemente cat\u00f3lico, desde Cat\u00f3licas por el Derecho a\nDecidir consideramos importante difundir que nuestra Iglesia cat\u00f3lica no\ncondena el aborto en todas las circunstancias. <\/p>\n\n\n\n<p class=\"wp-block-paragraph\">Aun cuando la interrupci\u00f3n de un embarazo es una decisi\u00f3n\ndif\u00edcil y contraria al pensamiento de muchas personas, al interior de nuestra\nIglesia existen principios y normas que garantizan que las decisiones de las\nmujeres que toman este camino, ser\u00e1n respetadas y respaldadas: <\/p>\n\n\n\n<p class=\"wp-block-paragraph\"><strong>Libertad de\nconciencia<\/strong><\/p>\n\n\n\n<p class=\"wp-block-paragraph\">En la tradici\u00f3n cat\u00f3lica la libertad de\nconciencia tiene un gran valor porque es la base de la dignidad humana. Las decisiones tomadas en conciencia\nson decisiones moralmente v\u00e1lidas que deben ser respetadas. Por ello, no puede\nhaber condena ni pecado cuando las mujeres y adolescentes toman decisiones\ndif\u00edciles como la de interrumpir el embarazo, cuando han seguido los dictados\nde su conciencia convencidas de haber tomado la mejor decisi\u00f3n:<\/p>\n\n\n\n<p class=\"wp-block-paragraph\"><strong>Principio del Mejor Camino<\/strong><\/p>\n\n\n\n<p class=\"wp-block-paragraph\">Este principio se aplica cuando una persona se\nencuentra en un conflicto de valores o ante un dilema \u00e9tico de conciencia, como\npuede ser el caso de la interrupci\u00f3n de un embarazo, donde cualquiera de las\ndecisiones que tome no ser\u00e1 una decisi\u00f3n f\u00e1cil. En una situaci\u00f3n as\u00ed, las\npersonas tienen el derecho a elegir lo que consideren causar\u00e1 el menor da\u00f1o,\ndecisi\u00f3n que tomar\u00e1n siguiendo los dictados de su conciencia. En estos casos,\nlas personas no incurren en ning\u00fan mal moral, ni \u00e9ticamente, ni frente a Dios.<\/p>\n\n\n\n<p class=\"wp-block-paragraph\"><strong>C\u00f3digo\nde Derecho Can\u00f3nico<\/strong><\/p>\n\n\n\n<p class=\"wp-block-paragraph\">En el canon 1323 del C\u00f3digo de Derecho\nCan\u00f3nico, que es la ley de la Iglesia, se establecen las siguientes excepciones\npara la aplicaci\u00f3n de una pena: <\/p>\n\n\n\n<p class=\"wp-block-paragraph\">Cuando la mujer es menor de 16 a\u00f1os (No. 1)<\/p>\n\n\n\n<p class=\"wp-block-paragraph\">Cuando ignoraba que infring\u00eda una ley (No. 2)<\/p>\n\n\n\n<p class=\"wp-block-paragraph\">Si actu\u00f3 por violencia o de manera accidental\n(No. 3)<\/p>\n\n\n\n<p class=\"wp-block-paragraph\">Cuando actu\u00f3 presionada por miedo (No. 4)<\/p>\n\n\n\n<p class=\"wp-block-paragraph\">Si lo hizo por necesidad (No. 4)<\/p>\n\n\n\n<p class=\"wp-block-paragraph\">Si actu\u00f3 para evitar un grave da\u00f1o (No. 4)<\/p>\n\n\n\n<p class=\"wp-block-paragraph\">Si actu\u00f3 en leg\u00edtima defensa (No. 5)<\/p>\n\n\n\n<p class=\"wp-block-paragraph\">Cuando la mujer carec\u00eda de uso de raz\u00f3n (No.\n6)<\/p>\n\n\n\n<p class=\"wp-block-paragraph\">Si tomamos en cuenta que el C\u00f3digo de Derecho\nCan\u00f3nico contempla estas excepciones, podemos deducir que las autoridades\neclesi\u00e1sticas que lo elaboraron consideraron que una mujer que recurre al\naborto, no puede ser condenada en todos los casos.&nbsp; <\/p>\n\n\n\n<p class=\"wp-block-paragraph\">La posici\u00f3n actual de la jerarqu\u00eda cat\u00f3lica de\ncondenar el aborto en cualquier circunstancia desconoce una larga tradici\u00f3n\nsostenida desde los or\u00edgenes de la Iglesia, que aceptaba diversas posiciones al\nrespecto y permit\u00eda el debate interno acerca del aborto. Incluso, el mismo Papa\nFrancisco ha\nmanifestado que la Iglesia no tiene una palabra definitiva ni completa sobre\ntodo lo que afecta a la comunidad de fe y al mundo. <\/p>\n\n\n\n<p class=\"wp-block-paragraph\">Por otra parte, los resultados de la Encuesta\nNacional de Opini\u00f3n Cat\u00f3lica 2014, dan cuenta que entre la feligres\u00eda existe un\namplio apoyo para que una mujer pueda hacerse un aborto cuando: circunstancias:\n<\/p>\n\n\n\n<ul class=\"wp-block-list\"><li>Su vida est\u00e1 en peligro\n(80%)<\/li><li>El embarazo es resultado\nde una violaci\u00f3n (71%)<\/li><li>La salud de la mujer est\u00e1\nen riesgo (67%)&nbsp;&nbsp;&nbsp;&nbsp;&nbsp;&nbsp;&nbsp; <\/li><\/ul>\n\n\n\n<p class=\"wp-block-paragraph\">Otros datos de la misma encuesta arrojan que: <\/p>\n\n\n\n<ul class=\"wp-block-list\"><li>90% de la feligres\u00eda\nencuestada considera que las leyes que permiten el aborto no obligan a ninguna\nmujer a interrumpir un embarazo<\/li><li>74% apoyar\u00eda a su Iglesia\nsi \u00e9sta permite el aborto en algunas circunstancias<\/li><\/ul>\n\n\n\n<p class=\"wp-block-paragraph\">SEM\/sj<\/p>\n","protected":false},"excerpt":{"rendered":"<p>CDD hace un llamado a la jerarqu\u00eda de la Iglesia cat\u00f3lica y a la feligres\u00eda a respetar la decisi\u00f3n de las mujeres a interrumpir un embarazo<\/p>\n","protected":false},"author":3,"featured_media":12293,"comment_status":"open","ping_status":"open","sticky":false,"template":"","format":"standard","meta":{"_monsterinsights_skip_tracking":false,"footnotes":""},"categories":[690,54],"tags":[],"class_list":["post-12292","post","type-post","status-publish","format-standard","has-post-thumbnail","category-690","category-mujeres"],"_links":{"self":[{"href":"https:\/\/redsemlac.com\/semmexico\/wp-json\/wp\/v2\/posts\/12292","targetHints":{"allow":["GET"]}}],"collection":[{"href":"https:\/\/redsemlac.com\/semmexico\/wp-json\/wp\/v2\/posts"}],"about":[{"href":"https:\/\/redsemlac.com\/semmexico\/wp-json\/wp\/v2\/types\/post"}],"author":[{"embeddable":true,"href":"https:\/\/redsemlac.com\/semmexico\/wp-json\/wp\/v2\/users\/3"}],"replies":[{"embeddable":true,"href":"https:\/\/redsemlac.com\/semmexico\/wp-json\/wp\/v2\/comments?post=12292"}],"version-history":[{"count":0,"href":"https:\/\/redsemlac.com\/semmexico\/wp-json\/wp\/v2\/posts\/12292\/revisions"}],"wp:featuredmedia":[{"embeddable":true,"href":"https:\/\/redsemlac.com\/semmexico\/wp-json\/wp\/v2\/media\/12293"}],"wp:attachment":[{"href":"https:\/\/redsemlac.com\/semmexico\/wp-json\/wp\/v2\/media?parent=12292"}],"wp:term":[{"taxonomy":"category","embeddable":true,"href":"https:\/\/redsemlac.com\/semmexico\/wp-json\/wp\/v2\/categories?post=12292"},{"taxonomy":"post_tag","embeddable":true,"href":"https:\/\/redsemlac.com\/semmexico\/wp-json\/wp\/v2\/tags?post=12292"}],"curies":[{"name":"wp","href":"https:\/\/api.w.org\/{rel}","templated":true}]}}