{"id":12283,"date":"2019-09-26T23:07:39","date_gmt":"2019-09-26T23:07:39","guid":{"rendered":"https:\/\/redsemlac.com\/semmexico\/?p=12283"},"modified":"2023-07-21T15:11:33","modified_gmt":"2023-07-21T20:11:33","slug":"el-planeta-no-es-vuestro-y-nuestros-cuerpos-tampoco","status":"publish","type":"post","link":"https:\/\/redsemlac.com\/semmexico\/el-planeta-no-es-vuestro-y-nuestros-cuerpos-tampoco\/","title":{"rendered":"El planeta no es vuestro y nuestros cuerpos tampoco"},"content":{"rendered":"\n<p class=\"wp-block-paragraph\"><strong>* El 27 de septiembre, la Huelga\nClim\u00e1tica Mundial<\/strong><\/p>\n\n\n\n<p class=\"wp-block-paragraph\"><strong>* Las feministas participar\u00e1n en las\nmanifestaciones para exigir actuaci\u00f3n inmediata ante el colapso clim\u00e1tico<\/strong><\/p>\n\n\n\n<p class=\"wp-block-paragraph\"><strong><br>\nRedacci\u00f3n<\/strong><\/p>\n\n\n\n<p class=\"wp-block-paragraph\">SemM\u00e9xico\/AmecoPress,\nMadrid, 26 septiembre 2019.-&nbsp;Despu\u00e9s de una semana intensa de acciones y\ndebates en torno a la situaci\u00f3n actual y al futuro de nuestro planeta, llega el\nd\u00eda de la Huelga Clim\u00e1tica Mundial. Ma\u00f1ana, 27 de septiembre. <\/p>\n\n\n\n<p class=\"wp-block-paragraph\">Tambi\u00e9n\nen esa manifestaci\u00f3n estar\u00e1n las feministas para exigir actuaci\u00f3n inmediata\nante el colapso clim\u00e1tico. De hecho, desde hace d\u00edas, circula en las redes y\nasambleas la invitaci\u00f3n a \u201cmarchar juntas\u201d y con todas las que quieran en un\nbloque propio, te\u00f1ido de verde y violeta, para denunciar que \u201cel planeta no es\nvuestro y nuestros cuerpos tampoco\u201d.<\/p>\n\n\n\n<p class=\"wp-block-paragraph\">Feministas\npor el Clima naci\u00f3 de \u201cforma natural\u201d. As\u00ed lo compart\u00eda Concha Garc\u00eda en una\nconversaci\u00f3n con AmecoPress el pasado lunes. Porque era evidente que feministas\ny ecologistas ten\u00edan que confluir.<\/p>\n\n\n\n<p class=\"wp-block-paragraph\">As\u00ed\nsucedi\u00f3 en una amplia reuni\u00f3n en el que distintas generaciones de mujeres de\ndiferentes colectivos debatieron, hilaron puntos de coincidencia y propuestas\nque defender juntas. Nos lo contaba la activista feminista Justa Montero. De\nah\u00ed, surgi\u00f3 el espacio ecofeminista \u2018Feministas por el Clima\u2019, que re\u00fane a m\u00e1s\nde un centenar de mujeres de diferentes colectivos feministas y ecologistas de\nMadrid.<\/p>\n\n\n\n<p class=\"wp-block-paragraph\">Pronto\nsurgi\u00f3 una agenda cargada de propuestas y acciones en la semana de actividades\nfrente a la emergencia clim\u00e1tica, que ya anunciamos en AmecoPress. Ma\u00f1ana 27 de\nseptiembre, d\u00eda de la Huelga Clim\u00e1tica Mundial, marchar\u00e1n en un bloque propio,\nte\u00f1ido de verde y violeta, para denunciar que \u201cel planeta no es vuestro y\nnuestros cuerpos tampoco\u201d. Y despu\u00e9s, seguir\u00e1n.<\/p>\n\n\n\n<p class=\"wp-block-paragraph\">El\necofeminismo es una profunda cr\u00edtica al sistema, no a aspectos parciales del\nmismo, sino a su totalidad. Porque en la base de ese sistema se encuentra un\n\u201corden capitalista, patriarcal, racista, capacitista e insostenible\u201d.<\/p>\n\n\n\n<p class=\"wp-block-paragraph\">La\nlucha contra el cambio clim\u00e1tico y por la igualdad de g\u00e9nero guardan una\nprofunda relaci\u00f3n. El patriarcado se ha ocupado de que los da\u00f1os de la crisis\necol\u00f3gica se distribuyan de forma desigual, con sesgo de g\u00e9nero y la pobreza\necol\u00f3gica sea, en mayor proporci\u00f3n, femenina. Por ejemplo, se\u00f1alan desde\nFeministas por el Clima, las mujeres son ya el 80 % de las personas refugiadas\nclim\u00e1ticas.<\/p>\n\n\n\n<p class=\"wp-block-paragraph\">\u201cLa\ncrisis clim\u00e1tica afecta de manera gradual a diferentes estamentos de la\npoblaci\u00f3n, afecta m\u00e1s a las personas en situaci\u00f3n de vulnerabilidad y siempre\nson las mujeres las que est\u00e1n en ese lado\u201d, sostienen, haciendo suya la defensa\nde colectivos en los que tambi\u00e9n se cruzan diversas opresiones.<\/p>\n\n\n\n<p class=\"wp-block-paragraph\">Las\nmujeres cuidan la vida en medio de un sistema de valores y de una organizaci\u00f3n\necon\u00f3mica y social que arrasa con la vida. Es imprescindible contar con las\nmujeres para afrontar la crisis que vive la humanidad. Por eso \u00abel\necofeminismo es una respuesta\u00bb.<\/p>\n\n\n\n<p class=\"wp-block-paragraph\">Feministas\npor el Clima llama a la acci\u00f3n de las mujeres, que son \u201cparte imprescindible de\nla soluci\u00f3n\u201d. Y reclaman que se tomen medidas para poner la vida en el centro\npor encima de los beneficios de los grandes capitales, que se pongan en valor\nlas labores de cuidados y que se cuestione un sistema insostenible y\ndepredador.<\/p>\n\n\n\n<p class=\"wp-block-paragraph\">SEM\/AmecoPress<\/p>\n","protected":false},"excerpt":{"rendered":"<p>El 27 de septiembre, la Huelga Clim\u00e1tica Mundial<\/p>\n","protected":false},"author":3,"featured_media":12284,"comment_status":"open","ping_status":"open","sticky":false,"template":"","format":"standard","meta":{"_monsterinsights_skip_tracking":false,"footnotes":""},"categories":[690,53],"tags":[],"class_list":["post-12283","post","type-post","status-publish","format-standard","has-post-thumbnail","category-690","category-internacional"],"_links":{"self":[{"href":"https:\/\/redsemlac.com\/semmexico\/wp-json\/wp\/v2\/posts\/12283","targetHints":{"allow":["GET"]}}],"collection":[{"href":"https:\/\/redsemlac.com\/semmexico\/wp-json\/wp\/v2\/posts"}],"about":[{"href":"https:\/\/redsemlac.com\/semmexico\/wp-json\/wp\/v2\/types\/post"}],"author":[{"embeddable":true,"href":"https:\/\/redsemlac.com\/semmexico\/wp-json\/wp\/v2\/users\/3"}],"replies":[{"embeddable":true,"href":"https:\/\/redsemlac.com\/semmexico\/wp-json\/wp\/v2\/comments?post=12283"}],"version-history":[{"count":0,"href":"https:\/\/redsemlac.com\/semmexico\/wp-json\/wp\/v2\/posts\/12283\/revisions"}],"wp:featuredmedia":[{"embeddable":true,"href":"https:\/\/redsemlac.com\/semmexico\/wp-json\/wp\/v2\/media\/12284"}],"wp:attachment":[{"href":"https:\/\/redsemlac.com\/semmexico\/wp-json\/wp\/v2\/media?parent=12283"}],"wp:term":[{"taxonomy":"category","embeddable":true,"href":"https:\/\/redsemlac.com\/semmexico\/wp-json\/wp\/v2\/categories?post=12283"},{"taxonomy":"post_tag","embeddable":true,"href":"https:\/\/redsemlac.com\/semmexico\/wp-json\/wp\/v2\/tags?post=12283"}],"curies":[{"name":"wp","href":"https:\/\/api.w.org\/{rel}","templated":true}]}}