{"id":12217,"date":"2019-09-25T22:44:25","date_gmt":"2019-09-25T22:44:25","guid":{"rendered":"https:\/\/redsemlac.com\/semmexico\/?p=12217"},"modified":"2023-07-21T15:11:34","modified_gmt":"2023-07-21T20:11:34","slug":"guerrero-42","status":"publish","type":"post","link":"https:\/\/redsemlac.com\/semmexico\/guerrero-42\/","title":{"rendered":"Pide diputada de Guerrero, conformar Comisiones Unidas para erradicar la trata de personas"},"content":{"rendered":"\n<p class=\"wp-block-paragraph\"><strong>Josefina\nAguilar Pastor<\/strong><\/p>\n\n\n\n<p class=\"wp-block-paragraph\">SemM\u00e9xico. Chilpancingo, Guerrero, 25 de septiembre de\n2019.- Llama la diputada local Perla Edith Mart\u00ednez R\u00edos a conformar al\ninterior del Congreso Local, Comisiones Unidas contra\nel delito de la Trata de Personas, y de esa forma contribuir a abatir, atender\ny erradicar este delito.<\/p>\n\n\n\n<p class=\"wp-block-paragraph\">En el marco del D\u00eda Internacional contra la Explotaci\u00f3n Sexual y laTrata de Personas,\nconmemorado el pasado 23 de este mes de septiembre, -a 20 a\u00f1os de haberse\ninstaurado-, en tribuna, la diputada perredista llam\u00f3 al resto de sus hom\u00f3logos\nen especial a quienes integran las comisiones de Derechos&nbsp; de las Ni\u00f1as,\nNi\u00f1os y Adolescentes, Igualdad de G\u00e9nero, Desarrollo&nbsp; Social, Salud, Educaci\u00f3n, Derechos Humanos,\nentre otras, a integrarse en \u201cComisiones Unidas contra el delito de la Trata de\nPersonas\u201d.&nbsp;&nbsp;&nbsp;&nbsp;<\/p>\n\n\n\n<p class=\"wp-block-paragraph\">Esto dijo, como un aporte m\u00e1s del legislativo contra ese delito, as\u00ed como en el seguimiento del cumplimiento todas las acciones establecidas en las\ndistintas normas y leyes locales, estatales y federales en la materia \u201ccon la\nvoluntad pol\u00edtica de este Congreso, motivemos a m\u00e1s&nbsp;ciudadanos,\norganizaciones e instituciones, a erradicar de nuestra sociedad&nbsp;el\nrepugnante delito de la Trata de Personas\u201d, expuso.&nbsp;<\/p>\n\n\n\n<p class=\"wp-block-paragraph\">Mart\u00ednez R\u00edos refiri\u00f3 que la\ntrata de personas da\u00f1a por siempre y llega hasta a&nbsp;arrebatarle la\nvida&nbsp;a las v\u00edctimas; la falta de informaci\u00f3n y de alerta contra este\ndelito, hace que mujeres y j\u00f3venes no sepan de qu\u00e9, ni c\u00f3mo cuidarse para no\nconvertirse en v\u00edctimas de esta actividad que se realiza incluso dijo, a trav\u00e9s\ndel internet.<\/p>\n\n\n\n<p class=\"wp-block-paragraph\">No dej\u00f3 de mencionar la pr\u00e1ctica que se da en\nalgunas comunidades y pueblos ind\u00edgenas, donde por usos y costumbres, mujeres y\nni\u00f1as son vendidas por una \u201cdote\u201d, ya sea en especie o efectivo, mismas que son\nvistas por su compradores como objetos de los que pueden disponer a su antojo,\nactividad que es otra modalidad de trata, indic\u00f3.<\/p>\n\n\n\n<p class=\"wp-block-paragraph\">Si bien es cierto trafican con ni\u00f1as, ni\u00f1os,\nadolescentes, mujeres, hombres, las v\u00edctimas de este delito en su mayor\u00eda son\nmujeres, y un gran n\u00famero de ellas, menores de edad.<\/p>\n\n\n\n<p class=\"wp-block-paragraph\">Puntualiz\u00f3 que la trata no s\u00f3lo se refiere a\nla explotaci\u00f3n sexual, sino&nbsp;tambi\u00e9n a los casos de explotaci\u00f3n laboral o\nde extirpaci\u00f3n de \u00f3rganos para venderlos.<\/p>\n\n\n\n<p class=\"wp-block-paragraph\">En contra de este delito, existen Protocolos, reformas y la promulgaci\u00f3n de\nleyes, federales, estatales,&nbsp; la creaci\u00f3n de la Fiscal\u00eda Especial, de la&nbsp;Comisi\u00f3n Intersecretarial en el gobierno federal y\nactualmente la Alerta de G\u00e9nero, que han resultado insuficientes para erradicar\neste delito en el Estado de Guerrero, coment\u00f3 la legisladora.<\/p>\n\n\n\n<p class=\"wp-block-paragraph\">Entre estas disposiciones, mencion\u00f3 la Ley\nPara Prevenir y Erradicar la Trata de Personas, que en su art\u00edculo 10 se\u00f1ala\nque se&nbsp;tienen que instrumentar pol\u00edticas y acciones para prevenir y\nerradicar los delitos de trata de personas previstos en la Ley\nGeneral;&nbsp;apoyar la creaci\u00f3n de refugios o modelos de protecci\u00f3n y\nasistencia de emergencia; editar y producir materiales de difusi\u00f3n que orienten\ndebidamente a la sociedad, entre otras disposiciones.<\/p>\n\n\n\n<p class=\"wp-block-paragraph\">En tanto que el Gobierno del Estado, a trav\u00e9s de sus\ninstancias de asistencia social, debe promover brigadas\nvigilantes contra el trabajo infantil y los abusos a menores, impartir&nbsp;talleres de prevenci\u00f3n contra la trata de personas; realizar peri\u00f3dicamente&nbsp;jornadas para mantener la guardia arriba en el combate a este\ncrimen que atenta recalc\u00f3, contra la sociedad, las mujeres y menores de edad.<\/p>\n\n\n\n<p class=\"wp-block-paragraph\">El prop\u00f3sito, es brindar m\u00e1s seguridad y mejor orientaci\u00f3n a la sociedad; castigo a quienes han cometido esta barbarie; proporcionar ayuda y asistencia a quienes han sido v\u00edctimas del delito de Trata de Personas, de ah\u00ed insisti\u00f3 Mart\u00ednez R\u00edos, el llamado al Legislativo Local, a sumarse a estas acciones.<\/p>\n","protected":false},"excerpt":{"rendered":"<p>Llama la diputada local Perla Edith Mart\u00ednez R\u00edos a conformar al interior del Congreso Local, Comisiones Unidas contra el delito de la Trata de Personas<\/p>\n","protected":false},"author":3,"featured_media":12218,"comment_status":"open","ping_status":"open","sticky":false,"template":"","format":"standard","meta":{"_monsterinsights_skip_tracking":false,"footnotes":""},"categories":[690,50],"tags":[],"class_list":["post-12217","post","type-post","status-publish","format-standard","has-post-thumbnail","category-690","category-congreso"],"_links":{"self":[{"href":"https:\/\/redsemlac.com\/semmexico\/wp-json\/wp\/v2\/posts\/12217","targetHints":{"allow":["GET"]}}],"collection":[{"href":"https:\/\/redsemlac.com\/semmexico\/wp-json\/wp\/v2\/posts"}],"about":[{"href":"https:\/\/redsemlac.com\/semmexico\/wp-json\/wp\/v2\/types\/post"}],"author":[{"embeddable":true,"href":"https:\/\/redsemlac.com\/semmexico\/wp-json\/wp\/v2\/users\/3"}],"replies":[{"embeddable":true,"href":"https:\/\/redsemlac.com\/semmexico\/wp-json\/wp\/v2\/comments?post=12217"}],"version-history":[{"count":0,"href":"https:\/\/redsemlac.com\/semmexico\/wp-json\/wp\/v2\/posts\/12217\/revisions"}],"wp:featuredmedia":[{"embeddable":true,"href":"https:\/\/redsemlac.com\/semmexico\/wp-json\/wp\/v2\/media\/12218"}],"wp:attachment":[{"href":"https:\/\/redsemlac.com\/semmexico\/wp-json\/wp\/v2\/media?parent=12217"}],"wp:term":[{"taxonomy":"category","embeddable":true,"href":"https:\/\/redsemlac.com\/semmexico\/wp-json\/wp\/v2\/categories?post=12217"},{"taxonomy":"post_tag","embeddable":true,"href":"https:\/\/redsemlac.com\/semmexico\/wp-json\/wp\/v2\/tags?post=12217"}],"curies":[{"name":"wp","href":"https:\/\/api.w.org\/{rel}","templated":true}]}}