{"id":12149,"date":"2019-09-24T00:14:42","date_gmt":"2019-09-24T00:14:42","guid":{"rendered":"https:\/\/redsemlac.com\/semmexico\/?p=12149"},"modified":"2023-07-21T15:11:35","modified_gmt":"2023-07-21T20:11:35","slug":"nuevo-leon","status":"publish","type":"post","link":"https:\/\/redsemlac.com\/semmexico\/nuevo-leon\/","title":{"rendered":"Desde el Arte, Estela Le\u00f1ero aborda la violencia contra las mujeres"},"content":{"rendered":"\n<p class=\"wp-block-paragraph\"><strong>* El\nInstituto Estatal de las Mujeres en Nuevo Le\u00f3n, organiza reuni\u00f3n con la\nescritora.<\/strong><\/p>\n\n\n\n<p class=\"wp-block-paragraph\"><strong>* Llaman a\nlas mujeres a hacer un frente com\u00fan<\/strong><\/p>\n\n\n\n<p class=\"wp-block-paragraph\"><strong>Redacci\u00f3n<\/strong><\/p>\n\n\n\n<p class=\"wp-block-paragraph\">SemM\u00e9xico, Monterrey, N.L., 23 septiembre\n2019.- Con el tema Escritura teatral y la perspectiva de g\u00e9nero, el Instituto\nEstatal de las Mujeres present\u00f3 una conferencia con la escritora, periodista y\nmaestra de teatro, Estela Le\u00f1ero, quien abord\u00f3 el problema de la violencia\ncontra las mujeres e hizo un llamado a la unidad dentro de las diferentes\nmanifestaciones que defienden los derechos de la poblaci\u00f3n femenina.<\/p>\n\n\n\n<p class=\"wp-block-paragraph\">Martha\nCecilia Reyes Cruz, Presidenta Ejecutiva del IEMujeres, dijo que el arte es una\nherramienta muy poderosa para sensibilizar sobre las diferentes problem\u00e1ticas\nque hay en el pa\u00eds.<\/p>\n\n\n\n<p class=\"wp-block-paragraph\">\u00abLos\ntextos que hoy se leyeron tienen una gran fuerza, y el objetivo con eventos\ncomo este es que, a trav\u00e9s de diferentes espacios de reflexi\u00f3n, desde distintas\nplataformas y disciplinas, se sensibilice y promueva una vida libre de\nviolencia para las mujeres y las ni\u00f1as\u00bb, afirm\u00f3 la funcionaria.<\/p>\n\n\n\n<p class=\"wp-block-paragraph\">Agreg\u00f3 que\nlas mujeres necesitan estar unidas, a pesar de las diferencias que pueden\ntener, pues es importante buscar esas coincidencias, para estar unidas en esta\ncausa que es la igualdad.<\/p>\n\n\n\n<p class=\"wp-block-paragraph\">Por su\nparte, Le\u00f1ero abord\u00f3 las recientes manifestaciones registradas en la Ciudad de\nM\u00e9xico.<\/p>\n\n\n\n<p class=\"wp-block-paragraph\">\u00abLas\nexpresiones que se han dado en la CDMX han sido muy poderosas y representan un\ncambio generacional para interpretarlo como una advertencia, porque lo grave es\nque se va del micromachismo al feminicidio, de ah\u00ed a ac\u00e1 no est\u00e1 tan lejos. Por\nah\u00ed se empieza\u00bb, indic\u00f3.<\/p>\n\n\n\n<p class=\"wp-block-paragraph\">Las\nmanifestaciones recientes nos invitan a tener una frente en com\u00fan de las\nmujeres de las diferentes generaciones.<\/p>\n\n\n\n<p class=\"wp-block-paragraph\">\u00abHay\nque escuchar a las nuevas generaciones ah\u00ed est\u00e1 la punta de la flecha, es el\nlugar que necesitamos seguir\u00bb.<\/p>\n\n\n\n<p class=\"wp-block-paragraph\">Es un reto\npara las mujeres superar, conciliar o encontrar los puntos de encuentro dentro\nde las diferentes manifestaciones del feminismo, que no creo que estos\ndiferentes feminismos nos deber\u00edan separar, sino poder estar encima de esto y\nencontrar la alianza fundamental entre las mujeres, puntualiz\u00f3.<\/p>\n\n\n\n<p class=\"wp-block-paragraph\">En el\nevento se present\u00f3 un texto corto sobre violencia de g\u00e9nero titulado \u00abEl\nescape de Marcela\u00bb. La lectura del mon\u00f3logo estuvo a cargo de la actriz\nTere Medell\u00edn.<\/p>\n\n\n\n<p class=\"wp-block-paragraph\">SEM\/sl\/sj<\/p>\n","protected":false},"excerpt":{"rendered":"<p>El Instituto Estatal de las Mujeres en Nuevo Le\u00f3n, organiza reuni\u00f3n con la escritora.<\/p>\n","protected":false},"author":3,"featured_media":12150,"comment_status":"open","ping_status":"open","sticky":false,"template":"","format":"standard","meta":{"_monsterinsights_skip_tracking":false,"footnotes":""},"categories":[690,51],"tags":[],"class_list":["post-12149","post","type-post","status-publish","format-standard","has-post-thumbnail","category-690","category-ejecutivo"],"_links":{"self":[{"href":"https:\/\/redsemlac.com\/semmexico\/wp-json\/wp\/v2\/posts\/12149","targetHints":{"allow":["GET"]}}],"collection":[{"href":"https:\/\/redsemlac.com\/semmexico\/wp-json\/wp\/v2\/posts"}],"about":[{"href":"https:\/\/redsemlac.com\/semmexico\/wp-json\/wp\/v2\/types\/post"}],"author":[{"embeddable":true,"href":"https:\/\/redsemlac.com\/semmexico\/wp-json\/wp\/v2\/users\/3"}],"replies":[{"embeddable":true,"href":"https:\/\/redsemlac.com\/semmexico\/wp-json\/wp\/v2\/comments?post=12149"}],"version-history":[{"count":0,"href":"https:\/\/redsemlac.com\/semmexico\/wp-json\/wp\/v2\/posts\/12149\/revisions"}],"wp:featuredmedia":[{"embeddable":true,"href":"https:\/\/redsemlac.com\/semmexico\/wp-json\/wp\/v2\/media\/12150"}],"wp:attachment":[{"href":"https:\/\/redsemlac.com\/semmexico\/wp-json\/wp\/v2\/media?parent=12149"}],"wp:term":[{"taxonomy":"category","embeddable":true,"href":"https:\/\/redsemlac.com\/semmexico\/wp-json\/wp\/v2\/categories?post=12149"},{"taxonomy":"post_tag","embeddable":true,"href":"https:\/\/redsemlac.com\/semmexico\/wp-json\/wp\/v2\/tags?post=12149"}],"curies":[{"name":"wp","href":"https:\/\/api.w.org\/{rel}","templated":true}]}}