{"id":12126,"date":"2019-09-23T21:29:45","date_gmt":"2019-09-23T21:29:45","guid":{"rendered":"https:\/\/redsemlac.com\/semmexico\/?p=12126"},"modified":"2023-07-21T15:11:36","modified_gmt":"2023-07-21T20:11:36","slug":"cuba-14","status":"publish","type":"post","link":"https:\/\/redsemlac.com\/semmexico\/cuba-14\/","title":{"rendered":"Cuba: Ampl\u00eda Centro Nacional de Educaci\u00f3n Sexual servicios jur\u00eddicos"},"content":{"rendered":"\n<p class=\"wp-block-paragraph\"><strong>* Ubican servicios en las provincias\nde Santiago de Cuba y Sancti Sp\u00edritus<\/strong><\/p>\n\n\n\n<p class=\"wp-block-paragraph\"><strong>* Concretan un reclamo hist\u00f3rico de\nactivistas<\/strong><\/p>\n\n\n\n<p class=\"wp-block-paragraph\"><strong>Redacci\u00f3n<\/strong><\/p>\n\n\n\n<p class=\"wp-block-paragraph\">SemM\u00e9xico\/SEMlac,\nLa Habana, 23 septiembre 2019.- Descentralizar los&nbsp;<a href=\"http:\/\/redsemlac-cuba.net\/sociedad-cultura\/conocer-la-ley-para-ejercer-los-derechos.html\" target=\"_blank\" rel=\"noreferrer noopener\">servicios jur\u00eddicos<\/a>&nbsp;del&nbsp;<a href=\"https:\/\/www.facebook.com\/cenesex\/\" target=\"_blank\" rel=\"noreferrer noopener\">Centro Nacional de Educaci\u00f3n Sexual (Cenesex)<\/a>&nbsp;y abrir\nconsultor\u00edas en los territorios del pa\u00eds amplifica el impacto de estos\nespacios, los cuales buscan acompa\u00f1ar y orientar a las personas que\nexperimentan alg\u00fan tipo de vulneraci\u00f3n a sus derechos sexuales.<\/p>\n\n\n\n<p class=\"wp-block-paragraph\">En\nello coincidieron especialistas y activistas, quienes ratificaron a&nbsp;<a href=\"http:\/\/www.redsemlac-cuba.net\/quienes_somos.html\" target=\"_blank\" rel=\"noreferrer noopener\">SEMlac<\/a>&nbsp;la importancia de\ncontar, desde el pasado 10 de septiembre, con este tipo de servicios en las\nprovincias de Santiago de Cuba y Sancti Sp\u00edritus, ubicadas a 882 y 356\nkil\u00f3metros de La Habana, respectivamente.<\/p>\n\n\n\n<p class=\"wp-block-paragraph\"><br>\n<a href=\"http:\/\/directoriogenero.redsemlac-cuba.net\/manuel-vazquez-seijido-la-habana-1987\/\" target=\"_blank\" rel=\"noreferrer noopener\">Manuel V\u00e1zquez Seijido<\/a>, subdirector del\nCenesex, significa que con este paso \u00abse democratiza el acceso, toda vez\nque una persona al estar ubicada en el oriente o el centro del pa\u00eds, no tiene\nque moverse a la capital, sino que puede acceder a espacios mucho m\u00e1s\ncercanos\u00bb.<\/p>\n\n\n\n<p class=\"wp-block-paragraph\"><br>\nEstas acciones responden a un reclamo hist\u00f3rico de grupos de activistas y se\ninicia en Santiago de Cuba y Sancti Sp\u00edritus por las potencialidades de\nla&nbsp;<a href=\"http:\/\/www.unjc.co.cu\/\" target=\"_blank\" rel=\"noreferrer noopener\">Uni\u00f3n Nacional de Juristas\n(UNJC)&nbsp;<\/a>de\nesos escenarios, a\u00f1adi\u00f3.<\/p>\n\n\n\n<p class=\"wp-block-paragraph\"><br>\n\u00abEra vital esa alianza, pues la UNJC es una organizaci\u00f3n de la sociedad\ncivil que agrupa a la mayor\u00eda de los profesionales del Derecho en el pa\u00eds,\nd\u00edgase fiscales, jueces, abogados, asesores jur\u00eddicos&#8230; quienes har\u00edan m\u00e1s\nefectivos los procesos de atenci\u00f3n\u00bb, explic\u00f3 V\u00e1zquez Seijido.<\/p>\n\n\n\n<p class=\"wp-block-paragraph\"><br>\nAgreg\u00f3 que as\u00ed pueden aprovecharse las potencialidades log\u00edsticas de esa\norganizaci\u00f3n, con sede en cada provincia, lo que permite abrir un espacio\nf\u00edsico para recibir a las personas, contar con documentaci\u00f3n, ubicar los\nrecursos que se van a destinar a esos espacios, de manera que se cree un\nservicio con condiciones necesarias para poder desarrollar un proceso de\natenci\u00f3n efectivo.<br>\n<a href=\"http:\/\/directoriogenero.redsemlac-cuba.net\/yamila-gonzalez-ferrer-la-habana-1969\/\" target=\"_blank\" rel=\"noreferrer noopener\">Yamila Gonz\u00e1lez Ferrer<\/a>, vicepresidenta de la\nUNJC, explic\u00f3 que esta colaboraci\u00f3n entre ambas instituciones es fundamental.<\/p>\n\n\n\n<p class=\"wp-block-paragraph\"><br>\n\u00abTenemos la fortaleza de poder contar con equipos provinciales de nuestro\nproyecto \u00abJusticia en clave de g\u00e9nero, igualdad para mujeres y\nhombres\u00bb. Eso hace que tengamos en cada territorio un grupo de personas\npreparadas sobre temas de g\u00e9nero, igualdad, no discriminaci\u00f3n, lo cual incluye\ntodo lo relacionado con los derechos sexuales, la orientaci\u00f3n sexual e\nidentidad de g\u00e9nero\u00bb, se\u00f1al\u00f3.<\/p>\n\n\n\n<p class=\"wp-block-paragraph\"><br>\nLa coordinaci\u00f3n regional del oriente cubano de ese proyecto se encuentra en\nSantiago de Cuba, \u00abuna ciudad grande, con una poblaci\u00f3n diversa y\ncompleja, al igual que la capital, por lo cual es uno de los territorios donde\nprimero deb\u00eda estar el servicio\u00bb, consider\u00f3 la jurista.<\/p>\n\n\n\n<p class=\"wp-block-paragraph\"><br>\nV\u00e1zquez Seijido afirm\u00f3 que \u00abestos nuevos espacios no suplantan ni\nsustituyen los mecanismos que ya existen en la sociedad cubana para la\nformulaci\u00f3n de denuncias relativas al reconocimiento o reivindicaci\u00f3n de\nderechos sexuales, como la Fiscal\u00eda General o las oficinas de atenci\u00f3n a la\npoblaci\u00f3n de los Organismos de la Administraci\u00f3n Central del Estado. Es otro\nescenario m\u00e1s para la defensa de los derechos\u00bb, sostuvo.<\/p>\n\n\n\n<p class=\"wp-block-paragraph\"><br>\n\u00abPretenden fortalecer la cultura jur\u00eddica de las personas y que conozcan\ncu\u00e1les son los espacios correspondientes para denunciar\u00bb, remarc\u00f3 por su\nparte&nbsp;<a href=\"https:\/\/www.facebook.com\/profile.php?id=100017932567130\" target=\"_blank\" rel=\"noreferrer noopener\">Ivon Cala\u00f1a P\u00e9rez<\/a>, jefa del departamento de Asesor\u00eda\njur\u00eddico y de relaciones internacionales del Cenesex.<\/p>\n\n\n\n<p class=\"wp-block-paragraph\"><br>\n\u00abEn paralelo, en la mayor\u00eda de los casos se efect\u00faan derivaciones hacia\nlas instituciones competentes, solicitando la valoraci\u00f3n de la problem\u00e1tica con\nun enfoque de g\u00e9nero y de derechos humanos. La gesti\u00f3n de nuestro servicio\nconstituye una v\u00eda para fortalecer las capacidades en el ejercicio de la\nciudadan\u00eda, en sinton\u00eda con la vigente Constituci\u00f3n, que salvaguarda en varios\nart\u00edculos el derecho de las personas a reclamar sus derechos y el de las\ninstituciones a atender esas reclamaciones, sobre la base a los principios de\njusticia social, equidad y dignidad humana\u00bb, ampli\u00f3 la experta.<\/p>\n\n\n\n<p class=\"wp-block-paragraph\"><br>\nEl servicio de asistencia jur\u00eddica no est\u00e1 dise\u00f1ado solo para la comunidad\nLGBTI, puntualiz\u00f3 el subdirector del Cenesex, sino para atender cualquier\nvulneraci\u00f3n a los derechos sexuales, que s\u00ed tiene un impacto importante en los\ngrupos y personas de esta comunidad.<\/p>\n\n\n\n<p class=\"wp-block-paragraph\"><br>\n<a href=\"https:\/\/www.facebook.com\/isel.calzadilla.1\/posts\/373672093567820\" target=\"_blank\" rel=\"noreferrer noopener\">Isel Calzadilla<\/a>, coordinadora del<a href=\"http:\/\/www.redsemlac-cuba.net\/diversidad-sexual\/las-isabelas-alianza-para-ser-m%C3%A1s-felices.html\" target=\"_blank\" rel=\"noreferrer noopener\">&nbsp;grupo Las Isabelas<\/a>, de la&nbsp;<a href=\"http:\/\/www.redsemlac-cuba.net\/diversidad-sexual\/mujeres-lesbianas-y-bisexuales-fortalecen-su-activismo.html\" target=\"_blank\" rel=\"noreferrer noopener\">Red de Mujeres Lesbianas y Bisexuales<\/a>&nbsp;en Santiago de\nCuba, dijo a SEMlac que este es un paso fundamental para el acompa\u00f1amiento a la\npoblaci\u00f3n LGBTI, que hasta entonces solo contaba con la asesor\u00eda en la capital,\ny con frecuencia ve vulnerados sus derechos ante la homofobia y la\ndiscriminaci\u00f3n.<\/p>\n\n\n\n<p class=\"wp-block-paragraph\"><br>\nSe\u00f1al\u00f3 que este espacio complementa otros esfuerzos, como la consejer\u00eda para\nmujeres v\u00edctimas de violencias, que auspiciada por el centro \u00d3scar Arnulfo\nRomero comenz\u00f3 a funcionar recientemente en el Memorial Vilma Esp\u00edn, de esa\nciudad, todos los martes, con especialistas capacitadas para tal empe\u00f1o.<br>\n\u00abDesde hace m\u00e1s de una d\u00e9cada el Cenesex brinda a todas las personas la\noportunidad de acceder al servicio de orientaci\u00f3n jur\u00eddica ante vulneraciones\nde derechos sexuales\u00bb, precis\u00f3 Cala\u00f1a P\u00e9rez.<\/p>\n\n\n\n<p class=\"wp-block-paragraph\">Explic\u00f3\nque ese servicio tiene caracter\u00edsticas propias que lo distingue de otros\nservicios jur\u00eddicos del pa\u00eds, dada su especializaci\u00f3n en los derechos sexuales\ny en la atenci\u00f3n y acompa\u00f1amiento a personas que son v\u00edctimas de violencia de\ng\u00e9nero, menores v\u00edctimas de abuso sexual y personas discriminadas por su\norientaci\u00f3n sexual o identidad de g\u00e9nero.<\/p>\n\n\n\n<p class=\"wp-block-paragraph\"><br>\n\u00abSe trata de aspectos que generan una alta demanda en la poblaci\u00f3n, lo\ncual se evidencia en la atenci\u00f3n a miles de personas de toda la naci\u00f3n, mediante\nservicios presenciales y por correspondencia postal y electr\u00f3nica\u00bb,\ncoment\u00f3.<\/p>\n\n\n\n<p class=\"wp-block-paragraph\"><br>\nLa especialista insisti\u00f3 en que este servicio cient\u00edfico asistencial permite\nadem\u00e1s la tributaci\u00f3n de informaci\u00f3n a las l\u00edneas de investigaci\u00f3n cient\u00edfica\ndel Cenesex.<\/p>\n\n\n\n<p class=\"wp-block-paragraph\">SEM-SEMlac<\/p>\n","protected":false},"excerpt":{"rendered":"<p>Ubican servicios en las provincias de Santiago de Cuba y Sancti Sp\u00edritus<\/p>\n","protected":false},"author":3,"featured_media":12127,"comment_status":"open","ping_status":"open","sticky":false,"template":"","format":"standard","meta":{"_monsterinsights_skip_tracking":false,"footnotes":""},"categories":[690,53],"tags":[],"class_list":["post-12126","post","type-post","status-publish","format-standard","has-post-thumbnail","category-690","category-internacional"],"_links":{"self":[{"href":"https:\/\/redsemlac.com\/semmexico\/wp-json\/wp\/v2\/posts\/12126","targetHints":{"allow":["GET"]}}],"collection":[{"href":"https:\/\/redsemlac.com\/semmexico\/wp-json\/wp\/v2\/posts"}],"about":[{"href":"https:\/\/redsemlac.com\/semmexico\/wp-json\/wp\/v2\/types\/post"}],"author":[{"embeddable":true,"href":"https:\/\/redsemlac.com\/semmexico\/wp-json\/wp\/v2\/users\/3"}],"replies":[{"embeddable":true,"href":"https:\/\/redsemlac.com\/semmexico\/wp-json\/wp\/v2\/comments?post=12126"}],"version-history":[{"count":0,"href":"https:\/\/redsemlac.com\/semmexico\/wp-json\/wp\/v2\/posts\/12126\/revisions"}],"wp:featuredmedia":[{"embeddable":true,"href":"https:\/\/redsemlac.com\/semmexico\/wp-json\/wp\/v2\/media\/12127"}],"wp:attachment":[{"href":"https:\/\/redsemlac.com\/semmexico\/wp-json\/wp\/v2\/media?parent=12126"}],"wp:term":[{"taxonomy":"category","embeddable":true,"href":"https:\/\/redsemlac.com\/semmexico\/wp-json\/wp\/v2\/categories?post=12126"},{"taxonomy":"post_tag","embeddable":true,"href":"https:\/\/redsemlac.com\/semmexico\/wp-json\/wp\/v2\/tags?post=12126"}],"curies":[{"name":"wp","href":"https:\/\/api.w.org\/{rel}","templated":true}]}}