{"id":12107,"date":"2019-09-23T17:37:14","date_gmt":"2019-09-23T17:37:14","guid":{"rendered":"https:\/\/redsemlac.com\/semmexico\/?p=12107"},"modified":"2023-07-21T15:11:37","modified_gmt":"2023-07-21T20:11:37","slug":"yucatan-4","status":"publish","type":"post","link":"https:\/\/redsemlac.com\/semmexico\/yucatan-4\/","title":{"rendered":"La votaci\u00f3n sobre el matrimonio igualitario debe ser abierta, dice Mauricio Vila"},"content":{"rendered":"\n<p class=\"wp-block-paragraph\"><strong>Iv\u00e1n Canul<\/strong><\/p>\n\n\n\n<p class=\"wp-block-paragraph\">SemM\u00e9xico\/Diario de Yucat\u00e1n.com.mx. M\u00e9rida Yucat\u00e1n. 23 de septiembre 2019.- El gobernador Mauricio Vila Dosal opin\u00f3 sobre la votaci\u00f3n del matrimonio igualitario, tema que se abord\u00f3 reiteradamente en la 17a. Cumbre de Premios Nobel de la Paz, en M\u00e9rida.<\/p>\n\n\n\n<p class=\"wp-block-paragraph\">Tras el evento, afirm\u00f3, a muchos se les abri\u00f3 el panorama al\nescuchar a grandes l\u00edderes del mundo que opinaron o compartieron sus ejemplos\nde lucha.<\/p>\n\n\n\n<p class=\"wp-block-paragraph\">&nbsp;\u201cA veces pecamos al\npensar muy en lo local y dejamos de ver esto en el gran plano, pero platicar\ncon esta gente te abre el panorama, cambia las perspectivas, se ve mucho m\u00e1s\nall\u00e1 de lo que tenemos enfrente, y eso es algo que nos ayudar\u00e1 a los\nyucatecos\u201d.<\/p>\n\n\n\n<p class=\"wp-block-paragraph\">Sobre el matrimonio igualitario, se\u00f1al\u00f3: \u201cSiempre he sido\nrespetuoso. Si te das cuenta opino poco sobre estos temas porque como\ngobernantes tenemos que respetar la divisi\u00f3n de poderes (Ejecutivo, Legislativo\ny Judicial)\u201d.<\/p>\n\n\n\n<p class=\"wp-block-paragraph\">&nbsp;\u201cEl Congreso ha\ntomado decisiones, ha votado este tema en dos ocasiones y como gobernador lo\nque me toca hacer es respetar la ley. El exhorto que har\u00eda es, si este tema se\nvolviera a votar y seguro que se har\u00e1 en alg\u00fan momento, que las votaciones sean\nabiertas, que los ciudadanos puedan saber cu\u00e1l es el sentido del voto de cada\nuno de sus diputados\u201d.<\/p>\n\n\n\n<p class=\"wp-block-paragraph\">\u00a0\u201cNosotros siempre vamos a hacer lo que marca la ley, como gobernantes no tenemos margen de maniobra de si queremos o no respetar la ley, es nuestra obligaci\u00f3n respetarla, y el d\u00eda que la ley tenga un sentido diferente al de hoy, igual estaremos respetando\u201d.<\/p>\n\n\n\n<p class=\"wp-block-paragraph\"> SEM\/Diario de Yucat\u00e1n.<\/p>\n","protected":false},"excerpt":{"rendered":"<p>El Congreso ha tomado decisiones, ha votado este tema en dos ocasiones y como gobernador lo que me toca hacer es respetar la ley. <\/p>\n","protected":false},"author":3,"featured_media":12108,"comment_status":"open","ping_status":"open","sticky":false,"template":"","format":"standard","meta":{"_monsterinsights_skip_tracking":false,"footnotes":""},"categories":[690,51],"tags":[],"class_list":["post-12107","post","type-post","status-publish","format-standard","has-post-thumbnail","category-690","category-ejecutivo"],"_links":{"self":[{"href":"https:\/\/redsemlac.com\/semmexico\/wp-json\/wp\/v2\/posts\/12107","targetHints":{"allow":["GET"]}}],"collection":[{"href":"https:\/\/redsemlac.com\/semmexico\/wp-json\/wp\/v2\/posts"}],"about":[{"href":"https:\/\/redsemlac.com\/semmexico\/wp-json\/wp\/v2\/types\/post"}],"author":[{"embeddable":true,"href":"https:\/\/redsemlac.com\/semmexico\/wp-json\/wp\/v2\/users\/3"}],"replies":[{"embeddable":true,"href":"https:\/\/redsemlac.com\/semmexico\/wp-json\/wp\/v2\/comments?post=12107"}],"version-history":[{"count":0,"href":"https:\/\/redsemlac.com\/semmexico\/wp-json\/wp\/v2\/posts\/12107\/revisions"}],"wp:featuredmedia":[{"embeddable":true,"href":"https:\/\/redsemlac.com\/semmexico\/wp-json\/wp\/v2\/media\/12108"}],"wp:attachment":[{"href":"https:\/\/redsemlac.com\/semmexico\/wp-json\/wp\/v2\/media?parent=12107"}],"wp:term":[{"taxonomy":"category","embeddable":true,"href":"https:\/\/redsemlac.com\/semmexico\/wp-json\/wp\/v2\/categories?post=12107"},{"taxonomy":"post_tag","embeddable":true,"href":"https:\/\/redsemlac.com\/semmexico\/wp-json\/wp\/v2\/tags?post=12107"}],"curies":[{"name":"wp","href":"https:\/\/api.w.org\/{rel}","templated":true}]}}